{"id":17641,"date":"2017-05-30T05:07:43","date_gmt":"2017-05-30T05:07:43","guid":{"rendered":"http:\/\/enteculturalsantafesino.com.ar\/usina2\/?p=17641"},"modified":"2017-05-30T05:08:19","modified_gmt":"2017-05-30T05:08:19","slug":"ataliva-y-esperanza-reciben-el-ciclo-historias-de-poetas-santafesinos","status":"publish","type":"post","link":"http:\/\/enteculturalsantafesino.com.ar\/usina2\/2017\/05\/ataliva-y-esperanza-reciben-el-ciclo-historias-de-poetas-santafesinos\/","title":{"rendered":"Ataliva y Esperanza reciben el ciclo \u00abHistorias de Poetas Santafesinos\u00bb"},"content":{"rendered":"<p>Este<strong> martes 30<\/strong> y el <strong>mi\u00e9rcoles 31<\/strong> llega a las localidades de <strong>Ataliva<\/strong> y <strong>Esperanza<\/strong> la poeta rosarina <strong>Beatriz Vignoli.<\/strong><\/p>\n<p>A trav\u00e9s del auspicio de la <strong>Diputada Provincial Claudia Giaccone <\/strong>y del <strong>Ente Cultural Santafesino<\/strong>\u00a0el ciclo denominado:<b>\u00a0<\/b><strong>\u201cHistorias de Poetas Santafesinos\u201d<\/strong> sigue recorriendo, las distintas Bibliotecas Populares de la provincia de Santa Fe, con el objetivo de promover a la \u201cpoes\u00eda\u201d y sus protagonistas.<\/p>\n<p>El ciclo se presentar\u00e1 durante el <strong>martes 30<\/strong> en la <strong>Biblioteca Popular Sarmiento de Ataliva<\/strong> y el <strong>mi\u00e9rcoles 31 <\/strong>en la<strong> Biblioteca Municipal Francisco Soutomayor<\/strong> de la ciudad de <strong>Esperanza<\/strong>; ambas presentaciones ser\u00e1n a las <strong>19hs.<\/strong><\/p>\n<p><strong> Vignoli<\/strong>, es escritora y cr\u00edtica de arte. Colabora en la secci\u00f3n Cultura de Rosario\/12 (P\u00e1gina\/12) como cr\u00edtica de Pl\u00e1stica y Literatura. En poes\u00eda public\u00f3, entre otros, los libros Almagro (EMR, 2000), Viernes (Bajo la Luna, 2001), Soliloquios (Huesos de Jibia, Buenos Aires, 2007), Bengala (Bajo la Luna, 2009), Lo gris en el canto de las hojas (Baltasara Editora, Rosario, 2014) y \u00c1rbol solo (Iv\u00e1n Rosado, 2017). La editorial Bajo la Luna est\u00e1 preparando la edici\u00f3n de su poes\u00eda reunida.<\/p>\n<p>Dicha propuesta se encuentra coordinada por el casildense\u00a0<strong>Yamil Dora <\/strong>y cuenta entre sus objetivos, <em>llevar a las Bibliotecas Populares del interior provincial a poetas consagrados nacidos en territorio santafesino para que cuenten la historia de su desarrollo como poeta, interactuando con escritores y lectores de la regi\u00f3n y reconociendo\u00a0a nuestros poetas difundiendo\u00a0su obra.<\/em><\/p>\n","protected":false},"excerpt":{"rendered":"<p>Este martes 30 y el mi\u00e9rcoles 31 llega a las localidades de Ataliva y Esperanza la poeta [&hellip;]<\/p>\n","protected":false},"author":3,"featured_media":17642,"comment_status":"closed","ping_status":"closed","sticky":false,"template":"","format":"standard","meta":{"_jetpack_memberships_contains_paid_content":false,"footnotes":"","jetpack_publicize_message":"","jetpack_publicize_feature_enabled":true,"jetpack_social_post_already_shared":true,"jetpack_social_options":{"image_generator_settings":{"template":"highway","enabled":false}}},"categories":[42,33,28],"tags":[],"jetpack_publicize_connections":[],"jetpack_featured_media_url":"http:\/\/enteculturalsantafesino.com.ar\/usina2\/wp-content\/uploads\/2017\/05\/18492176_1354557754635238_166191949_n.jpg","jetpack_sharing_enabled":true,"_links":{"self":[{"href":"http:\/\/enteculturalsantafesino.com.ar\/usina2\/wp-json\/wp\/v2\/posts\/17641"}],"collection":[{"href":"http:\/\/enteculturalsantafesino.com.ar\/usina2\/wp-json\/wp\/v2\/posts"}],"about":[{"href":"http:\/\/enteculturalsantafesino.com.ar\/usina2\/wp-json\/wp\/v2\/types\/post"}],"author":[{"embeddable":true,"href":"http:\/\/enteculturalsantafesino.com.ar\/usina2\/wp-json\/wp\/v2\/users\/3"}],"replies":[{"embeddable":true,"href":"http:\/\/enteculturalsantafesino.com.ar\/usina2\/wp-json\/wp\/v2\/comments?post=17641"}],"version-history":[{"count":1,"href":"http:\/\/enteculturalsantafesino.com.ar\/usina2\/wp-json\/wp\/v2\/posts\/17641\/revisions"}],"predecessor-version":[{"id":17643,"href":"http:\/\/enteculturalsantafesino.com.ar\/usina2\/wp-json\/wp\/v2\/posts\/17641\/revisions\/17643"}],"wp:featuredmedia":[{"embeddable":true,"href":"http:\/\/enteculturalsantafesino.com.ar\/usina2\/wp-json\/wp\/v2\/media\/17642"}],"wp:attachment":[{"href":"http:\/\/enteculturalsantafesino.com.ar\/usina2\/wp-json\/wp\/v2\/media?parent=17641"}],"wp:term":[{"taxonomy":"category","embeddable":true,"href":"http:\/\/enteculturalsantafesino.com.ar\/usina2\/wp-json\/wp\/v2\/categories?post=17641"},{"taxonomy":"post_tag","embeddable":true,"href":"http:\/\/enteculturalsantafesino.com.ar\/usina2\/wp-json\/wp\/v2\/tags?post=17641"}],"curies":[{"name":"wp","href":"https:\/\/api.w.org\/{rel}","templated":true}]}}