{"id":17644,"date":"2017-05-31T22:52:19","date_gmt":"2017-05-31T22:52:19","guid":{"rendered":"http:\/\/enteculturalsantafesino.com.ar\/usina2\/?p=17644"},"modified":"2017-05-31T22:52:19","modified_gmt":"2017-05-31T22:52:19","slug":"ataliva-albergo-al-ciclo-de-historias-de-poetas-santafesinos","status":"publish","type":"post","link":"http:\/\/enteculturalsantafesino.com.ar\/usina2\/2017\/05\/ataliva-albergo-al-ciclo-de-historias-de-poetas-santafesinos\/","title":{"rendered":"Ataliva alberg\u00f3 al ciclo de \u00abHistorias de Poetas Santafesinos\u00bb"},"content":{"rendered":"\n\t\t<style type=\"text\/css\">\n\t\t\t#gallery-1 {\n\t\t\t\tmargin: auto;\n\t\t\t}\n\t\t\t#gallery-1 .gallery-item {\n\t\t\t\tfloat: left;\n\t\t\t\tmargin-top: 10px;\n\t\t\t\ttext-align: center;\n\t\t\t\twidth: 16%;\n\t\t\t}\n\t\t\t#gallery-1 img {\n\t\t\t\tborder: 2px solid #cfcfcf;\n\t\t\t}\n\t\t\t#gallery-1 .gallery-caption {\n\t\t\t\tmargin-left: 0;\n\t\t\t}\n\t\t\t\/* see gallery_shortcode() in wp-includes\/media.php *\/\n\t\t<\/style>\n\t\t<div id='gallery-1' class='gallery galleryid-17644 gallery-columns-6 gallery-size-thumbnail'><dl class='gallery-item'>\n\t\t\t<dt class='gallery-icon landscape'>\n\t\t\t\t<a href='http:\/\/enteculturalsantafesino.com.ar\/usina2\/2017\/05\/ataliva-albergo-al-ciclo-de-historias-de-poetas-santafesinos\/img_4360\/'><img loading=\"lazy\" decoding=\"async\" width=\"150\" height=\"150\" src=\"http:\/\/enteculturalsantafesino.com.ar\/usina2\/wp-content\/uploads\/2017\/05\/IMG_4360-150x150.jpg\" class=\"attachment-thumbnail size-thumbnail\" alt=\"\" srcset=\"http:\/\/enteculturalsantafesino.com.ar\/usina2\/wp-content\/uploads\/2017\/05\/IMG_4360-150x150.jpg 150w, http:\/\/enteculturalsantafesino.com.ar\/usina2\/wp-content\/uploads\/2017\/05\/IMG_4360-53x53.jpg 53w\" sizes=\"(max-width: 150px) 100vw, 150px\" \/><\/a>\n\t\t\t<\/dt><\/dl><dl class='gallery-item'>\n\t\t\t<dt class='gallery-icon landscape'>\n\t\t\t\t<a href='http:\/\/enteculturalsantafesino.com.ar\/usina2\/2017\/05\/ataliva-albergo-al-ciclo-de-historias-de-poetas-santafesinos\/img_4409\/'><img loading=\"lazy\" decoding=\"async\" width=\"150\" height=\"150\" src=\"http:\/\/enteculturalsantafesino.com.ar\/usina2\/wp-content\/uploads\/2017\/05\/IMG_4409-150x150.jpg\" class=\"attachment-thumbnail size-thumbnail\" alt=\"\" srcset=\"http:\/\/enteculturalsantafesino.com.ar\/usina2\/wp-content\/uploads\/2017\/05\/IMG_4409-150x150.jpg 150w, http:\/\/enteculturalsantafesino.com.ar\/usina2\/wp-content\/uploads\/2017\/05\/IMG_4409-53x53.jpg 53w\" sizes=\"(max-width: 150px) 100vw, 150px\" \/><\/a>\n\t\t\t<\/dt><\/dl><dl class='gallery-item'>\n\t\t\t<dt class='gallery-icon landscape'>\n\t\t\t\t<a href='http:\/\/enteculturalsantafesino.com.ar\/usina2\/2017\/05\/ataliva-albergo-al-ciclo-de-historias-de-poetas-santafesinos\/img_4405\/'><img loading=\"lazy\" decoding=\"async\" width=\"150\" height=\"150\" src=\"http:\/\/enteculturalsantafesino.com.ar\/usina2\/wp-content\/uploads\/2017\/05\/IMG_4405-150x150.jpg\" class=\"attachment-thumbnail size-thumbnail\" alt=\"\" srcset=\"http:\/\/enteculturalsantafesino.com.ar\/usina2\/wp-content\/uploads\/2017\/05\/IMG_4405-150x150.jpg 150w, http:\/\/enteculturalsantafesino.com.ar\/usina2\/wp-content\/uploads\/2017\/05\/IMG_4405-53x53.jpg 53w\" sizes=\"(max-width: 150px) 100vw, 150px\" \/><\/a>\n\t\t\t<\/dt><\/dl><dl class='gallery-item'>\n\t\t\t<dt class='gallery-icon landscape'>\n\t\t\t\t<a href='http:\/\/enteculturalsantafesino.com.ar\/usina2\/2017\/05\/ataliva-albergo-al-ciclo-de-historias-de-poetas-santafesinos\/img_4401\/'><img loading=\"lazy\" decoding=\"async\" width=\"150\" height=\"150\" src=\"http:\/\/enteculturalsantafesino.com.ar\/usina2\/wp-content\/uploads\/2017\/05\/IMG_4401-150x150.jpg\" class=\"attachment-thumbnail size-thumbnail\" alt=\"\" srcset=\"http:\/\/enteculturalsantafesino.com.ar\/usina2\/wp-content\/uploads\/2017\/05\/IMG_4401-150x150.jpg 150w, http:\/\/enteculturalsantafesino.com.ar\/usina2\/wp-content\/uploads\/2017\/05\/IMG_4401-53x53.jpg 53w\" sizes=\"(max-width: 150px) 100vw, 150px\" \/><\/a>\n\t\t\t<\/dt><\/dl><dl class='gallery-item'>\n\t\t\t<dt class='gallery-icon landscape'>\n\t\t\t\t<a href='http:\/\/enteculturalsantafesino.com.ar\/usina2\/2017\/05\/ataliva-albergo-al-ciclo-de-historias-de-poetas-santafesinos\/img_4393\/'><img loading=\"lazy\" decoding=\"async\" width=\"150\" height=\"150\" src=\"http:\/\/enteculturalsantafesino.com.ar\/usina2\/wp-content\/uploads\/2017\/05\/IMG_4393-150x150.jpg\" class=\"attachment-thumbnail size-thumbnail\" alt=\"\" srcset=\"http:\/\/enteculturalsantafesino.com.ar\/usina2\/wp-content\/uploads\/2017\/05\/IMG_4393-150x150.jpg 150w, http:\/\/enteculturalsantafesino.com.ar\/usina2\/wp-content\/uploads\/2017\/05\/IMG_4393-53x53.jpg 53w\" sizes=\"(max-width: 150px) 100vw, 150px\" \/><\/a>\n\t\t\t<\/dt><\/dl><dl class='gallery-item'>\n\t\t\t<dt class='gallery-icon landscape'>\n\t\t\t\t<a href='http:\/\/enteculturalsantafesino.com.ar\/usina2\/2017\/05\/ataliva-albergo-al-ciclo-de-historias-de-poetas-santafesinos\/img_4381\/'><img loading=\"lazy\" decoding=\"async\" width=\"150\" height=\"150\" src=\"http:\/\/enteculturalsantafesino.com.ar\/usina2\/wp-content\/uploads\/2017\/05\/IMG_4381-150x150.jpg\" class=\"attachment-thumbnail size-thumbnail\" alt=\"\" srcset=\"http:\/\/enteculturalsantafesino.com.ar\/usina2\/wp-content\/uploads\/2017\/05\/IMG_4381-150x150.jpg 150w, http:\/\/enteculturalsantafesino.com.ar\/usina2\/wp-content\/uploads\/2017\/05\/IMG_4381-53x53.jpg 53w\" sizes=\"(max-width: 150px) 100vw, 150px\" \/><\/a>\n\t\t\t<\/dt><\/dl><br style=\"clear: both\" \/><dl class='gallery-item'>\n\t\t\t<dt class='gallery-icon landscape'>\n\t\t\t\t<a href='http:\/\/enteculturalsantafesino.com.ar\/usina2\/2017\/05\/ataliva-albergo-al-ciclo-de-historias-de-poetas-santafesinos\/img_4364\/'><img loading=\"lazy\" decoding=\"async\" width=\"150\" height=\"150\" src=\"http:\/\/enteculturalsantafesino.com.ar\/usina2\/wp-content\/uploads\/2017\/05\/IMG_4364-150x150.jpg\" class=\"attachment-thumbnail size-thumbnail\" alt=\"\" srcset=\"http:\/\/enteculturalsantafesino.com.ar\/usina2\/wp-content\/uploads\/2017\/05\/IMG_4364-150x150.jpg 150w, http:\/\/enteculturalsantafesino.com.ar\/usina2\/wp-content\/uploads\/2017\/05\/IMG_4364-53x53.jpg 53w\" sizes=\"(max-width: 150px) 100vw, 150px\" \/><\/a>\n\t\t\t<\/dt><\/dl><dl class='gallery-item'>\n\t\t\t<dt class='gallery-icon landscape'>\n\t\t\t\t<a href='http:\/\/enteculturalsantafesino.com.ar\/usina2\/2017\/05\/ataliva-albergo-al-ciclo-de-historias-de-poetas-santafesinos\/img_4352\/'><img loading=\"lazy\" decoding=\"async\" width=\"150\" height=\"150\" src=\"http:\/\/enteculturalsantafesino.com.ar\/usina2\/wp-content\/uploads\/2017\/05\/IMG_4352-150x150.jpg\" class=\"attachment-thumbnail size-thumbnail\" alt=\"\" srcset=\"http:\/\/enteculturalsantafesino.com.ar\/usina2\/wp-content\/uploads\/2017\/05\/IMG_4352-150x150.jpg 150w, http:\/\/enteculturalsantafesino.com.ar\/usina2\/wp-content\/uploads\/2017\/05\/IMG_4352-53x53.jpg 53w\" sizes=\"(max-width: 150px) 100vw, 150px\" \/><\/a>\n\t\t\t<\/dt><\/dl><dl class='gallery-item'>\n\t\t\t<dt class='gallery-icon landscape'>\n\t\t\t\t<a href='http:\/\/enteculturalsantafesino.com.ar\/usina2\/2017\/05\/ataliva-albergo-al-ciclo-de-historias-de-poetas-santafesinos\/img_4348\/'><img loading=\"lazy\" decoding=\"async\" width=\"150\" height=\"150\" src=\"http:\/\/enteculturalsantafesino.com.ar\/usina2\/wp-content\/uploads\/2017\/05\/IMG_4348-150x150.jpg\" class=\"attachment-thumbnail size-thumbnail\" alt=\"\" srcset=\"http:\/\/enteculturalsantafesino.com.ar\/usina2\/wp-content\/uploads\/2017\/05\/IMG_4348-150x150.jpg 150w, http:\/\/enteculturalsantafesino.com.ar\/usina2\/wp-content\/uploads\/2017\/05\/IMG_4348-53x53.jpg 53w\" sizes=\"(max-width: 150px) 100vw, 150px\" \/><\/a>\n\t\t\t<\/dt><\/dl><dl class='gallery-item'>\n\t\t\t<dt class='gallery-icon landscape'>\n\t\t\t\t<a href='http:\/\/enteculturalsantafesino.com.ar\/usina2\/2017\/05\/ataliva-albergo-al-ciclo-de-historias-de-poetas-santafesinos\/img_4339\/'><img loading=\"lazy\" decoding=\"async\" width=\"150\" height=\"150\" src=\"http:\/\/enteculturalsantafesino.com.ar\/usina2\/wp-content\/uploads\/2017\/05\/IMG_4339-150x150.jpg\" class=\"attachment-thumbnail size-thumbnail\" alt=\"\" srcset=\"http:\/\/enteculturalsantafesino.com.ar\/usina2\/wp-content\/uploads\/2017\/05\/IMG_4339-150x150.jpg 150w, http:\/\/enteculturalsantafesino.com.ar\/usina2\/wp-content\/uploads\/2017\/05\/IMG_4339-53x53.jpg 53w\" sizes=\"(max-width: 150px) 100vw, 150px\" \/><\/a>\n\t\t\t<\/dt><\/dl><dl class='gallery-item'>\n\t\t\t<dt class='gallery-icon landscape'>\n\t\t\t\t<a href='http:\/\/enteculturalsantafesino.com.ar\/usina2\/2017\/05\/ataliva-albergo-al-ciclo-de-historias-de-poetas-santafesinos\/img_4331\/'><img loading=\"lazy\" decoding=\"async\" width=\"150\" height=\"150\" src=\"http:\/\/enteculturalsantafesino.com.ar\/usina2\/wp-content\/uploads\/2017\/05\/IMG_4331-150x150.jpg\" class=\"attachment-thumbnail size-thumbnail\" alt=\"\" srcset=\"http:\/\/enteculturalsantafesino.com.ar\/usina2\/wp-content\/uploads\/2017\/05\/IMG_4331-150x150.jpg 150w, http:\/\/enteculturalsantafesino.com.ar\/usina2\/wp-content\/uploads\/2017\/05\/IMG_4331-53x53.jpg 53w\" sizes=\"(max-width: 150px) 100vw, 150px\" \/><\/a>\n\t\t\t<\/dt><\/dl><dl class='gallery-item'>\n\t\t\t<dt class='gallery-icon landscape'>\n\t\t\t\t<a href='http:\/\/enteculturalsantafesino.com.ar\/usina2\/2017\/05\/ataliva-albergo-al-ciclo-de-historias-de-poetas-santafesinos\/img_4329\/'><img loading=\"lazy\" decoding=\"async\" width=\"150\" height=\"150\" src=\"http:\/\/enteculturalsantafesino.com.ar\/usina2\/wp-content\/uploads\/2017\/05\/IMG_4329-150x150.jpg\" class=\"attachment-thumbnail size-thumbnail\" alt=\"\" srcset=\"http:\/\/enteculturalsantafesino.com.ar\/usina2\/wp-content\/uploads\/2017\/05\/IMG_4329-150x150.jpg 150w, http:\/\/enteculturalsantafesino.com.ar\/usina2\/wp-content\/uploads\/2017\/05\/IMG_4329-53x53.jpg 53w\" sizes=\"(max-width: 150px) 100vw, 150px\" \/><\/a>\n\t\t\t<\/dt><\/dl><br style=\"clear: both\" \/>\n\t\t<\/div>\n\n<p>A trav\u00e9s del auspicio de la\u00a0<strong>Diputada Provincial Claudia Giaccone<\/strong>\u00a0y del\u00a0<strong>Ente Cultural Santafesino<\/strong>\u00a0el ciclo denominado:\u00a0<strong>\u201cHistorias de Poetas Santafesinos\u201d\u00a0<\/strong>sigue recorriendo, las distintas Bibliotecas Populares de la provincia de Santa Fe, con el objetivo de promover a la \u201cpoes\u00eda\u201d y sus protagonistas.<\/p>\n<p>El mismo se realiz\u00f3 <strong>este martes 30 en la\u00a0Biblioteca Popular Sarmiento<\/strong> de <strong>Ataliva,<\/strong> con la participaci\u00f3n como <strong>invitada de la poeta r<\/strong><strong>osarina\u00a0Beatriz Vignoli.<\/strong><\/p>\n<p>El evento, coordinado por <strong>Yamil Dora<\/strong>, cont\u00f3 con la presencia del <strong>Presidente Comunal Fabio S\u00e1nchez<\/strong>, su <strong>Secretario de Cultura Marcelo Bergese<\/strong>, la <em>diputada Claudia Giaccone, el taller literario de la Biblio y p\u00fablico.<\/em><\/p>\n<p><strong>\u201c\u201cHistorias de Poetas Santafesinos\u201d\u00a0<\/strong>lleva a las Bibliotecas Populares del interior provincial a escritores consagrados nacidos en territorio santafesino para que cuenten la historia de su desarrollo el arte de las letras, interactuando con poetas y lectores de la regi\u00f3n, a la vez que se reconoce a los invitados difundiendo\u00a0su obra.<\/p>\n<p><strong><u>Beatriz Vignoli<\/u><\/strong><strong>,<\/strong> es escritora y cr\u00edtica de arte. Colabora en la secci\u00f3n Cultura de Rosario\/12 (P\u00e1gina\/12) como cr\u00edtica de Pl\u00e1stica y Literatura. En poes\u00eda public\u00f3, entre otros, los libros Almagro (EMR, 2000), Viernes (Bajo la Luna, 2001), Soliloquios (Huesos de Jibia, Buenos Aires, 2007), Bengala (Bajo la Luna, 2009), Lo gris en el canto de las hojas (Baltasara Editora, Rosario, 2014) y \u00c1rbol solo (Iv\u00e1n Rosado, 2017). La editorial Bajo la Luna est\u00e1 preparando la edici\u00f3n de su poes\u00eda reunida.<\/p>\n","protected":false},"excerpt":{"rendered":"<p>A trav\u00e9s del auspicio de la\u00a0Diputada Provincial Claudia Giaccone\u00a0y del\u00a0Ente Cultural Santafesino\u00a0el ciclo denominado:\u00a0\u201cHistorias de Poetas Santafesinos\u201d\u00a0sigue [&hellip;]<\/p>\n","protected":false},"author":3,"featured_media":17651,"comment_status":"closed","ping_status":"closed","sticky":false,"template":"","format":"standard","meta":{"_jetpack_memberships_contains_paid_content":false,"footnotes":"","jetpack_publicize_message":"","jetpack_publicize_feature_enabled":true,"jetpack_social_post_already_shared":true,"jetpack_social_options":{"image_generator_settings":{"template":"highway","enabled":false}}},"categories":[42,28],"tags":[],"jetpack_publicize_connections":[],"jetpack_featured_media_url":"http:\/\/enteculturalsantafesino.com.ar\/usina2\/wp-content\/uploads\/2017\/05\/IMG_4364.jpg","jetpack_sharing_enabled":true,"_links":{"self":[{"href":"http:\/\/enteculturalsantafesino.com.ar\/usina2\/wp-json\/wp\/v2\/posts\/17644"}],"collection":[{"href":"http:\/\/enteculturalsantafesino.com.ar\/usina2\/wp-json\/wp\/v2\/posts"}],"about":[{"href":"http:\/\/enteculturalsantafesino.com.ar\/usina2\/wp-json\/wp\/v2\/types\/post"}],"author":[{"embeddable":true,"href":"http:\/\/enteculturalsantafesino.com.ar\/usina2\/wp-json\/wp\/v2\/users\/3"}],"replies":[{"embeddable":true,"href":"http:\/\/enteculturalsantafesino.com.ar\/usina2\/wp-json\/wp\/v2\/comments?post=17644"}],"version-history":[{"count":1,"href":"http:\/\/enteculturalsantafesino.com.ar\/usina2\/wp-json\/wp\/v2\/posts\/17644\/revisions"}],"predecessor-version":[{"id":17657,"href":"http:\/\/enteculturalsantafesino.com.ar\/usina2\/wp-json\/wp\/v2\/posts\/17644\/revisions\/17657"}],"wp:featuredmedia":[{"embeddable":true,"href":"http:\/\/enteculturalsantafesino.com.ar\/usina2\/wp-json\/wp\/v2\/media\/17651"}],"wp:attachment":[{"href":"http:\/\/enteculturalsantafesino.com.ar\/usina2\/wp-json\/wp\/v2\/media?parent=17644"}],"wp:term":[{"taxonomy":"category","embeddable":true,"href":"http:\/\/enteculturalsantafesino.com.ar\/usina2\/wp-json\/wp\/v2\/categories?post=17644"},{"taxonomy":"post_tag","embeddable":true,"href":"http:\/\/enteculturalsantafesino.com.ar\/usina2\/wp-json\/wp\/v2\/tags?post=17644"}],"curies":[{"name":"wp","href":"https:\/\/api.w.org\/{rel}","templated":true}]}}