{"id":17658,"date":"2017-06-01T00:01:48","date_gmt":"2017-06-01T00:01:48","guid":{"rendered":"http:\/\/enteculturalsantafesino.com.ar\/usina2\/?p=17658"},"modified":"2017-06-01T00:02:27","modified_gmt":"2017-06-01T00:02:27","slug":"esperanza-abrio-sus-puertas-a-la-poesia-de-las-historias-de-poetas-santafesinos","status":"publish","type":"post","link":"http:\/\/enteculturalsantafesino.com.ar\/usina2\/2017\/06\/esperanza-abrio-sus-puertas-a-la-poesia-de-las-historias-de-poetas-santafesinos\/","title":{"rendered":"Esperanza abrio sus puertas a la poesia de las \u00abHistorias de Poetas Santafesinos\u00bb"},"content":{"rendered":"\n\t\t<style type=\"text\/css\">\n\t\t\t#gallery-1 {\n\t\t\t\tmargin: auto;\n\t\t\t}\n\t\t\t#gallery-1 .gallery-item {\n\t\t\t\tfloat: left;\n\t\t\t\tmargin-top: 10px;\n\t\t\t\ttext-align: center;\n\t\t\t\twidth: 33%;\n\t\t\t}\n\t\t\t#gallery-1 img {\n\t\t\t\tborder: 2px solid #cfcfcf;\n\t\t\t}\n\t\t\t#gallery-1 .gallery-caption {\n\t\t\t\tmargin-left: 0;\n\t\t\t}\n\t\t\t\/* see gallery_shortcode() in wp-includes\/media.php *\/\n\t\t<\/style>\n\t\t<div id='gallery-1' class='gallery galleryid-17658 gallery-columns-3 gallery-size-thumbnail'><dl class='gallery-item'>\n\t\t\t<dt class='gallery-icon landscape'>\n\t\t\t\t<a href='http:\/\/enteculturalsantafesino.com.ar\/usina2\/2017\/06\/esperanza-abrio-sus-puertas-a-la-poesia-de-las-historias-de-poetas-santafesinos\/img_4538\/'><img loading=\"lazy\" decoding=\"async\" width=\"150\" height=\"150\" src=\"http:\/\/enteculturalsantafesino.com.ar\/usina2\/wp-content\/uploads\/2017\/05\/IMG_4538-150x150.jpg\" class=\"attachment-thumbnail size-thumbnail\" alt=\"\" srcset=\"http:\/\/enteculturalsantafesino.com.ar\/usina2\/wp-content\/uploads\/2017\/05\/IMG_4538-150x150.jpg 150w, http:\/\/enteculturalsantafesino.com.ar\/usina2\/wp-content\/uploads\/2017\/05\/IMG_4538-53x53.jpg 53w\" sizes=\"(max-width: 150px) 100vw, 150px\" \/><\/a>\n\t\t\t<\/dt><\/dl><dl class='gallery-item'>\n\t\t\t<dt class='gallery-icon landscape'>\n\t\t\t\t<a href='http:\/\/enteculturalsantafesino.com.ar\/usina2\/2017\/06\/esperanza-abrio-sus-puertas-a-la-poesia-de-las-historias-de-poetas-santafesinos\/img_4537\/'><img loading=\"lazy\" decoding=\"async\" width=\"150\" height=\"150\" src=\"http:\/\/enteculturalsantafesino.com.ar\/usina2\/wp-content\/uploads\/2017\/05\/IMG_4537-150x150.jpg\" class=\"attachment-thumbnail size-thumbnail\" alt=\"\" srcset=\"http:\/\/enteculturalsantafesino.com.ar\/usina2\/wp-content\/uploads\/2017\/05\/IMG_4537-150x150.jpg 150w, http:\/\/enteculturalsantafesino.com.ar\/usina2\/wp-content\/uploads\/2017\/05\/IMG_4537-53x53.jpg 53w\" sizes=\"(max-width: 150px) 100vw, 150px\" \/><\/a>\n\t\t\t<\/dt><\/dl><dl class='gallery-item'>\n\t\t\t<dt class='gallery-icon landscape'>\n\t\t\t\t<a href='http:\/\/enteculturalsantafesino.com.ar\/usina2\/2017\/06\/esperanza-abrio-sus-puertas-a-la-poesia-de-las-historias-de-poetas-santafesinos\/img_4542\/'><img loading=\"lazy\" decoding=\"async\" width=\"150\" height=\"150\" src=\"http:\/\/enteculturalsantafesino.com.ar\/usina2\/wp-content\/uploads\/2017\/05\/IMG_4542-150x150.jpg\" class=\"attachment-thumbnail size-thumbnail\" alt=\"\" srcset=\"http:\/\/enteculturalsantafesino.com.ar\/usina2\/wp-content\/uploads\/2017\/05\/IMG_4542-150x150.jpg 150w, http:\/\/enteculturalsantafesino.com.ar\/usina2\/wp-content\/uploads\/2017\/05\/IMG_4542-53x53.jpg 53w\" sizes=\"(max-width: 150px) 100vw, 150px\" \/><\/a>\n\t\t\t<\/dt><\/dl><br style=\"clear: both\" \/>\n\t\t<\/div>\n\n<p>A trav\u00e9s del auspicio de la\u00a0<strong>Diputada Provincial Claudia Giaccone<\/strong>\u00a0y del\u00a0<strong>Ente Cultural Santafesino<\/strong>\u00a0el ciclo denominado:\u00a0<strong>\u201cHistorias de Poetas Santafesinos\u201d <\/strong>lleg\u00f3 a la ciudad de <strong>Esperanza.<\/strong><\/p>\n<p>En el <strong>sala Gast\u00f3n Gori<\/strong> de la <strong>Biblioteca Municipal Francisco Soutomayor<\/strong> se present\u00f3 la poeta<\/p>\n<p>En la noche del mi\u00e9rcoles 31, el evento, coordinado por <strong>Yamil Dora<\/strong>, cont\u00f3 con la presencia del <strong>Presidente del Ente Cultural Santafesino Prof. Javier Donetti,<\/strong> la<strong> D<\/strong><strong>iputada Claudia Giaccone<\/strong><em>, y escritores locales y de la regi\u00f3n.<br \/>\n<\/em><\/p>\n<p><strong>\u201c\u201cHistorias de Poetas Santafesinos\u201d\u00a0<\/strong>lleva a las Bibliotecas Populares del interior provincial a escritores consagrados nacidos en territorio santafesino para que cuenten la historia de su desarrollo el arte de las letras, interactuando con poetas y lectores de la regi\u00f3n, a la vez que se reconoce a los invitados difundiendo\u00a0su obra.<\/p>\n<p><strong><u>Beatriz Vignoli<\/u><\/strong><strong>,<\/strong> es escritora y cr\u00edtica de arte. Colabora en la secci\u00f3n Cultura de Rosario\/12 (P\u00e1gina\/12) como cr\u00edtica de Pl\u00e1stica y Literatura. En poes\u00eda public\u00f3, entre otros, los libros Almagro (EMR, 2000), Viernes (Bajo la Luna, 2001), Soliloquios (Huesos de Jibia, Buenos Aires, 2007), Bengala (Bajo la Luna, 2009), Lo gris en el canto de las hojas (Baltasara Editora, Rosario, 2014) y \u00c1rbol solo (Iv\u00e1n Rosado, 2017). La editorial Bajo la Luna est\u00e1 preparando la edici\u00f3n de su poes\u00eda reunida.<\/p>\n","protected":false},"excerpt":{"rendered":"<p>A trav\u00e9s del auspicio de la\u00a0Diputada Provincial Claudia Giaccone\u00a0y del\u00a0Ente Cultural Santafesino\u00a0el ciclo denominado:\u00a0\u201cHistorias de Poetas Santafesinos\u201d [&hellip;]<\/p>\n","protected":false},"author":3,"featured_media":17661,"comment_status":"closed","ping_status":"closed","sticky":false,"template":"","format":"standard","meta":{"_jetpack_memberships_contains_paid_content":false,"footnotes":"","jetpack_publicize_message":"","jetpack_publicize_feature_enabled":true,"jetpack_social_post_already_shared":true,"jetpack_social_options":{"image_generator_settings":{"template":"highway","enabled":false}}},"categories":[33,28],"tags":[],"jetpack_publicize_connections":[],"jetpack_featured_media_url":"http:\/\/enteculturalsantafesino.com.ar\/usina2\/wp-content\/uploads\/2017\/05\/IMG_4538.jpg","jetpack_sharing_enabled":true,"_links":{"self":[{"href":"http:\/\/enteculturalsantafesino.com.ar\/usina2\/wp-json\/wp\/v2\/posts\/17658"}],"collection":[{"href":"http:\/\/enteculturalsantafesino.com.ar\/usina2\/wp-json\/wp\/v2\/posts"}],"about":[{"href":"http:\/\/enteculturalsantafesino.com.ar\/usina2\/wp-json\/wp\/v2\/types\/post"}],"author":[{"embeddable":true,"href":"http:\/\/enteculturalsantafesino.com.ar\/usina2\/wp-json\/wp\/v2\/users\/3"}],"replies":[{"embeddable":true,"href":"http:\/\/enteculturalsantafesino.com.ar\/usina2\/wp-json\/wp\/v2\/comments?post=17658"}],"version-history":[{"count":1,"href":"http:\/\/enteculturalsantafesino.com.ar\/usina2\/wp-json\/wp\/v2\/posts\/17658\/revisions"}],"predecessor-version":[{"id":17663,"href":"http:\/\/enteculturalsantafesino.com.ar\/usina2\/wp-json\/wp\/v2\/posts\/17658\/revisions\/17663"}],"wp:featuredmedia":[{"embeddable":true,"href":"http:\/\/enteculturalsantafesino.com.ar\/usina2\/wp-json\/wp\/v2\/media\/17661"}],"wp:attachment":[{"href":"http:\/\/enteculturalsantafesino.com.ar\/usina2\/wp-json\/wp\/v2\/media?parent=17658"}],"wp:term":[{"taxonomy":"category","embeddable":true,"href":"http:\/\/enteculturalsantafesino.com.ar\/usina2\/wp-json\/wp\/v2\/categories?post=17658"},{"taxonomy":"post_tag","embeddable":true,"href":"http:\/\/enteculturalsantafesino.com.ar\/usina2\/wp-json\/wp\/v2\/tags?post=17658"}],"curies":[{"name":"wp","href":"https:\/\/api.w.org\/{rel}","templated":true}]}}