{"id":17666,"date":"2017-06-09T19:24:45","date_gmt":"2017-06-09T19:24:45","guid":{"rendered":"http:\/\/enteculturalsantafesino.com.ar\/usina2\/?p=17666"},"modified":"2017-06-09T19:24:45","modified_gmt":"2017-06-09T19:24:45","slug":"la-comuna-de-humberto-primo-se-suma-al-ente-cultural-santafesino","status":"publish","type":"post","link":"http:\/\/enteculturalsantafesino.com.ar\/usina2\/2017\/06\/la-comuna-de-humberto-primo-se-suma-al-ente-cultural-santafesino\/","title":{"rendered":"La Comuna de Humberto Primo se suma al Ente Cultural Santafesino"},"content":{"rendered":"<p>El <strong>Prof Julio D. C\u00f3rdoba- Presidente Comunal<\/strong><strong>, <\/strong>mediante nota de\u00a0solicitud\u00a0fundamentan la incorporaci\u00f3n de la localidad de<strong> Humberto Primo<i>,<\/i><a href=\"http:\/\/www.facebook.com\/comuna.deramona.5#!\/ComunaDeRamona?fref=ts\">\u00a0<\/a><\/strong>comprometi\u00e9ndose junto al resto de los integrantes de la<strong> Usina II<\/strong>\u00a0a cumplir con los quehaceres culturales, imbuidos en el precepto de \u201centramado regional, pluralista y democr\u00e1tico\u201d.<\/p>\n<p>Motivo por lo cual el <strong>Ente Cultural Santafesino<\/strong> ha aceptado la solicitud convirti\u00e9ndose en un nuevo adherente, con la finalidad de generar los espacios de promoci\u00f3n y difusi\u00f3n desde la tarea de \u201cregionalizaci\u00f3n\u201d a trav\u00e9s del desarrollo productivo y cultural de nuestras comunidades santafesinas.<\/p>\n<p><b>Humberto Primo<\/b> es una comuna agroindustrial del departamento Castellanos, se ubica en el centro oeste de la provincia de Santa Fe, a la vera de la Ruta Provincial 13 (Argentina). Dista 165 km de la ciudad de Santa Fe, a 303 km de Rosario, a 300 km de C\u00f3rdoba y a 620 km de la Ciudad de Buenos Aires. En lo econ\u00f3mico se destaca por l\u00e1ctea ya que se encuentra en el coraz\u00f3n de la cuenca lechera, siendo esta la m\u00e1s grande y rica de Sudam\u00e9rica, constituy\u00e9ndose en su principal <i>capital<\/i>. Dicho anteriormente, estando a pocos km de la mayor cuenca lechera en la Ciudad de Sunchales, SanCor.<\/p>\n","protected":false},"excerpt":{"rendered":"<p>El Prof Julio D. C\u00f3rdoba- Presidente Comunal, mediante nota de\u00a0solicitud\u00a0fundamentan la incorporaci\u00f3n de la localidad de Humberto [&hellip;]<\/p>\n","protected":false},"author":3,"featured_media":17667,"comment_status":"closed","ping_status":"closed","sticky":false,"template":"","format":"standard","meta":{"_jetpack_memberships_contains_paid_content":false,"footnotes":"","jetpack_publicize_message":"","jetpack_publicize_feature_enabled":true,"jetpack_social_post_already_shared":true,"jetpack_social_options":{"image_generator_settings":{"template":"highway","enabled":false}}},"categories":[51],"tags":[],"jetpack_publicize_connections":[],"jetpack_featured_media_url":"http:\/\/enteculturalsantafesino.com.ar\/usina2\/wp-content\/uploads\/2017\/06\/1545880_694126997340550_4265656688179614726_n.jpg","jetpack_sharing_enabled":true,"_links":{"self":[{"href":"http:\/\/enteculturalsantafesino.com.ar\/usina2\/wp-json\/wp\/v2\/posts\/17666"}],"collection":[{"href":"http:\/\/enteculturalsantafesino.com.ar\/usina2\/wp-json\/wp\/v2\/posts"}],"about":[{"href":"http:\/\/enteculturalsantafesino.com.ar\/usina2\/wp-json\/wp\/v2\/types\/post"}],"author":[{"embeddable":true,"href":"http:\/\/enteculturalsantafesino.com.ar\/usina2\/wp-json\/wp\/v2\/users\/3"}],"replies":[{"embeddable":true,"href":"http:\/\/enteculturalsantafesino.com.ar\/usina2\/wp-json\/wp\/v2\/comments?post=17666"}],"version-history":[{"count":1,"href":"http:\/\/enteculturalsantafesino.com.ar\/usina2\/wp-json\/wp\/v2\/posts\/17666\/revisions"}],"predecessor-version":[{"id":17668,"href":"http:\/\/enteculturalsantafesino.com.ar\/usina2\/wp-json\/wp\/v2\/posts\/17666\/revisions\/17668"}],"wp:featuredmedia":[{"embeddable":true,"href":"http:\/\/enteculturalsantafesino.com.ar\/usina2\/wp-json\/wp\/v2\/media\/17667"}],"wp:attachment":[{"href":"http:\/\/enteculturalsantafesino.com.ar\/usina2\/wp-json\/wp\/v2\/media?parent=17666"}],"wp:term":[{"taxonomy":"category","embeddable":true,"href":"http:\/\/enteculturalsantafesino.com.ar\/usina2\/wp-json\/wp\/v2\/categories?post=17666"},{"taxonomy":"post_tag","embeddable":true,"href":"http:\/\/enteculturalsantafesino.com.ar\/usina2\/wp-json\/wp\/v2\/tags?post=17666"}],"curies":[{"name":"wp","href":"https:\/\/api.w.org\/{rel}","templated":true}]}}