{"id":17670,"date":"2017-06-25T15:05:45","date_gmt":"2017-06-25T15:05:45","guid":{"rendered":"http:\/\/enteculturalsantafesino.com.ar\/usina2\/?p=17670"},"modified":"2017-06-25T15:05:45","modified_gmt":"2017-06-25T15:05:45","slug":"lehmann-un-pueblo-con-historia","status":"publish","type":"post","link":"http:\/\/enteculturalsantafesino.com.ar\/usina2\/2017\/06\/lehmann-un-pueblo-con-historia\/","title":{"rendered":"Lehmann, un pueblo con historia"},"content":{"rendered":"<p>Teniendo en cuenta la impecable tarea del historiador y escritor lehmense, Hugo Rodolfo Birchner, en \u00abLehmann, mi pueblo a\u00f1orado\u00bb Tomo I, a partir del a\u00f1o 1877 se produjo en la provincia de Santa Fe un fuerte movimiento inmigratorio, lo que dio lugar al nacimiento de gran cantidad de colonias.<br \/>\nEn muchas de ellas no fueron cumplimentados previamente los requisitos fijados por las leyes respectivas, siendo muy probable el asentamiento de familias a\u00fan antes de que las tierras fuesen mensuradas y cumplimentados todos los aspectos legales, lo que imposibilit\u00f3 con el correr del tiempo, poder conocerse con exactitud las fechas de fundaciones. Tal es el caso de Lehmann, que a pesar de la cuidadosa investigaci\u00f3n realizada, no fue posible determinarla con exactitud.<br \/>\nNo obstante, una \u00abfe de bautismo\u00bb da cuenta de que en 1881 ya hab\u00eda gente establecida en la zona, lo cual se ve confirmado a principios del a\u00f1o 1882 con el nombramiento de un Juez de Paz para varias colonias, entre las cuales se menciona a Lehmann, claro reconocimiento oficial de su existencia, y que adem\u00e1s contaba ya con la suficiente cantidad de familias, como para que se hiciese necesaria tal designaci\u00f3n.<br \/>\nAnte una consulta formulada por la Comuna de Lehmann al Archivo General de la provincia de Santa Fe, relacionada con la fecha de fundaci\u00f3n, la directora de dicho organismo, J. Catalina Pistone, arrib\u00f3 a la conclusi\u00f3n de que \u00abel pueblo de Lehmann, fundado por Don Guillermo Lehmann, posee su primer antecedente en la designaci\u00f3n del primer Juez de Paz, por Decreto del Poder Ejecutivo del 21 de marzo de 1882. Al no existir un acto formal de fundaci\u00f3n de la localidad, debe tomarse como punto de referencia el primer hecho importante para su historia, pero al mismo tiempo se puede elegir la celebraci\u00f3n del Santo Patrono a semejanza de otras localidades, es decir, el 25 de junio de 1881\u00bb.<\/p>\n<p><strong>San Guillermo, el Santo Patrono<\/strong><\/p>\n<p>Guillermo de Vercelli (Vercelli, 1085 &#8211; Goleto, actual Sant&#8217;Angelo dei Lombardi, 25 de junio de 1142), tambi\u00e9n conocido como San Guillermo Abad, fue un monje fundador de monasterios y comunidades, entre ellos la congregaci\u00f3n de Montevergine (Monte Virgen).<br \/>\nVenerado como Santo por la Iglesia Cat\u00f3lica, su festividad se celebra el 25 de junio. P\u00edo XII lo proclam\u00f3 Patrono de Irpinia.<br \/>\nLas fundaciones y el estilo de vida de Guillermo de Vercelli se enmarcaron en el clima de renovaci\u00f3n mon\u00e1stica caracter\u00edstico del paso del siglo XI al XII. El programa de vida expuesto por Guillermo a sus disc\u00edpulos de Montevergine podr\u00eda resumirse en su frase:<br \/>\n\u00abSoy del parecer, hermanos, que trabajando con nuestras manos nos ganemos la comida y el vestido para nosotros y para los pobres\u00bb.<br \/>\nGuillermo de Vercelli naci\u00f3 en el norte de Italia en 1085, en el seno de una familia noble. Se conocen pocos detalles de su nacimiento e infancia, pero en su juventud torn\u00f3 en ejemplo de mortificaci\u00f3n.<br \/>\nSiendo a\u00fan joven, hizo la peregrinaci\u00f3n a Santiago de Compostela, pr\u00e1ctica muy popular en aquel tiempo. Sin embargo, \u00e9l la habr\u00eda realizado de modo poco com\u00fan: se carg\u00f3 con cadenas de gran peso, que casi no pod\u00eda arrastrar, penitencia que completar\u00eda al no probar bocado durante su peregrinaje.<br \/>\nVuelto a Italia, se dirigi\u00f3 a la cadena monta\u00f1osa de Partenio que domina Avellino, para establecerse en una de sus cimas, un lugar despoblado a unos 1.300 msnm al este de N\u00e1poles llamado Monte Virgiliano. All\u00ed practic\u00f3 una vida erem\u00edtica durante algunos a\u00f1os. Luego se le unieron algunos disc\u00edpulos, entre ellos sacerdotes, que construyeron celdas y participaron de la edificaci\u00f3n de una iglesia dedicada a la Virgen en 1124, y m\u00e1s tarde un monasterio al que Guillermo dio el nombre de Montevergine (Monte Virgen).<br \/>\nLa afluencia de fieles fue ocasi\u00f3n para que los sacerdotes ejercieran su ministerio pero Guillermo, buscando la soledad, se alej\u00f3 de Partenio hacia 1128. Se estableci\u00f3 en la llanura de Goleto en los l\u00edmites de Campania y Basilicata. All\u00ed comenz\u00f3 una nueva experiencia mon\u00e1stica, un monasterio doble integrado mayormente por mujeres. Fund\u00f3 otros varios de la misma regla aunque tampoco en Goleto permaneci\u00f3 de forma estable ya que viaj\u00f3 a Apulia en varias oportunidades. Finalmente muri\u00f3 en Goleto, hoy Sant&#8217;Angelo dei Lombardi, el 25 de junio de 1142. Su cuerpo permaneci\u00f3 en Goleto hasta 1807, a\u00f1o en que fue trasladado a Montevergine.<\/p>\n<p><strong>La veneraci\u00f3n<\/strong><\/p>\n<p>La veneraci\u00f3n de Guillermo de Vercelli se inici\u00f3 en los monasterios de su propia congregaci\u00f3n, y se extendi\u00f3 gradualmente a la di\u00f3cesis de Vercelli y a todo el reino de N\u00e1poles. En 1785, el culto se generaliz\u00f3 en toda la Iglesia cat\u00f3lica. Su festividad se celebra el 25 de junio.<br \/>\nEn 1942, P\u00edo XII proclam\u00f3 a Guillermo de Vercelli Patrono de Irpinia.<\/p>\n<p><strong>Fuente: Diario Castellanos<\/strong><\/p>\n","protected":false},"excerpt":{"rendered":"<p>Teniendo en cuenta la impecable tarea del historiador y escritor lehmense, Hugo Rodolfo Birchner, en \u00abLehmann, mi [&hellip;]<\/p>\n","protected":false},"author":3,"featured_media":17671,"comment_status":"closed","ping_status":"closed","sticky":false,"template":"","format":"standard","meta":{"_jetpack_memberships_contains_paid_content":false,"footnotes":"","jetpack_publicize_message":"","jetpack_publicize_feature_enabled":true,"jetpack_social_post_already_shared":true,"jetpack_social_options":{"image_generator_settings":{"template":"highway","enabled":false}}},"categories":[2],"tags":[],"jetpack_publicize_connections":[],"jetpack_featured_media_url":"http:\/\/enteculturalsantafesino.com.ar\/usina2\/wp-content\/uploads\/2017\/06\/82443-0000.jpg","jetpack_sharing_enabled":true,"_links":{"self":[{"href":"http:\/\/enteculturalsantafesino.com.ar\/usina2\/wp-json\/wp\/v2\/posts\/17670"}],"collection":[{"href":"http:\/\/enteculturalsantafesino.com.ar\/usina2\/wp-json\/wp\/v2\/posts"}],"about":[{"href":"http:\/\/enteculturalsantafesino.com.ar\/usina2\/wp-json\/wp\/v2\/types\/post"}],"author":[{"embeddable":true,"href":"http:\/\/enteculturalsantafesino.com.ar\/usina2\/wp-json\/wp\/v2\/users\/3"}],"replies":[{"embeddable":true,"href":"http:\/\/enteculturalsantafesino.com.ar\/usina2\/wp-json\/wp\/v2\/comments?post=17670"}],"version-history":[{"count":1,"href":"http:\/\/enteculturalsantafesino.com.ar\/usina2\/wp-json\/wp\/v2\/posts\/17670\/revisions"}],"predecessor-version":[{"id":17672,"href":"http:\/\/enteculturalsantafesino.com.ar\/usina2\/wp-json\/wp\/v2\/posts\/17670\/revisions\/17672"}],"wp:featuredmedia":[{"embeddable":true,"href":"http:\/\/enteculturalsantafesino.com.ar\/usina2\/wp-json\/wp\/v2\/media\/17671"}],"wp:attachment":[{"href":"http:\/\/enteculturalsantafesino.com.ar\/usina2\/wp-json\/wp\/v2\/media?parent=17670"}],"wp:term":[{"taxonomy":"category","embeddable":true,"href":"http:\/\/enteculturalsantafesino.com.ar\/usina2\/wp-json\/wp\/v2\/categories?post=17670"},{"taxonomy":"post_tag","embeddable":true,"href":"http:\/\/enteculturalsantafesino.com.ar\/usina2\/wp-json\/wp\/v2\/tags?post=17670"}],"curies":[{"name":"wp","href":"https:\/\/api.w.org\/{rel}","templated":true}]}}