{"id":17673,"date":"2017-06-25T22:37:46","date_gmt":"2017-06-25T22:37:46","guid":{"rendered":"http:\/\/enteculturalsantafesino.com.ar\/usina2\/?p=17673"},"modified":"2017-06-25T22:56:30","modified_gmt":"2017-06-25T22:56:30","slug":"con-total-exito-se-desarrollo-el-torneo-provincial-de-bolitas-en-sarmiento","status":"publish","type":"post","link":"http:\/\/enteculturalsantafesino.com.ar\/usina2\/2017\/06\/con-total-exito-se-desarrollo-el-torneo-provincial-de-bolitas-en-sarmiento\/","title":{"rendered":"Con total \u00e9xito se desarrollo el \u00abTorneo Provincial de Bolitas\u00bb en Sarmiento"},"content":{"rendered":"\n\t\t<style type=\"text\/css\">\n\t\t\t#gallery-1 {\n\t\t\t\tmargin: auto;\n\t\t\t}\n\t\t\t#gallery-1 .gallery-item {\n\t\t\t\tfloat: left;\n\t\t\t\tmargin-top: 10px;\n\t\t\t\ttext-align: center;\n\t\t\t\twidth: 25%;\n\t\t\t}\n\t\t\t#gallery-1 img {\n\t\t\t\tborder: 2px solid #cfcfcf;\n\t\t\t}\n\t\t\t#gallery-1 .gallery-caption {\n\t\t\t\tmargin-left: 0;\n\t\t\t}\n\t\t\t\/* see gallery_shortcode() in wp-includes\/media.php *\/\n\t\t<\/style>\n\t\t<div id='gallery-1' class='gallery galleryid-17673 gallery-columns-4 gallery-size-thumbnail'><dl class='gallery-item'>\n\t\t\t<dt class='gallery-icon portrait'>\n\t\t\t\t<a href='http:\/\/enteculturalsantafesino.com.ar\/usina2\/2017\/06\/con-total-exito-se-desarrollo-el-torneo-provincial-de-bolitas-en-sarmiento\/19511679_435260760193402_593916110_n\/'><img loading=\"lazy\" decoding=\"async\" width=\"150\" height=\"150\" src=\"http:\/\/enteculturalsantafesino.com.ar\/usina2\/wp-content\/uploads\/2017\/06\/19511679_435260760193402_593916110_n-150x150.jpg\" class=\"attachment-thumbnail size-thumbnail\" alt=\"\" srcset=\"http:\/\/enteculturalsantafesino.com.ar\/usina2\/wp-content\/uploads\/2017\/06\/19511679_435260760193402_593916110_n-150x150.jpg 150w, http:\/\/enteculturalsantafesino.com.ar\/usina2\/wp-content\/uploads\/2017\/06\/19511679_435260760193402_593916110_n-53x53.jpg 53w\" sizes=\"(max-width: 150px) 100vw, 150px\" \/><\/a>\n\t\t\t<\/dt><\/dl><dl class='gallery-item'>\n\t\t\t<dt class='gallery-icon landscape'>\n\t\t\t\t<a href='http:\/\/enteculturalsantafesino.com.ar\/usina2\/2017\/06\/con-total-exito-se-desarrollo-el-torneo-provincial-de-bolitas-en-sarmiento\/19550951_435260740193404_1171734131_n\/'><img loading=\"lazy\" decoding=\"async\" width=\"150\" height=\"150\" src=\"http:\/\/enteculturalsantafesino.com.ar\/usina2\/wp-content\/uploads\/2017\/06\/19550951_435260740193404_1171734131_n-150x150.jpg\" class=\"attachment-thumbnail size-thumbnail\" alt=\"\" srcset=\"http:\/\/enteculturalsantafesino.com.ar\/usina2\/wp-content\/uploads\/2017\/06\/19550951_435260740193404_1171734131_n-150x150.jpg 150w, http:\/\/enteculturalsantafesino.com.ar\/usina2\/wp-content\/uploads\/2017\/06\/19550951_435260740193404_1171734131_n-53x53.jpg 53w\" sizes=\"(max-width: 150px) 100vw, 150px\" \/><\/a>\n\t\t\t<\/dt><\/dl><dl class='gallery-item'>\n\t\t\t<dt class='gallery-icon landscape'>\n\t\t\t\t<a href='http:\/\/enteculturalsantafesino.com.ar\/usina2\/2017\/06\/con-total-exito-se-desarrollo-el-torneo-provincial-de-bolitas-en-sarmiento\/19478055_435260746860070_1907500187_n\/'><img loading=\"lazy\" decoding=\"async\" width=\"150\" height=\"150\" src=\"http:\/\/enteculturalsantafesino.com.ar\/usina2\/wp-content\/uploads\/2017\/06\/19478055_435260746860070_1907500187_n-150x150.jpg\" class=\"attachment-thumbnail size-thumbnail\" alt=\"\" srcset=\"http:\/\/enteculturalsantafesino.com.ar\/usina2\/wp-content\/uploads\/2017\/06\/19478055_435260746860070_1907500187_n-150x150.jpg 150w, http:\/\/enteculturalsantafesino.com.ar\/usina2\/wp-content\/uploads\/2017\/06\/19478055_435260746860070_1907500187_n-53x53.jpg 53w\" sizes=\"(max-width: 150px) 100vw, 150px\" \/><\/a>\n\t\t\t<\/dt><\/dl><dl class='gallery-item'>\n\t\t\t<dt class='gallery-icon landscape'>\n\t\t\t\t<a href='http:\/\/enteculturalsantafesino.com.ar\/usina2\/2017\/06\/con-total-exito-se-desarrollo-el-torneo-provincial-de-bolitas-en-sarmiento\/19260485_673364582854303_9022858517989202062_n\/'><img loading=\"lazy\" decoding=\"async\" width=\"150\" height=\"150\" src=\"http:\/\/enteculturalsantafesino.com.ar\/usina2\/wp-content\/uploads\/2017\/06\/19260485_673364582854303_9022858517989202062_n-150x150.jpg\" class=\"attachment-thumbnail size-thumbnail\" alt=\"\" srcset=\"http:\/\/enteculturalsantafesino.com.ar\/usina2\/wp-content\/uploads\/2017\/06\/19260485_673364582854303_9022858517989202062_n-150x150.jpg 150w, http:\/\/enteculturalsantafesino.com.ar\/usina2\/wp-content\/uploads\/2017\/06\/19260485_673364582854303_9022858517989202062_n-53x53.jpg 53w\" sizes=\"(max-width: 150px) 100vw, 150px\" \/><\/a>\n\t\t\t<\/dt><\/dl><br style=\"clear: both\" \/>\n\t\t<\/div>\n\n<p>La instancia local del <strong>\u00abTorneo Provincial de Bolitas\u00bb<\/strong> organizado por el <strong>Ente Cultural Santafesino<\/strong> se realiz\u00f3 en la tarde del <strong>domingo 25 de junio.<\/strong><\/p>\n<p>La inscripci\u00f3n fue masiva y tanto ni\u00f1os, j\u00f3venes y adultos disfrutaron del juego y de observar los partidos.<\/p>\n<p>El <strong>Centro Cultural<\/strong> agradece a la <strong>Escuela Domingo Faustino<\/strong> Sarmiento por cedernos sus instalaciones, y a todos los que colaboraron y permitieron esta jornada.<\/p>\n<p><strong>Los <\/strong><span class=\"text_exposed_show\"><strong>ganadores fueron :<\/strong><br \/>\nCategor\u00eda A: 1er puesto: Ger\u00f3nimo Fornasero<br \/>\n2do puesto: Agust\u00edn Lucca<br \/>\nCateg.B: 1ero : Gabriel Mondino<br \/>\n2do: Andr\u00e9s Maltagliatti<br \/>\nCateg.C: 1ero: Exequiel Lucca<br \/>\n2do: Juan Gabriel Mart\u00ednez<br \/>\nCateg.D: 1ro: <a class=\"profileLink\" href=\"https:\/\/www.facebook.com\/gisela.baronimondino?fref=mentions\" data-hovercard=\"\/ajax\/hovercard\/user.php?id=1473981341&amp;extragetparams=%7B%22fref%22%3A%22mentions%22%7D\" data-hovercard-prefer-more-content-show=\"1\">Gisela Baroni Mondino<\/a><br \/>\n2do: <a class=\"profileLink\" href=\"https:\/\/www.facebook.com\/irma.presser.5?fref=mentions\" data-hovercard=\"\/ajax\/hovercard\/user.php?id=100013336416110&amp;extragetparams=%7B%22fref%22%3A%22mentions%22%7D\" data-hovercard-prefer-more-content-show=\"1\">Irma Presser<\/a><br \/>\nCateg.E: 1ro: Cristian Novaira<br \/>\n2do: Marcelo Sosa <\/span><\/p>\n<p>Este\u00a0<strong>\u201cPrimer Campeonato Provincial de Bolitas\u201d<\/strong> es organizado y auspiciado por el\u00a0<strong>Ente Cultural Santafesino<\/strong>\u00a0junto a la\u00a0<strong>Diputada Provincial Claudia Giaccone<\/strong>, y la\u00a0<strong>Empresa \u201cTinka\u201d<\/strong>\u00a0(Primera F\u00e1brica de Bolitas de Argentina, ubicada en San Jorge).<\/p>\n<p><em>\u00a0\u201cEste juego que re\u00fane a abuelos, padres e hijos es un esparcimiento sano, de muy bajo costo y sin agresiones, que aleja al ni\u00f1o de la calle y que adem\u00e1s constituye un veh\u00edculo alternativo de socializaci\u00f3n y complemento de la educaci\u00f3n formal, favoreciendo el desarrollo de la inteligencia y el pensamiento l\u00f3gico, estrat\u00e9gico y creativo\u201d<\/em>, seg\u00fan reconoci\u00f3 el\u00a0Presidente del Ente Cultural Santafesino Prof. Javier Donetti.<\/p>\n<p>El certamen contar\u00e1 con instancias locales como las nombradas, a desarrollarse durante el mes de mayo y junio;\u00a0 luego seguir\u00e1n las regionales (julio) y la gran final en la ciudad de San Jorge (agosto,) posibilitando que los participantes recorran a la Primera f\u00e1brica Argentina de Bolitas de Cristal.<\/p>\n","protected":false},"excerpt":{"rendered":"<p>La instancia local del \u00abTorneo Provincial de Bolitas\u00bb organizado por el Ente Cultural Santafesino se realiz\u00f3 en [&hellip;]<\/p>\n","protected":false},"author":3,"featured_media":17674,"comment_status":"closed","ping_status":"closed","sticky":false,"template":"","format":"standard","meta":{"_jetpack_memberships_contains_paid_content":false,"footnotes":"","jetpack_publicize_message":"","jetpack_publicize_feature_enabled":true,"jetpack_social_post_already_shared":true,"jetpack_social_options":{"image_generator_settings":{"template":"highway","enabled":false}}},"categories":[28,37],"tags":[],"jetpack_publicize_connections":[],"jetpack_featured_media_url":"http:\/\/enteculturalsantafesino.com.ar\/usina2\/wp-content\/uploads\/2017\/06\/19260485_673364582854303_9022858517989202062_n.jpg","jetpack_sharing_enabled":true,"_links":{"self":[{"href":"http:\/\/enteculturalsantafesino.com.ar\/usina2\/wp-json\/wp\/v2\/posts\/17673"}],"collection":[{"href":"http:\/\/enteculturalsantafesino.com.ar\/usina2\/wp-json\/wp\/v2\/posts"}],"about":[{"href":"http:\/\/enteculturalsantafesino.com.ar\/usina2\/wp-json\/wp\/v2\/types\/post"}],"author":[{"embeddable":true,"href":"http:\/\/enteculturalsantafesino.com.ar\/usina2\/wp-json\/wp\/v2\/users\/3"}],"replies":[{"embeddable":true,"href":"http:\/\/enteculturalsantafesino.com.ar\/usina2\/wp-json\/wp\/v2\/comments?post=17673"}],"version-history":[{"count":1,"href":"http:\/\/enteculturalsantafesino.com.ar\/usina2\/wp-json\/wp\/v2\/posts\/17673\/revisions"}],"predecessor-version":[{"id":17678,"href":"http:\/\/enteculturalsantafesino.com.ar\/usina2\/wp-json\/wp\/v2\/posts\/17673\/revisions\/17678"}],"wp:featuredmedia":[{"embeddable":true,"href":"http:\/\/enteculturalsantafesino.com.ar\/usina2\/wp-json\/wp\/v2\/media\/17674"}],"wp:attachment":[{"href":"http:\/\/enteculturalsantafesino.com.ar\/usina2\/wp-json\/wp\/v2\/media?parent=17673"}],"wp:term":[{"taxonomy":"category","embeddable":true,"href":"http:\/\/enteculturalsantafesino.com.ar\/usina2\/wp-json\/wp\/v2\/categories?post=17673"},{"taxonomy":"post_tag","embeddable":true,"href":"http:\/\/enteculturalsantafesino.com.ar\/usina2\/wp-json\/wp\/v2\/tags?post=17673"}],"curies":[{"name":"wp","href":"https:\/\/api.w.org\/{rel}","templated":true}]}}