{"id":18770,"date":"2018-12-14T00:37:17","date_gmt":"2018-12-14T00:37:17","guid":{"rendered":"http:\/\/enteculturalsantafesino.com.ar\/usina2\/?p=18770"},"modified":"2018-12-14T00:40:16","modified_gmt":"2018-12-14T00:40:16","slug":"el-premio-julio-migno-2018-fue-para-julian-ratti","status":"publish","type":"post","link":"http:\/\/enteculturalsantafesino.com.ar\/usina2\/2018\/12\/el-premio-julio-migno-2018-fue-para-julian-ratti\/","title":{"rendered":"El Premio \u00abJulio Migno 2018\u00bb fue para Juli\u00e1n Ratti"},"content":{"rendered":"\n<p>Durante el <strong>mi\u00e9rcoles 12<\/strong> en&nbsp;&nbsp;<strong>Ramona<\/strong> en la celebraci\u00f3n de la <strong>\u00abFiesta de los Pueblos\u00bb<\/strong> perteneciente a la<strong> Usina II<\/strong>, a propuesta de dicha zona cultural y con votaci\u00f3n favorable por parte del equipo directivo, el compositor rafaelino fue quien se llev\u00f3 el galard\u00f3n provincial perteneciente al <strong>Ente Cultural Santafesino.<\/strong><\/p>\n\n\n\n<ul class=\"wp-block-gallery columns-3 is-cropped wp-block-gallery-1 is-layout-flex wp-block-gallery-is-layout-flex\"><li class=\"blocks-gallery-item\"><figure><img loading=\"lazy\" decoding=\"async\" width=\"960\" height=\"720\" src=\"http:\/\/enteculturalsantafesino.com.ar\/usina2\/wp-content\/uploads\/2018\/12\/48360507_330897130840586_2395738976821444608_n-1.jpg\" alt=\"\" data-id=\"18772\" data-link=\"http:\/\/enteculturalsantafesino.com.ar\/usina2\/?attachment_id=18772\" class=\"wp-image-18772\" srcset=\"http:\/\/enteculturalsantafesino.com.ar\/usina2\/wp-content\/uploads\/2018\/12\/48360507_330897130840586_2395738976821444608_n-1.jpg 960w, http:\/\/enteculturalsantafesino.com.ar\/usina2\/wp-content\/uploads\/2018\/12\/48360507_330897130840586_2395738976821444608_n-1-300x225.jpg 300w, http:\/\/enteculturalsantafesino.com.ar\/usina2\/wp-content\/uploads\/2018\/12\/48360507_330897130840586_2395738976821444608_n-1-768x576.jpg 768w\" sizes=\"(max-width: 960px) 100vw, 960px\" \/><\/figure><\/li><li class=\"blocks-gallery-item\"><figure><img loading=\"lazy\" decoding=\"async\" width=\"960\" height=\"720\" src=\"http:\/\/enteculturalsantafesino.com.ar\/usina2\/wp-content\/uploads\/2018\/12\/48266961_411076592764610_7914947307106205696_n.jpg\" alt=\"\" data-id=\"18774\" data-link=\"http:\/\/enteculturalsantafesino.com.ar\/usina2\/?attachment_id=18774\" class=\"wp-image-18774\" srcset=\"http:\/\/enteculturalsantafesino.com.ar\/usina2\/wp-content\/uploads\/2018\/12\/48266961_411076592764610_7914947307106205696_n.jpg 960w, http:\/\/enteculturalsantafesino.com.ar\/usina2\/wp-content\/uploads\/2018\/12\/48266961_411076592764610_7914947307106205696_n-300x225.jpg 300w, http:\/\/enteculturalsantafesino.com.ar\/usina2\/wp-content\/uploads\/2018\/12\/48266961_411076592764610_7914947307106205696_n-768x576.jpg 768w\" sizes=\"(max-width: 960px) 100vw, 960px\" \/><\/figure><\/li><li class=\"blocks-gallery-item\"><figure><img loading=\"lazy\" decoding=\"async\" width=\"768\" height=\"576\" src=\"http:\/\/enteculturalsantafesino.com.ar\/usina2\/wp-content\/uploads\/2018\/12\/48373024_210566576546230_2368377093093326848_n.jpg\" alt=\"\" data-id=\"18775\" data-link=\"http:\/\/enteculturalsantafesino.com.ar\/usina2\/?attachment_id=18775\" class=\"wp-image-18775\" srcset=\"http:\/\/enteculturalsantafesino.com.ar\/usina2\/wp-content\/uploads\/2018\/12\/48373024_210566576546230_2368377093093326848_n.jpg 768w, http:\/\/enteculturalsantafesino.com.ar\/usina2\/wp-content\/uploads\/2018\/12\/48373024_210566576546230_2368377093093326848_n-300x225.jpg 300w\" sizes=\"(max-width: 768px) 100vw, 768px\" \/><\/figure><\/li><\/ul>\n\n\n\n<p>A propuesta del sanjavierino <strong>Alejandro Vivas <\/strong>a la <strong>Diputada provincial Claudia Giaccone <\/strong>dicho reconocimiento esta destinado a aquellas personas que se destaquen en el \u00e1mbito cultural y social y que es corporizado en la imagen del Sacerdote Florian Paucke abrazando a un ni\u00f1o mocov\u00ed, con una estatuilla elaborada en barro por el artesano sanjavierino N\u00e9stor Lanche<em>.&nbsp; <\/em><\/p>\n\n\n\n<p><em>\u201cHoy es un d\u00eda de mucha sonrisa, de gran alegr\u00eda completa porque ac\u00e1 est\u00e1 mi mam\u00e1\u201d,&nbsp;<\/em>dijo Ratti a los presentes.&nbsp;<em>\u201cFelicito a todas las comunas de esta regi\u00f3n en este esfuerzo de decir somos esto, esa es mi identidad cultural. Y debo agradecer a la diputada Claudia Giaccone, a qui\u00e9n mucho aprecio y valoro inmensamente su decisi\u00f3n de acompa\u00f1ar a los artistas y referentes en la concreci\u00f3n de estos proyectos que nos unen\u201d.<\/em><\/p>\n\n\n\n<p>En el resto de las <strong>Usinas Culturales<\/strong> los nominados fueron: <strong><em>Usina I<\/em><\/strong><em>: Corino Ribodino, <\/em><strong><em>Usina III:&nbsp;<\/em><\/strong><em>Leonardo Morlan; <\/em><strong><em>Usina IV:<\/em><\/strong><em> Maria Gabriela L\u00f3pez; <\/em><strong><em>Usina V:<\/em><\/strong><em> Miguel \u00c1ngel Sterren, <\/em><strong><em>Usina VI:<\/em><\/strong><em> Esteban Rold\u00e1n<\/em><\/p>\n\n\n\n<p><strong>Juli\u00e1n Ratti<\/strong>: Naci\u00f3 en&nbsp;Santa Fe (capital). Hijo de Juan Miguel Ratti e Irene \u00c1ngela Ferrero y nieto de Bernardo Ratti. Casado con Alicia Mar\u00eda Berra, tiene tres hijos Marcelo, Cecilia y Patricia.<\/p>\n\n\n\n<p>Fue alumno de Fernando Portal, cursando estudios auditivos y de vocalizaci\u00f3n que actualmente realiza con la profesora Mary Zenklusen de Ponroy. A la edad de 9 a\u00f1os obtuvo su primer premio con el canto en un concurso realizado en la ciudad de&nbsp;<a href=\"https:\/\/es.wikipedia.org\/wiki\/Rafaela\">Rafaela<\/a>donde interven\u00edan todos los colegios de la ciudad. Su abuela Maria Salusso de Ferrero le regal\u00f3 su primera guitarra cuando ten\u00eda 12 a\u00f1os.<\/p>\n\n\n\n<p>Integr\u00f3 grupos folcl\u00f3ricos de la regi\u00f3n como, \u00abLos Oeste\u00f1os\u00bb de la localidad de Ang\u00e9lica y \u00abCanto 4\u00bb de Rafaela, con ambos grupos particip\u00f3 de la mayor\u00eda de los festivales de la provincia. En 1982 inici\u00f3 su carrera como solista ganando el festival de Tostado, en el festival de Cosquin lleg\u00f3 como finalista representando a la provincia de Santa Fe. En 1988 fue ganador del Festival de Luj\u00e1n en la&nbsp;<a href=\"https:\/\/es.wikipedia.org\/wiki\/Provincia_de_Buenos_Aires\">provincia de Buenos Aire<\/a>s&nbsp;con versos de M. Vechiolli.<\/p>\n\n\n\n<p>Actualmente vive en la ciudad de&nbsp;<a href=\"https:\/\/es.wikipedia.org\/wiki\/Rafaela\">R<\/a>afaela.<\/p>\n\n\n\n<div class=\"wp-block-cover has-background-dim is-layout-flow wp-block-cover-is-layout-flow\"><\/div>\n","protected":false},"excerpt":{"rendered":"<p>Durante el mi\u00e9rcoles 12 en&nbsp;&nbsp;Ramona en la celebraci\u00f3n de la \u00abFiesta de los Pueblos\u00bb perteneciente a la [&hellip;]<\/p>\n","protected":false},"author":3,"featured_media":18771,"comment_status":"closed","ping_status":"closed","sticky":false,"template":"","format":"standard","meta":{"_jetpack_memberships_contains_paid_content":false,"footnotes":"","jetpack_publicize_message":"","jetpack_publicize_feature_enabled":true,"jetpack_social_post_already_shared":true,"jetpack_social_options":{"image_generator_settings":{"template":"highway","enabled":false}}},"categories":[28,31,1],"tags":[],"jetpack_publicize_connections":[],"jetpack_featured_media_url":"http:\/\/enteculturalsantafesino.com.ar\/usina2\/wp-content\/uploads\/2018\/12\/48370169_1644939508939604_3851905925807865856_n.jpg","jetpack_sharing_enabled":true,"_links":{"self":[{"href":"http:\/\/enteculturalsantafesino.com.ar\/usina2\/wp-json\/wp\/v2\/posts\/18770"}],"collection":[{"href":"http:\/\/enteculturalsantafesino.com.ar\/usina2\/wp-json\/wp\/v2\/posts"}],"about":[{"href":"http:\/\/enteculturalsantafesino.com.ar\/usina2\/wp-json\/wp\/v2\/types\/post"}],"author":[{"embeddable":true,"href":"http:\/\/enteculturalsantafesino.com.ar\/usina2\/wp-json\/wp\/v2\/users\/3"}],"replies":[{"embeddable":true,"href":"http:\/\/enteculturalsantafesino.com.ar\/usina2\/wp-json\/wp\/v2\/comments?post=18770"}],"version-history":[{"count":1,"href":"http:\/\/enteculturalsantafesino.com.ar\/usina2\/wp-json\/wp\/v2\/posts\/18770\/revisions"}],"predecessor-version":[{"id":18776,"href":"http:\/\/enteculturalsantafesino.com.ar\/usina2\/wp-json\/wp\/v2\/posts\/18770\/revisions\/18776"}],"wp:featuredmedia":[{"embeddable":true,"href":"http:\/\/enteculturalsantafesino.com.ar\/usina2\/wp-json\/wp\/v2\/media\/18771"}],"wp:attachment":[{"href":"http:\/\/enteculturalsantafesino.com.ar\/usina2\/wp-json\/wp\/v2\/media?parent=18770"}],"wp:term":[{"taxonomy":"category","embeddable":true,"href":"http:\/\/enteculturalsantafesino.com.ar\/usina2\/wp-json\/wp\/v2\/categories?post=18770"},{"taxonomy":"post_tag","embeddable":true,"href":"http:\/\/enteculturalsantafesino.com.ar\/usina2\/wp-json\/wp\/v2\/tags?post=18770"}],"curies":[{"name":"wp","href":"https:\/\/api.w.org\/{rel}","templated":true}]}}