{"id":19117,"date":"2019-10-29T14:22:59","date_gmt":"2019-10-29T14:22:59","guid":{"rendered":"http:\/\/enteculturalsantafesino.com.ar\/usina2\/?p=19117"},"modified":"2019-10-29T14:23:07","modified_gmt":"2019-10-29T14:23:07","slug":"grutly-giuliana-kalbermatter-nueva-reina-provincial-del-noqui","status":"publish","type":"post","link":"http:\/\/enteculturalsantafesino.com.ar\/usina2\/2019\/10\/grutly-giuliana-kalbermatter-nueva-reina-provincial-del-noqui\/","title":{"rendered":"Gr\u00fctly: Giuliana Kalbermatter nueva Reina Provincial del \u00d1oqui"},"content":{"rendered":"\n<h4 class=\"wp-block-heading\"><em>El fin de semana se realiz\u00f3 una nueva edici\u00f3n de la Fiesta del \u00d1oqui, en el Sal\u00f3n de Fiestas del Club Atl\u00e9tico Eusebia, donde la joven de Grutly result\u00f3 electa Reina Provincial. Kalbertmatter estuvo acompa\u00f1ada por Celis Agnes y Brezzo Dianela, como 1ra. y 2da. Princesa.<\/em><\/h4>\n\n\n\n<p><strong>E<\/strong>l \u00faltimo s\u00e1bado, la localidad de Eusebia (departamento Castellanos) llev\u00f3 a cabo la 7ma. Fiesta Regional y 2da. Fiesta Provincial del \u00d1oqui, de la que particip\u00f3 un gran n\u00famero de comensales.<\/p>\n\n\n\n<p>La actividad desarrollada en el Club Atl\u00e9tico Eusebia, congreg\u00f3 a un gran n\u00famero de candidatas a Reina de la Regi\u00f3n.&nbsp;Adem\u00e1s hubo un show especial de Cristian Cassani. Despu\u00e9s de la cena y el acto protocolar se consagr\u00f3 a la nueva Reina de la fiesta.<\/p>\n\n\n\n<p>All\u00ed Giuliana Kalbermatter, representante de localidad de Grutly, se consagr\u00f3 como nueva Reina Provincial del \u00d1oqui. Kalbertmatter estuvo acompa\u00f1ada por Celis Agnes y Brezzo Dianela, como 1ra. y 2da. Princesa.<\/p>\n\n\n\n<p>\u00abAgradecemos a todo el p\u00fablico que particip\u00f3 de los festejos como as\u00ed tambi\u00e9n al grupo de mujeres que forman parte de la comisi\u00f3n y trabajan arduamente para lograr que la fiesta crezca a\u00f1o a a\u00f1o\u00bb, manifestaron integrantes de la Comisi\u00f3n Organizadora.<\/p>\n\n\n\n<p><strong><em>Fuente: El Cronista Las Colonias<\/em><\/strong><\/p>\n\n\n\n<p><\/p>\n","protected":false},"excerpt":{"rendered":"<p>El fin de semana se realiz\u00f3 una nueva edici\u00f3n de la Fiesta del \u00d1oqui, en el Sal\u00f3n [&hellip;]<\/p>\n","protected":false},"author":3,"featured_media":19118,"comment_status":"closed","ping_status":"closed","sticky":false,"template":"","format":"standard","meta":{"_jetpack_memberships_contains_paid_content":false,"footnotes":"","jetpack_publicize_message":"","jetpack_publicize_feature_enabled":true,"jetpack_social_post_already_shared":true,"jetpack_social_options":{"image_generator_settings":{"template":"highway","enabled":false}}},"categories":[47],"tags":[],"jetpack_publicize_connections":[],"jetpack_featured_media_url":"http:\/\/enteculturalsantafesino.com.ar\/usina2\/wp-content\/uploads\/2019\/10\/unnamed-3.jpg","jetpack_sharing_enabled":true,"_links":{"self":[{"href":"http:\/\/enteculturalsantafesino.com.ar\/usina2\/wp-json\/wp\/v2\/posts\/19117"}],"collection":[{"href":"http:\/\/enteculturalsantafesino.com.ar\/usina2\/wp-json\/wp\/v2\/posts"}],"about":[{"href":"http:\/\/enteculturalsantafesino.com.ar\/usina2\/wp-json\/wp\/v2\/types\/post"}],"author":[{"embeddable":true,"href":"http:\/\/enteculturalsantafesino.com.ar\/usina2\/wp-json\/wp\/v2\/users\/3"}],"replies":[{"embeddable":true,"href":"http:\/\/enteculturalsantafesino.com.ar\/usina2\/wp-json\/wp\/v2\/comments?post=19117"}],"version-history":[{"count":1,"href":"http:\/\/enteculturalsantafesino.com.ar\/usina2\/wp-json\/wp\/v2\/posts\/19117\/revisions"}],"predecessor-version":[{"id":19119,"href":"http:\/\/enteculturalsantafesino.com.ar\/usina2\/wp-json\/wp\/v2\/posts\/19117\/revisions\/19119"}],"wp:featuredmedia":[{"embeddable":true,"href":"http:\/\/enteculturalsantafesino.com.ar\/usina2\/wp-json\/wp\/v2\/media\/19118"}],"wp:attachment":[{"href":"http:\/\/enteculturalsantafesino.com.ar\/usina2\/wp-json\/wp\/v2\/media?parent=19117"}],"wp:term":[{"taxonomy":"category","embeddable":true,"href":"http:\/\/enteculturalsantafesino.com.ar\/usina2\/wp-json\/wp\/v2\/categories?post=19117"},{"taxonomy":"post_tag","embeddable":true,"href":"http:\/\/enteculturalsantafesino.com.ar\/usina2\/wp-json\/wp\/v2\/tags?post=19117"}],"curies":[{"name":"wp","href":"https:\/\/api.w.org\/{rel}","templated":true}]}}