{"id":19411,"date":"2021-04-02T07:13:17","date_gmt":"2021-04-02T07:13:17","guid":{"rendered":"http:\/\/enteculturalsantafesino.com.ar\/usina2\/?p=19411"},"modified":"2021-04-02T07:13:19","modified_gmt":"2021-04-02T07:13:19","slug":"la-comunidad-de-la-pelada-expone-la-muestra-cuidarte","status":"publish","type":"post","link":"http:\/\/enteculturalsantafesino.com.ar\/usina2\/2021\/04\/la-comunidad-de-la-pelada-expone-la-muestra-cuidarte\/","title":{"rendered":"La comunidad de La Pelada expone la Muestra \u00abCuidARTE\u00bb"},"content":{"rendered":"\n<p>Desde el\u00a0<strong>mi\u00e9rcoles 31 de marzo al 7 de abril <\/strong>en las instalaciones del <strong>Centro Educativo y Cultural<\/strong> se exhibe la\u00a0<strong>Muestra itinerante \u00abCuidARTE\u00bb<\/strong> de 8 a 12hs y de 16 a 18hs.<\/p>\n\n\n\n<p>Esta exposici\u00f3n tiene como finalidad reflejar la tem\u00e1tica relacionada a la pandemia, expresada a trav\u00e9s de artistas pl\u00e1sticos que se ir\u00e1n sumando en cada exposici\u00f3n programada en cada Usina Cultural.<\/p>\n\n\n\n<p>Dicha propuesta en su recorrido va sumando diversas obras desarrolladas por artistas locales. En esta oportunidad el trabajo denominado <strong>\u00abEn nuestras manos\u00bb <\/strong>fue creado por las alumnas del <strong>\u00abTaller de Artes Pl\u00e1sticas<\/strong>\u00ab-nivel adulto- perteneciente al Centro Cultural local. <\/p>\n\n\n\n<p><strong>Mar\u00eda Cristina Garc\u00eda, Lelia Lazaroni, Rosa S\u00e1nchez, Norma Kling<\/strong> y como coordinadora a cargo <strong>Carla Durbano <\/strong>quienes describieron el proceso de creaci\u00f3n de la obra <strong>\u00abEn nuestras manos\u00bb<\/strong>: <em>\u00abEl coronavirus no pudo detener el trabajo en equipo. Respetando las recomendaciones y a trav\u00e9s de las herramientas que nos brindan los medios de comunicaci\u00f3n a distancia, que hoy est\u00e1n tan vigentes, se pudo realizar un trabajo en conjunto. En un momento de grandes distancias y ausencias, pudimos unirnos y hacernos presentes, para reflejar por medio de nuestro arte, lo que para nosotras representa la realidad de la pandemia\u00bb<\/em><\/p>\n\n\n\n<p><strong>Maximiliano Depetris \u2013 Director de la Usina II,&nbsp;<\/strong>remarc\u00f3 la importancia del trabajo continuo y permanente que lleva adelante el Ente Cultural Santafesino.&nbsp;<em>\u00abEsta propuesta cultural sin lugar a dudas inicia un nuevo camino desde el arte de nuestros pueblos y ciudades como as\u00ed tambi\u00e9n concientiza y vincula a cada una de nuestras Usinas Culturales\u00bb<\/em><\/p>\n\n\n\n<p>En el marco de los programas\u00a0<strong>\u201cCompartiendo Cultura\u201d<\/strong>\u00a0y\u00a0<strong>#EnteNosotros<\/strong>, el\u00a0<strong>Ente Cultural Santafesino<\/strong>\u00a0desarroll\u00f3 dentro del contexto de aislamiento preventivo y obligatorio esta propuesta art\u00edstica\u00a0que recorre las comunidades de:\u00a0<em>Ramona, Bella Italia, Nuevo Torino, Lehmann, Felicia, Pilar, Sarmiento, Ataliva, La Pelada, Humberto 1\u00b0 y Mois\u00e9s Ville<\/em>.<\/p>\n","protected":false},"excerpt":{"rendered":"<p>Desde el\u00a0mi\u00e9rcoles 31 de marzo al 7 de abril en las instalaciones del Centro Educativo y Cultural [&hellip;]<\/p>\n","protected":false},"author":3,"featured_media":19412,"comment_status":"closed","ping_status":"closed","sticky":false,"template":"","format":"standard","meta":{"_jetpack_memberships_contains_paid_content":false,"footnotes":"","jetpack_publicize_message":"","jetpack_publicize_feature_enabled":true,"jetpack_social_post_already_shared":true,"jetpack_social_options":{"image_generator_settings":{"template":"highway","enabled":false}}},"categories":[4,49],"tags":[],"jetpack_publicize_connections":[],"jetpack_featured_media_url":"http:\/\/enteculturalsantafesino.com.ar\/usina2\/wp-content\/uploads\/2021\/04\/36f16b59-815f-4f91-8a6b-fe2bee64042d.jpg","jetpack_sharing_enabled":true,"_links":{"self":[{"href":"http:\/\/enteculturalsantafesino.com.ar\/usina2\/wp-json\/wp\/v2\/posts\/19411"}],"collection":[{"href":"http:\/\/enteculturalsantafesino.com.ar\/usina2\/wp-json\/wp\/v2\/posts"}],"about":[{"href":"http:\/\/enteculturalsantafesino.com.ar\/usina2\/wp-json\/wp\/v2\/types\/post"}],"author":[{"embeddable":true,"href":"http:\/\/enteculturalsantafesino.com.ar\/usina2\/wp-json\/wp\/v2\/users\/3"}],"replies":[{"embeddable":true,"href":"http:\/\/enteculturalsantafesino.com.ar\/usina2\/wp-json\/wp\/v2\/comments?post=19411"}],"version-history":[{"count":1,"href":"http:\/\/enteculturalsantafesino.com.ar\/usina2\/wp-json\/wp\/v2\/posts\/19411\/revisions"}],"predecessor-version":[{"id":19413,"href":"http:\/\/enteculturalsantafesino.com.ar\/usina2\/wp-json\/wp\/v2\/posts\/19411\/revisions\/19413"}],"wp:featuredmedia":[{"embeddable":true,"href":"http:\/\/enteculturalsantafesino.com.ar\/usina2\/wp-json\/wp\/v2\/media\/19412"}],"wp:attachment":[{"href":"http:\/\/enteculturalsantafesino.com.ar\/usina2\/wp-json\/wp\/v2\/media?parent=19411"}],"wp:term":[{"taxonomy":"category","embeddable":true,"href":"http:\/\/enteculturalsantafesino.com.ar\/usina2\/wp-json\/wp\/v2\/categories?post=19411"},{"taxonomy":"post_tag","embeddable":true,"href":"http:\/\/enteculturalsantafesino.com.ar\/usina2\/wp-json\/wp\/v2\/tags?post=19411"}],"curies":[{"name":"wp","href":"https:\/\/api.w.org\/{rel}","templated":true}]}}