{"id":19586,"date":"2022-03-21T23:04:37","date_gmt":"2022-03-21T23:04:37","guid":{"rendered":"http:\/\/enteculturalsantafesino.com.ar\/usina2\/?p=19586"},"modified":"2022-03-21T23:04:39","modified_gmt":"2022-03-21T23:04:39","slug":"25-anos-del-hermanamiento-faule-humberto-1","status":"publish","type":"post","link":"http:\/\/enteculturalsantafesino.com.ar\/usina2\/2022\/03\/25-anos-del-hermanamiento-faule-humberto-1\/","title":{"rendered":"25 a\u00f1os del Hermanamiento Faule &#8211; Humberto 1\u00b0"},"content":{"rendered":"\n<p>En el marco de los 25 a\u00f1os del Hermanamiento Faule &#8211; Humberto 1\u00b0, realizamos un acto conmemorativo en la Sociedad Italiana de nuestro pueblo.<\/p>\n\n\n\n<p>Se hicieron presentes mediante videos, desde nuestra querida Italia, Giuseppe Scarafia (Sindaco de Faule), Urbano Molon (Pdte. de la Comisi\u00f3n del Hermanamiento), Danilo Fenoglio (Pdte. de la ProLoco) Kiara Boretto (Concejala de la Comuna de Faule) y Giovanni Gatti (Sindaco de Faule en el Hermanamiento).<\/p>\n\n\n\n<p>Nuestro Presidente, el Sr. Mauro Gilabert, hizo entrega de obsequios al Dr. Carlos Daniel Bulacio (Pdte. Comunal del momento que sell\u00f3 el Hermanamiento), al Sr. Ra\u00fal Curti y a la Sra. Marta Dominino, figuras centrales de dicha uni\u00f3n.<\/p>\n\n\n\n<p>Disfrutamos de la celebraci\u00f3n, en donde prim\u00f3 el cari\u00f1o y respeto hacia nuestros hermanos italianos.<\/p>\n","protected":false},"excerpt":{"rendered":"<p>En el marco de los 25 a\u00f1os del Hermanamiento Faule &#8211; Humberto 1\u00b0, realizamos un acto conmemorativo [&hellip;]<\/p>\n","protected":false},"author":3,"featured_media":19587,"comment_status":"closed","ping_status":"closed","sticky":false,"template":"","format":"standard","meta":{"_jetpack_memberships_contains_paid_content":false,"footnotes":"","jetpack_publicize_message":"","jetpack_publicize_feature_enabled":true,"jetpack_social_post_already_shared":true,"jetpack_social_options":{"image_generator_settings":{"template":"highway","enabled":false}}},"categories":[51],"tags":[],"jetpack_publicize_connections":[],"jetpack_featured_media_url":"http:\/\/enteculturalsantafesino.com.ar\/usina2\/wp-content\/uploads\/2022\/03\/275939133_339961658172319_8427893056304609081_n.jpg","jetpack_sharing_enabled":true,"_links":{"self":[{"href":"http:\/\/enteculturalsantafesino.com.ar\/usina2\/wp-json\/wp\/v2\/posts\/19586"}],"collection":[{"href":"http:\/\/enteculturalsantafesino.com.ar\/usina2\/wp-json\/wp\/v2\/posts"}],"about":[{"href":"http:\/\/enteculturalsantafesino.com.ar\/usina2\/wp-json\/wp\/v2\/types\/post"}],"author":[{"embeddable":true,"href":"http:\/\/enteculturalsantafesino.com.ar\/usina2\/wp-json\/wp\/v2\/users\/3"}],"replies":[{"embeddable":true,"href":"http:\/\/enteculturalsantafesino.com.ar\/usina2\/wp-json\/wp\/v2\/comments?post=19586"}],"version-history":[{"count":1,"href":"http:\/\/enteculturalsantafesino.com.ar\/usina2\/wp-json\/wp\/v2\/posts\/19586\/revisions"}],"predecessor-version":[{"id":19588,"href":"http:\/\/enteculturalsantafesino.com.ar\/usina2\/wp-json\/wp\/v2\/posts\/19586\/revisions\/19588"}],"wp:featuredmedia":[{"embeddable":true,"href":"http:\/\/enteculturalsantafesino.com.ar\/usina2\/wp-json\/wp\/v2\/media\/19587"}],"wp:attachment":[{"href":"http:\/\/enteculturalsantafesino.com.ar\/usina2\/wp-json\/wp\/v2\/media?parent=19586"}],"wp:term":[{"taxonomy":"category","embeddable":true,"href":"http:\/\/enteculturalsantafesino.com.ar\/usina2\/wp-json\/wp\/v2\/categories?post=19586"},{"taxonomy":"post_tag","embeddable":true,"href":"http:\/\/enteculturalsantafesino.com.ar\/usina2\/wp-json\/wp\/v2\/tags?post=19586"}],"curies":[{"name":"wp","href":"https:\/\/api.w.org\/{rel}","templated":true}]}}