{"id":19597,"date":"2022-03-31T13:29:26","date_gmt":"2022-03-31T13:29:26","guid":{"rendered":"http:\/\/enteculturalsantafesino.com.ar\/usina2\/?p=19597"},"modified":"2022-03-31T13:29:28","modified_gmt":"2022-03-31T13:29:28","slug":"mas-de-3-mil-personas-le-dieron-vida-a-la-fiesta-nacional-del-chorizo-artesanal","status":"publish","type":"post","link":"http:\/\/enteculturalsantafesino.com.ar\/usina2\/2022\/03\/mas-de-3-mil-personas-le-dieron-vida-a-la-fiesta-nacional-del-chorizo-artesanal\/","title":{"rendered":"M\u00e1s de 3 mil personas le dieron vida a la \u00abFiesta Nacional del Chorizo Artesanal\u00bb"},"content":{"rendered":"\n<p><em>La noche del s\u00e1bado, la plaza p\u00fablica, fue epicentro de la edici\u00f3n n\u00famero 35 del multitudinario evento que organiza el Club Independiente, entidad que comienza a transitar su Centenario de vida. El show musical de Mario Pereyra, fue el broche de oro que le puso cierre a una noche oto\u00f1al.<\/em><\/p>\n\n\n\n<p>&nbsp;Ni la fecha de realizaci\u00f3n ni el clima oto\u00f1al que se vivi\u00f3 la noche del s\u00e1bado, fueron un impedimento para que la 35\u00aa Fiesta Nacional del Chorizo Artesanal se desarrollara con \u00e9xito y la presencia de m\u00e1s de 3 mil personas que se dieron cita en la plaza p\u00fablica para disfrutar de una de las propuestas gastron\u00f3micas m\u00e1s longevas del departamento Castellanos.<\/p>\n\n\n\n<p>Tras varias postergaciones ocasionadas con motivo de la pandemia de Coronavirus, la comisi\u00f3n directiva del Club Independiente, de manera acertada, decidi\u00f3 organizar esta edici\u00f3n n\u00famero 35 del evento que sirvi\u00f3, adem\u00e1s, para dar inicio a los festejos por el Centenario de la instituci\u00f3n, que tendr\u00e1 lugar en el mes de diciembre.<\/p>\n\n\n\n<p>Entre las autoridades presentes se encontraban el presidente del Club Independiente, Daniel Ocampo; el jefe comunal, Marcelo Bergese; el ministro de la Producci\u00f3n de Santa Fe, Daniel Costamagna; funcionarios provinciales, presidente comunales de la regi\u00f3n y representantes de instituciones intermedias.<\/p>\n\n\n\n<p>Durante el transcurso de la noche, los presentes pudieron disfrutar del stand del Club Independiente donde se pudo adquirir la variedad de chorizos tradicionales preparados para la ocasi\u00f3n: seco, en grasa, de cuero, hervido, lever, morcilla y picada con queso. Adem\u00e1s, se puseron a la venta: choripanes, empanadas y pizzas.<\/p>\n\n\n\n<p>Lo gastron\u00f3mico pudo ser acompa\u00f1ado de una grilla de espect\u00e1culos musicales preparado para todos los gustos y edades, donde por el escenario mayor pasaron los espect\u00e1culos de \u00abOnda Cuartetera\u00bb, \u00abSin Kodigo\u00bb, Dyno e Iv\u00e1n Gonzalo, Pablo Rey, el Ballet Folkl\u00f3rico de Ataliva y el gran cierre con la presencia de Mario Pereyra.<\/p>\n\n\n\n<p>Otro de los grandes momentos de la noche, fue cuando se coron\u00f3 a la nueva Embajadora de la fiesta que tendr\u00e1 la responsabilidad de representar a la instituci\u00f3n durante un a\u00f1o.<\/p>\n\n\n\n<p>En su discurso, el dirigente atalivase, Daniel Ocampo enunci\u00f3: \u00abEsta edici\u00f3n se ven\u00eda postergando y despu\u00e9s de insistir, podemos reencontrarnos en una noche inolvidable. Quiero agradecer a todas las sub comisiones del Club Independiente que permiten tener la log\u00edstica necesaria para desarrollar eventos de este tipo\u00bb.<\/p>\n\n\n\n<p>\u00abLa verdad es que por la instancia del a\u00f1o donde la debimos realizar, nos sorprendi\u00f3 el gran acompa\u00f1amiento de gente que tuvimos esta noche, donde el fr\u00edo se hizo sentir a partir de la una de la ma\u00f1ana. A pesar de ello, la gente se qued\u00f3 a esperar el espect\u00e1culo de Mario Pereyra\u00bb, destac\u00f3.<\/p>\n\n\n\n<p>Y agreg\u00f3: \u00abLa verdad es que se superaron todas las expectativas que ten\u00edamos en la previa. El predio estuvo bastante cubierto. Todo lo que preparamos en materia de comida y bebidas alcanz\u00f3 para cubrir las demandas. Esta edici\u00f3n 35 sirvi\u00f3 para darle continuidad al multitudinario evento y adem\u00e1s, para iniciar los festejos del Centenario del Club Independiente, donde en el mes de diciembre vamos a estar celebrando a lo grande\u00bb.<\/p>\n\n\n\n<p>Otro de los oradores de la noche fue el presidente comunal, Marcelo Bergese, quien describi\u00f3: \u00abSinceramente en esta noche oto\u00f1al quiero agradecerles a todos los presentes por acompa\u00f1arnos. Volver a tener una nueva edici\u00f3n presencial y compartirla con amigos y afectos, despu\u00e9s de a\u00f1os complicados como los que hemos vivido, es una alegr\u00eda enorme\u00bb.<\/p>\n\n\n\n<p>\u00abQuiero felicitar a todas las subcomisiones del Club Independiente por poder sostener durante tanto tiempo esta propuesta; adem\u00e1s, de agradecer a las autoridades de la Provincia y a los presidentes comunales que me est\u00e1n acompa\u00f1ando en esta noche\u00bb, continu\u00f3.<\/p>\n\n\n\n<p><strong>Por Lucas Vietto.<em>\u00a0Diario Castellanos<\/em><\/strong><\/p>\n","protected":false},"excerpt":{"rendered":"<p>La noche del s\u00e1bado, la plaza p\u00fablica, fue epicentro de la edici\u00f3n n\u00famero 35 del multitudinario evento [&hellip;]<\/p>\n","protected":false},"author":3,"featured_media":19598,"comment_status":"closed","ping_status":"closed","sticky":false,"template":"","format":"standard","meta":{"_jetpack_memberships_contains_paid_content":false,"footnotes":"","jetpack_publicize_message":"","jetpack_publicize_feature_enabled":true,"jetpack_social_post_already_shared":true,"jetpack_social_options":{"image_generator_settings":{"template":"highway","enabled":false}}},"categories":[42],"tags":[],"jetpack_publicize_connections":[],"jetpack_featured_media_url":"http:\/\/enteculturalsantafesino.com.ar\/usina2\/wp-content\/uploads\/2022\/03\/multimedia.normal.b9c468fb57c69f2c.6d756c74696d656469612e6e6f726d616c2e38326163666636353161343736645f6e6f726d616c2e6a706567.jpeg","jetpack_sharing_enabled":true,"_links":{"self":[{"href":"http:\/\/enteculturalsantafesino.com.ar\/usina2\/wp-json\/wp\/v2\/posts\/19597"}],"collection":[{"href":"http:\/\/enteculturalsantafesino.com.ar\/usina2\/wp-json\/wp\/v2\/posts"}],"about":[{"href":"http:\/\/enteculturalsantafesino.com.ar\/usina2\/wp-json\/wp\/v2\/types\/post"}],"author":[{"embeddable":true,"href":"http:\/\/enteculturalsantafesino.com.ar\/usina2\/wp-json\/wp\/v2\/users\/3"}],"replies":[{"embeddable":true,"href":"http:\/\/enteculturalsantafesino.com.ar\/usina2\/wp-json\/wp\/v2\/comments?post=19597"}],"version-history":[{"count":1,"href":"http:\/\/enteculturalsantafesino.com.ar\/usina2\/wp-json\/wp\/v2\/posts\/19597\/revisions"}],"predecessor-version":[{"id":19599,"href":"http:\/\/enteculturalsantafesino.com.ar\/usina2\/wp-json\/wp\/v2\/posts\/19597\/revisions\/19599"}],"wp:featuredmedia":[{"embeddable":true,"href":"http:\/\/enteculturalsantafesino.com.ar\/usina2\/wp-json\/wp\/v2\/media\/19598"}],"wp:attachment":[{"href":"http:\/\/enteculturalsantafesino.com.ar\/usina2\/wp-json\/wp\/v2\/media?parent=19597"}],"wp:term":[{"taxonomy":"category","embeddable":true,"href":"http:\/\/enteculturalsantafesino.com.ar\/usina2\/wp-json\/wp\/v2\/categories?post=19597"},{"taxonomy":"post_tag","embeddable":true,"href":"http:\/\/enteculturalsantafesino.com.ar\/usina2\/wp-json\/wp\/v2\/tags?post=19597"}],"curies":[{"name":"wp","href":"https:\/\/api.w.org\/{rel}","templated":true}]}}