{"id":19853,"date":"2022-10-28T06:13:40","date_gmt":"2022-10-28T06:13:40","guid":{"rendered":"http:\/\/enteculturalsantafesino.com.ar\/usina2\/?p=19853"},"modified":"2022-10-28T06:13:42","modified_gmt":"2022-10-28T06:13:42","slug":"el-presidente-de-afa-claudio-chiqui-tapia-recibio-la-muestra-arte-en-pelotas","status":"publish","type":"post","link":"http:\/\/enteculturalsantafesino.com.ar\/usina2\/2022\/10\/el-presidente-de-afa-claudio-chiqui-tapia-recibio-la-muestra-arte-en-pelotas\/","title":{"rendered":"El Presidente de AFA Claudio \u00abChiqui\u00bb Tapia recibi\u00f3 la muestra \u00abArte en Pelotas\u00bb"},"content":{"rendered":"\n<p>Durante la tarde del <strong>jueves 27 <\/strong>en el Predio de AFA, la <strong>responsable del Ente Cultural Santafesino Lic. Claudia Giaccone, el Prof Pablo Alel &#8211; Coordinador del Ente Cultural Cordob\u00e9s y el concejal rosarino Ariel Cozzoni,<\/strong> expusieron las m\u00e1s de cien pelotas intervenidas por las distintas comunidades adheridas al Ente Cultural Santafesino y Cordob\u00e9s.<\/p>\n\n\n\n<p><strong>Claudia Giaccone <\/strong>manifest\u00f3 el agradeciendo al Presidente de AFA por recepcionar y acompa\u00f1ar el trabajo llevado adelante en forma conjunta con el Departamento de Cultura de AFA.<br><em>\u00abEste programa fue uniendo a cada pueblo y ciudad santafesina y cordob\u00e9s a trav\u00e9s de una pelota que hoy llega a la sede del f\u00fatbol argentino mediante la generosidad de su presidente\u00bb.<\/em><\/p>\n\n\n\n<p>Por su parte el <strong>Presidente de AFA Claudio Tapia<\/strong> felicit\u00f3 por esta iniciativa y resalt\u00f3 el trabajo federal desde provincias que son protagonistas en la historia de nuestro f\u00fatbol argentino.<\/p>\n\n\n\n<p>El <strong>concejal Ariel Cozzoni<\/strong> se\u00f1al\u00f3 que en los pr\u00f3ximos d\u00edas estar\u00e1 sumando los balones de la ciudad rosarina y promover\u00e1 durante el 2023 dicho programa en cada Club de la ciudad.<\/p>\n\n\n\n<p><strong>Pablo Alel<\/strong> agradeci\u00f3 al Presidente y autoridades de AFA por permitir trabajar en forma conjunta esta iniciativa que nace desde nuestras comunidades y hoy es una realidad, la cual iniciar\u00e1 su recorrido por cada uno de nuestros pueblos y ciudades.<\/p>\n\n\n\n<figure class=\"wp-block-gallery columns-4 is-cropped wp-block-gallery-1 is-layout-flex wp-block-gallery-is-layout-flex\"><ul class=\"blocks-gallery-grid\"><li class=\"blocks-gallery-item\"><figure><img loading=\"lazy\" decoding=\"async\" width=\"1024\" height=\"768\" src=\"http:\/\/enteculturalsantafesino.com.ar\/usina2\/wp-content\/uploads\/2022\/10\/c189fea6-92d8-48a7-972d-c12b96e84fc5-1024x768.jpg\" alt=\"\" data-id=\"19857\" data-full-url=\"http:\/\/enteculturalsantafesino.com.ar\/usina2\/wp-content\/uploads\/2022\/10\/c189fea6-92d8-48a7-972d-c12b96e84fc5.jpg\" data-link=\"http:\/\/enteculturalsantafesino.com.ar\/usina2\/?attachment_id=19857\" class=\"wp-image-19857\" srcset=\"http:\/\/enteculturalsantafesino.com.ar\/usina2\/wp-content\/uploads\/2022\/10\/c189fea6-92d8-48a7-972d-c12b96e84fc5-1024x768.jpg 1024w, http:\/\/enteculturalsantafesino.com.ar\/usina2\/wp-content\/uploads\/2022\/10\/c189fea6-92d8-48a7-972d-c12b96e84fc5-300x225.jpg 300w, http:\/\/enteculturalsantafesino.com.ar\/usina2\/wp-content\/uploads\/2022\/10\/c189fea6-92d8-48a7-972d-c12b96e84fc5-768x576.jpg 768w, http:\/\/enteculturalsantafesino.com.ar\/usina2\/wp-content\/uploads\/2022\/10\/c189fea6-92d8-48a7-972d-c12b96e84fc5.jpg 1280w\" sizes=\"(max-width: 1024px) 100vw, 1024px\" \/><\/figure><\/li><li class=\"blocks-gallery-item\"><figure><img loading=\"lazy\" decoding=\"async\" width=\"1024\" height=\"768\" src=\"http:\/\/enteculturalsantafesino.com.ar\/usina2\/wp-content\/uploads\/2022\/10\/2f268ca5-ceff-4d75-96b2-67f971685766-1024x768.jpg\" alt=\"\" data-id=\"19854\" data-full-url=\"http:\/\/enteculturalsantafesino.com.ar\/usina2\/wp-content\/uploads\/2022\/10\/2f268ca5-ceff-4d75-96b2-67f971685766.jpg\" data-link=\"http:\/\/enteculturalsantafesino.com.ar\/usina2\/?attachment_id=19854\" class=\"wp-image-19854\" srcset=\"http:\/\/enteculturalsantafesino.com.ar\/usina2\/wp-content\/uploads\/2022\/10\/2f268ca5-ceff-4d75-96b2-67f971685766-1024x768.jpg 1024w, http:\/\/enteculturalsantafesino.com.ar\/usina2\/wp-content\/uploads\/2022\/10\/2f268ca5-ceff-4d75-96b2-67f971685766-300x225.jpg 300w, http:\/\/enteculturalsantafesino.com.ar\/usina2\/wp-content\/uploads\/2022\/10\/2f268ca5-ceff-4d75-96b2-67f971685766-768x576.jpg 768w, http:\/\/enteculturalsantafesino.com.ar\/usina2\/wp-content\/uploads\/2022\/10\/2f268ca5-ceff-4d75-96b2-67f971685766.jpg 1280w\" sizes=\"(max-width: 1024px) 100vw, 1024px\" \/><\/figure><\/li><li class=\"blocks-gallery-item\"><figure><img loading=\"lazy\" decoding=\"async\" width=\"1024\" height=\"611\" src=\"http:\/\/enteculturalsantafesino.com.ar\/usina2\/wp-content\/uploads\/2022\/10\/2f0873a4-dfe8-4b3e-b950-2be8c9592721-1024x611.jpg\" alt=\"\" data-id=\"19855\" data-full-url=\"http:\/\/enteculturalsantafesino.com.ar\/usina2\/wp-content\/uploads\/2022\/10\/2f0873a4-dfe8-4b3e-b950-2be8c9592721.jpg\" data-link=\"http:\/\/enteculturalsantafesino.com.ar\/usina2\/?attachment_id=19855\" class=\"wp-image-19855\" srcset=\"http:\/\/enteculturalsantafesino.com.ar\/usina2\/wp-content\/uploads\/2022\/10\/2f0873a4-dfe8-4b3e-b950-2be8c9592721-1024x611.jpg 1024w, http:\/\/enteculturalsantafesino.com.ar\/usina2\/wp-content\/uploads\/2022\/10\/2f0873a4-dfe8-4b3e-b950-2be8c9592721-300x179.jpg 300w, http:\/\/enteculturalsantafesino.com.ar\/usina2\/wp-content\/uploads\/2022\/10\/2f0873a4-dfe8-4b3e-b950-2be8c9592721-768x458.jpg 768w, http:\/\/enteculturalsantafesino.com.ar\/usina2\/wp-content\/uploads\/2022\/10\/2f0873a4-dfe8-4b3e-b950-2be8c9592721.jpg 1280w\" sizes=\"(max-width: 1024px) 100vw, 1024px\" \/><\/figure><\/li><li class=\"blocks-gallery-item\"><figure><img loading=\"lazy\" decoding=\"async\" width=\"1024\" height=\"768\" src=\"http:\/\/enteculturalsantafesino.com.ar\/usina2\/wp-content\/uploads\/2022\/10\/89c94055-a1f5-44da-ab10-a57dfe7f2530-1024x768.jpg\" alt=\"\" data-id=\"19856\" data-full-url=\"http:\/\/enteculturalsantafesino.com.ar\/usina2\/wp-content\/uploads\/2022\/10\/89c94055-a1f5-44da-ab10-a57dfe7f2530.jpg\" data-link=\"http:\/\/enteculturalsantafesino.com.ar\/usina2\/?attachment_id=19856\" class=\"wp-image-19856\" srcset=\"http:\/\/enteculturalsantafesino.com.ar\/usina2\/wp-content\/uploads\/2022\/10\/89c94055-a1f5-44da-ab10-a57dfe7f2530-1024x768.jpg 1024w, http:\/\/enteculturalsantafesino.com.ar\/usina2\/wp-content\/uploads\/2022\/10\/89c94055-a1f5-44da-ab10-a57dfe7f2530-300x225.jpg 300w, http:\/\/enteculturalsantafesino.com.ar\/usina2\/wp-content\/uploads\/2022\/10\/89c94055-a1f5-44da-ab10-a57dfe7f2530-768x576.jpg 768w, http:\/\/enteculturalsantafesino.com.ar\/usina2\/wp-content\/uploads\/2022\/10\/89c94055-a1f5-44da-ab10-a57dfe7f2530.jpg 1280w\" sizes=\"(max-width: 1024px) 100vw, 1024px\" \/><\/figure><\/li><\/ul><\/figure>\n","protected":false},"excerpt":{"rendered":"<p>Durante la tarde del jueves 27 en el Predio de AFA, la responsable del Ente Cultural Santafesino [&hellip;]<\/p>\n","protected":false},"author":3,"featured_media":19855,"comment_status":"closed","ping_status":"closed","sticky":false,"template":"","format":"standard","meta":{"_jetpack_memberships_contains_paid_content":false,"footnotes":"","jetpack_publicize_message":"","jetpack_publicize_feature_enabled":true,"jetpack_social_post_already_shared":true,"jetpack_social_options":{"image_generator_settings":{"template":"highway","enabled":false}}},"categories":[28],"tags":[],"jetpack_publicize_connections":[],"jetpack_featured_media_url":"http:\/\/enteculturalsantafesino.com.ar\/usina2\/wp-content\/uploads\/2022\/10\/2f0873a4-dfe8-4b3e-b950-2be8c9592721.jpg","jetpack_sharing_enabled":true,"_links":{"self":[{"href":"http:\/\/enteculturalsantafesino.com.ar\/usina2\/wp-json\/wp\/v2\/posts\/19853"}],"collection":[{"href":"http:\/\/enteculturalsantafesino.com.ar\/usina2\/wp-json\/wp\/v2\/posts"}],"about":[{"href":"http:\/\/enteculturalsantafesino.com.ar\/usina2\/wp-json\/wp\/v2\/types\/post"}],"author":[{"embeddable":true,"href":"http:\/\/enteculturalsantafesino.com.ar\/usina2\/wp-json\/wp\/v2\/users\/3"}],"replies":[{"embeddable":true,"href":"http:\/\/enteculturalsantafesino.com.ar\/usina2\/wp-json\/wp\/v2\/comments?post=19853"}],"version-history":[{"count":1,"href":"http:\/\/enteculturalsantafesino.com.ar\/usina2\/wp-json\/wp\/v2\/posts\/19853\/revisions"}],"predecessor-version":[{"id":19858,"href":"http:\/\/enteculturalsantafesino.com.ar\/usina2\/wp-json\/wp\/v2\/posts\/19853\/revisions\/19858"}],"wp:featuredmedia":[{"embeddable":true,"href":"http:\/\/enteculturalsantafesino.com.ar\/usina2\/wp-json\/wp\/v2\/media\/19855"}],"wp:attachment":[{"href":"http:\/\/enteculturalsantafesino.com.ar\/usina2\/wp-json\/wp\/v2\/media?parent=19853"}],"wp:term":[{"taxonomy":"category","embeddable":true,"href":"http:\/\/enteculturalsantafesino.com.ar\/usina2\/wp-json\/wp\/v2\/categories?post=19853"},{"taxonomy":"post_tag","embeddable":true,"href":"http:\/\/enteculturalsantafesino.com.ar\/usina2\/wp-json\/wp\/v2\/tags?post=19853"}],"curies":[{"name":"wp","href":"https:\/\/api.w.org\/{rel}","templated":true}]}}