{"id":20016,"date":"2023-05-08T04:02:32","date_gmt":"2023-05-08T04:02:32","guid":{"rendered":"http:\/\/enteculturalsantafesino.com.ar\/usina2\/?p=20016"},"modified":"2023-05-08T04:02:34","modified_gmt":"2023-05-08T04:02:34","slug":"bella-italia-vivio-su-jornada-for-estar","status":"publish","type":"post","link":"http:\/\/enteculturalsantafesino.com.ar\/usina2\/2023\/05\/bella-italia-vivio-su-jornada-for-estar\/","title":{"rendered":"Bella Italia vivi\u00f3 su jornada \u00abFor Estar\u00bb"},"content":{"rendered":"\n<p>Durante la tarde del\u00a0<strong>s\u00e1bado 6 de mayo<\/strong>\u00a0en el marco del\u00a0<strong>15\u00b0 Aniversario del Ente Cultural Santafesino<\/strong>, en la comunidad perteneciente al del dpto. Castellanos se vivi\u00f3 una nueva jornada del programa que recorre los pueblos y ciudades del\u00a0<strong>Ente Cultural Santafesino<\/strong>.<\/p>\n\n\n\n<p>El mismo cont\u00f3 con la presencia de la\u00a0<em style=\"\"><b>responsable del Ente Cultural Santafesino Claudia Giaccone,\u00a0el <\/b><\/em><em style=\"\"><b>Presidente Comunal H\u00e9ctor Perotti, la responsable de <\/b><\/em><em style=\"\"><b>cultura local Josefina Dominino; junto a los Directivos y comunidad deportiva del Club Social y <\/b><\/em><strong><em>Deportivo Bella Italia; ex integrantes y precursores del Ente Cultural Santafesino.<\/em><\/strong><\/p>\n\n\n\n<p>En el marco de sus 15 a\u00f1os de vida, el&nbsp;<strong>Ente Cultural Santafesino<\/strong>&nbsp;propone plantar 15 \u00e1rboles en 15 localidades santafesinas que fueron puntales en el desarrollo de este espacio cultural.&nbsp;<\/p>\n\n\n\n<p><strong>La sexta plantaci\u00f3n se llev\u00f3 a cabo, alrededor del estadio y frente al Club, el cual fue sede y testigo de distintos actos, acciones y actividades de dicho espacio cultural y territorial.<\/strong><\/p>\n\n\n\n<p>La<strong>\u00a0Lic. Claudia Giaccone\u00a0<\/strong>hizo un repaso de todo lo compartido con la localidad de Bella Italia en estos quince a\u00f1os del Ente Cultural Santafesino.\u00a0<em>\u00abQuiero agradecer el recibimiento del Presidente Comunal y resaltar el trabajo que siempre llevaron adelante junto al Ente Cultural Santafesino\u00bb. \u00abHoy encontrarme con Silvia (Villalba de Wiliner), Patricia  (Di Paolo) y Josefina (Dominino) es un mensaje del camino recorrido y la marca que nos dej\u00f3 tanto trabajo en estos quince a\u00f1os de vida\u00bb<\/em><\/p>\n\n\n\n<p><strong>Finalizado el acto, los presentes se dirigieron hacia frente al Club en donde distintas \u00abespecies arb\u00f3reas\u00bb fueron plantadas por los protagonistas de esta historia cultural y por las diversas disciplinas y subcomisiones de la entidad deportiva<\/strong>.<\/p>\n\n\n\n<p><strong>\u00abFor Estar\u00bb<\/strong><\/p>\n\n\n\n<p>Dicho programa fue pensado y puesto en el \u00abPlan 2023\u00bb con el prop\u00f3sito de involucrarnos, reflexionar y contagiar sobre la importancia de forestar, generando herramientas, est\u00edmulos y ejemplos sobre el tema en cuesti\u00f3n, promoviendo la participaci\u00f3n y visibilizaci\u00f3n de dicha acci\u00f3n cultural.<\/p>\n\n\n\n<div class=\"wp-block-jetpack-slideshow aligncenter\" data-effect=\"slide\"><div class=\"wp-block-jetpack-slideshow_container swiper-container\"><ul class=\"wp-block-jetpack-slideshow_swiper-wrapper swiper-wrapper\"><li class=\"wp-block-jetpack-slideshow_slide swiper-slide\"><figure><img loading=\"lazy\" decoding=\"async\" width=\"1024\" height=\"768\" alt=\"\" class=\"wp-block-jetpack-slideshow_image wp-image-20027\" data-id=\"20027\" src=\"http:\/\/enteculturalsantafesino.com.ar\/usina2\/wp-content\/uploads\/2023\/05\/da880cd1-5377-4c19-a192-11aab9764309-1024x768.jpg\" srcset=\"http:\/\/enteculturalsantafesino.com.ar\/usina2\/wp-content\/uploads\/2023\/05\/da880cd1-5377-4c19-a192-11aab9764309-1024x768.jpg 1024w, http:\/\/enteculturalsantafesino.com.ar\/usina2\/wp-content\/uploads\/2023\/05\/da880cd1-5377-4c19-a192-11aab9764309-300x225.jpg 300w, http:\/\/enteculturalsantafesino.com.ar\/usina2\/wp-content\/uploads\/2023\/05\/da880cd1-5377-4c19-a192-11aab9764309-768x576.jpg 768w, http:\/\/enteculturalsantafesino.com.ar\/usina2\/wp-content\/uploads\/2023\/05\/da880cd1-5377-4c19-a192-11aab9764309-1536x1152.jpg 1536w, http:\/\/enteculturalsantafesino.com.ar\/usina2\/wp-content\/uploads\/2023\/05\/da880cd1-5377-4c19-a192-11aab9764309.jpg 1600w\" sizes=\"(max-width: 1024px) 100vw, 1024px\" \/><\/figure><\/li><li class=\"wp-block-jetpack-slideshow_slide swiper-slide\"><figure><img loading=\"lazy\" decoding=\"async\" width=\"1024\" height=\"768\" alt=\"\" class=\"wp-block-jetpack-slideshow_image wp-image-20022\" data-id=\"20022\" src=\"http:\/\/enteculturalsantafesino.com.ar\/usina2\/wp-content\/uploads\/2023\/05\/29a49012-f0bf-460a-8e62-03e0f6da6dfa-1024x768.jpg\" srcset=\"http:\/\/enteculturalsantafesino.com.ar\/usina2\/wp-content\/uploads\/2023\/05\/29a49012-f0bf-460a-8e62-03e0f6da6dfa-1024x768.jpg 1024w, http:\/\/enteculturalsantafesino.com.ar\/usina2\/wp-content\/uploads\/2023\/05\/29a49012-f0bf-460a-8e62-03e0f6da6dfa-300x225.jpg 300w, http:\/\/enteculturalsantafesino.com.ar\/usina2\/wp-content\/uploads\/2023\/05\/29a49012-f0bf-460a-8e62-03e0f6da6dfa-768x576.jpg 768w, http:\/\/enteculturalsantafesino.com.ar\/usina2\/wp-content\/uploads\/2023\/05\/29a49012-f0bf-460a-8e62-03e0f6da6dfa-1536x1152.jpg 1536w, http:\/\/enteculturalsantafesino.com.ar\/usina2\/wp-content\/uploads\/2023\/05\/29a49012-f0bf-460a-8e62-03e0f6da6dfa.jpg 1600w\" sizes=\"(max-width: 1024px) 100vw, 1024px\" \/><\/figure><\/li><li class=\"wp-block-jetpack-slideshow_slide swiper-slide\"><figure><img loading=\"lazy\" decoding=\"async\" width=\"1024\" height=\"768\" alt=\"\" class=\"wp-block-jetpack-slideshow_image wp-image-20028\" data-id=\"20028\" src=\"http:\/\/enteculturalsantafesino.com.ar\/usina2\/wp-content\/uploads\/2023\/05\/f1e89a6f-13ff-4590-8e55-fc559c216eca-1024x768.jpg\" srcset=\"http:\/\/enteculturalsantafesino.com.ar\/usina2\/wp-content\/uploads\/2023\/05\/f1e89a6f-13ff-4590-8e55-fc559c216eca-1024x768.jpg 1024w, http:\/\/enteculturalsantafesino.com.ar\/usina2\/wp-content\/uploads\/2023\/05\/f1e89a6f-13ff-4590-8e55-fc559c216eca-300x225.jpg 300w, http:\/\/enteculturalsantafesino.com.ar\/usina2\/wp-content\/uploads\/2023\/05\/f1e89a6f-13ff-4590-8e55-fc559c216eca-768x576.jpg 768w, http:\/\/enteculturalsantafesino.com.ar\/usina2\/wp-content\/uploads\/2023\/05\/f1e89a6f-13ff-4590-8e55-fc559c216eca-1536x1152.jpg 1536w, http:\/\/enteculturalsantafesino.com.ar\/usina2\/wp-content\/uploads\/2023\/05\/f1e89a6f-13ff-4590-8e55-fc559c216eca.jpg 1600w\" sizes=\"(max-width: 1024px) 100vw, 1024px\" \/><\/figure><\/li><li class=\"wp-block-jetpack-slideshow_slide swiper-slide\"><figure><img loading=\"lazy\" decoding=\"async\" width=\"1024\" height=\"768\" alt=\"\" class=\"wp-block-jetpack-slideshow_image wp-image-20026\" data-id=\"20026\" src=\"http:\/\/enteculturalsantafesino.com.ar\/usina2\/wp-content\/uploads\/2023\/05\/bd9f512b-b4c2-4ee2-b9dc-8894a8e6120c-1024x768.jpg\" srcset=\"http:\/\/enteculturalsantafesino.com.ar\/usina2\/wp-content\/uploads\/2023\/05\/bd9f512b-b4c2-4ee2-b9dc-8894a8e6120c-1024x768.jpg 1024w, http:\/\/enteculturalsantafesino.com.ar\/usina2\/wp-content\/uploads\/2023\/05\/bd9f512b-b4c2-4ee2-b9dc-8894a8e6120c-300x225.jpg 300w, http:\/\/enteculturalsantafesino.com.ar\/usina2\/wp-content\/uploads\/2023\/05\/bd9f512b-b4c2-4ee2-b9dc-8894a8e6120c-768x576.jpg 768w, http:\/\/enteculturalsantafesino.com.ar\/usina2\/wp-content\/uploads\/2023\/05\/bd9f512b-b4c2-4ee2-b9dc-8894a8e6120c-1536x1152.jpg 1536w, http:\/\/enteculturalsantafesino.com.ar\/usina2\/wp-content\/uploads\/2023\/05\/bd9f512b-b4c2-4ee2-b9dc-8894a8e6120c.jpg 1600w\" sizes=\"(max-width: 1024px) 100vw, 1024px\" \/><\/figure><\/li><li class=\"wp-block-jetpack-slideshow_slide swiper-slide\"><figure><img loading=\"lazy\" decoding=\"async\" width=\"1024\" height=\"768\" alt=\"\" class=\"wp-block-jetpack-slideshow_image wp-image-20025\" data-id=\"20025\" src=\"http:\/\/enteculturalsantafesino.com.ar\/usina2\/wp-content\/uploads\/2023\/05\/634de953-6d86-459e-a0cf-f96a8d27dea2-1024x768.jpg\" srcset=\"http:\/\/enteculturalsantafesino.com.ar\/usina2\/wp-content\/uploads\/2023\/05\/634de953-6d86-459e-a0cf-f96a8d27dea2-1024x768.jpg 1024w, http:\/\/enteculturalsantafesino.com.ar\/usina2\/wp-content\/uploads\/2023\/05\/634de953-6d86-459e-a0cf-f96a8d27dea2-300x225.jpg 300w, http:\/\/enteculturalsantafesino.com.ar\/usina2\/wp-content\/uploads\/2023\/05\/634de953-6d86-459e-a0cf-f96a8d27dea2-768x576.jpg 768w, http:\/\/enteculturalsantafesino.com.ar\/usina2\/wp-content\/uploads\/2023\/05\/634de953-6d86-459e-a0cf-f96a8d27dea2-1536x1152.jpg 1536w, http:\/\/enteculturalsantafesino.com.ar\/usina2\/wp-content\/uploads\/2023\/05\/634de953-6d86-459e-a0cf-f96a8d27dea2.jpg 1600w\" sizes=\"(max-width: 1024px) 100vw, 1024px\" \/><\/figure><\/li><li class=\"wp-block-jetpack-slideshow_slide swiper-slide\"><figure><img loading=\"lazy\" decoding=\"async\" width=\"1024\" height=\"768\" alt=\"\" class=\"wp-block-jetpack-slideshow_image wp-image-20024\" data-id=\"20024\" src=\"http:\/\/enteculturalsantafesino.com.ar\/usina2\/wp-content\/uploads\/2023\/05\/85acfe3c-25fd-46cb-ba23-46ebf2499dce-1024x768.jpg\" srcset=\"http:\/\/enteculturalsantafesino.com.ar\/usina2\/wp-content\/uploads\/2023\/05\/85acfe3c-25fd-46cb-ba23-46ebf2499dce-1024x768.jpg 1024w, http:\/\/enteculturalsantafesino.com.ar\/usina2\/wp-content\/uploads\/2023\/05\/85acfe3c-25fd-46cb-ba23-46ebf2499dce-300x225.jpg 300w, http:\/\/enteculturalsantafesino.com.ar\/usina2\/wp-content\/uploads\/2023\/05\/85acfe3c-25fd-46cb-ba23-46ebf2499dce-768x576.jpg 768w, http:\/\/enteculturalsantafesino.com.ar\/usina2\/wp-content\/uploads\/2023\/05\/85acfe3c-25fd-46cb-ba23-46ebf2499dce-1536x1152.jpg 1536w, http:\/\/enteculturalsantafesino.com.ar\/usina2\/wp-content\/uploads\/2023\/05\/85acfe3c-25fd-46cb-ba23-46ebf2499dce.jpg 1600w\" sizes=\"(max-width: 1024px) 100vw, 1024px\" \/><\/figure><\/li><li class=\"wp-block-jetpack-slideshow_slide swiper-slide\"><figure><img loading=\"lazy\" decoding=\"async\" width=\"1024\" height=\"768\" alt=\"\" class=\"wp-block-jetpack-slideshow_image wp-image-20023\" data-id=\"20023\" src=\"http:\/\/enteculturalsantafesino.com.ar\/usina2\/wp-content\/uploads\/2023\/05\/45e74b32-c001-40c0-b654-fb71ffd89d56-1024x768.jpg\" srcset=\"http:\/\/enteculturalsantafesino.com.ar\/usina2\/wp-content\/uploads\/2023\/05\/45e74b32-c001-40c0-b654-fb71ffd89d56-1024x768.jpg 1024w, http:\/\/enteculturalsantafesino.com.ar\/usina2\/wp-content\/uploads\/2023\/05\/45e74b32-c001-40c0-b654-fb71ffd89d56-300x225.jpg 300w, http:\/\/enteculturalsantafesino.com.ar\/usina2\/wp-content\/uploads\/2023\/05\/45e74b32-c001-40c0-b654-fb71ffd89d56-768x576.jpg 768w, http:\/\/enteculturalsantafesino.com.ar\/usina2\/wp-content\/uploads\/2023\/05\/45e74b32-c001-40c0-b654-fb71ffd89d56-1536x1152.jpg 1536w, http:\/\/enteculturalsantafesino.com.ar\/usina2\/wp-content\/uploads\/2023\/05\/45e74b32-c001-40c0-b654-fb71ffd89d56.jpg 1600w\" sizes=\"(max-width: 1024px) 100vw, 1024px\" \/><\/figure><\/li><li class=\"wp-block-jetpack-slideshow_slide swiper-slide\"><figure><img loading=\"lazy\" decoding=\"async\" width=\"1024\" height=\"768\" alt=\"\" class=\"wp-block-jetpack-slideshow_image wp-image-20021\" data-id=\"20021\" src=\"http:\/\/enteculturalsantafesino.com.ar\/usina2\/wp-content\/uploads\/2023\/05\/9d9fcb2a-f8d3-44ba-848f-d66363cb77a9-1024x768.jpg\" srcset=\"http:\/\/enteculturalsantafesino.com.ar\/usina2\/wp-content\/uploads\/2023\/05\/9d9fcb2a-f8d3-44ba-848f-d66363cb77a9-1024x768.jpg 1024w, http:\/\/enteculturalsantafesino.com.ar\/usina2\/wp-content\/uploads\/2023\/05\/9d9fcb2a-f8d3-44ba-848f-d66363cb77a9-300x225.jpg 300w, http:\/\/enteculturalsantafesino.com.ar\/usina2\/wp-content\/uploads\/2023\/05\/9d9fcb2a-f8d3-44ba-848f-d66363cb77a9-768x576.jpg 768w, http:\/\/enteculturalsantafesino.com.ar\/usina2\/wp-content\/uploads\/2023\/05\/9d9fcb2a-f8d3-44ba-848f-d66363cb77a9-1536x1152.jpg 1536w, http:\/\/enteculturalsantafesino.com.ar\/usina2\/wp-content\/uploads\/2023\/05\/9d9fcb2a-f8d3-44ba-848f-d66363cb77a9.jpg 1600w\" sizes=\"(max-width: 1024px) 100vw, 1024px\" \/><\/figure><\/li><\/ul><a class=\"wp-block-jetpack-slideshow_button-prev swiper-button-prev swiper-button-white\" role=\"button\"><\/a><a class=\"wp-block-jetpack-slideshow_button-next swiper-button-next swiper-button-white\" role=\"button\"><\/a><a aria-label=\"Pause Slideshow\" class=\"wp-block-jetpack-slideshow_button-pause\" role=\"button\"><\/a><div class=\"wp-block-jetpack-slideshow_pagination swiper-pagination swiper-pagination-white\"><\/div><\/div><\/div>\n","protected":false},"excerpt":{"rendered":"<p>Durante la tarde del\u00a0s\u00e1bado 6 de mayo\u00a0en el marco del\u00a015\u00b0 Aniversario del Ente Cultural Santafesino, en la [&hellip;]<\/p>\n","protected":false},"author":3,"featured_media":20023,"comment_status":"closed","ping_status":"closed","sticky":false,"template":"","format":"standard","meta":{"_jetpack_memberships_contains_paid_content":false,"footnotes":"","jetpack_publicize_message":"","jetpack_publicize_feature_enabled":true,"jetpack_social_post_already_shared":true,"jetpack_social_options":{"image_generator_settings":{"template":"highway","enabled":false}}},"categories":[44,28],"tags":[],"jetpack_publicize_connections":[],"jetpack_featured_media_url":"http:\/\/enteculturalsantafesino.com.ar\/usina2\/wp-content\/uploads\/2023\/05\/45e74b32-c001-40c0-b654-fb71ffd89d56.jpg","jetpack_sharing_enabled":true,"_links":{"self":[{"href":"http:\/\/enteculturalsantafesino.com.ar\/usina2\/wp-json\/wp\/v2\/posts\/20016"}],"collection":[{"href":"http:\/\/enteculturalsantafesino.com.ar\/usina2\/wp-json\/wp\/v2\/posts"}],"about":[{"href":"http:\/\/enteculturalsantafesino.com.ar\/usina2\/wp-json\/wp\/v2\/types\/post"}],"author":[{"embeddable":true,"href":"http:\/\/enteculturalsantafesino.com.ar\/usina2\/wp-json\/wp\/v2\/users\/3"}],"replies":[{"embeddable":true,"href":"http:\/\/enteculturalsantafesino.com.ar\/usina2\/wp-json\/wp\/v2\/comments?post=20016"}],"version-history":[{"count":2,"href":"http:\/\/enteculturalsantafesino.com.ar\/usina2\/wp-json\/wp\/v2\/posts\/20016\/revisions"}],"predecessor-version":[{"id":20029,"href":"http:\/\/enteculturalsantafesino.com.ar\/usina2\/wp-json\/wp\/v2\/posts\/20016\/revisions\/20029"}],"wp:featuredmedia":[{"embeddable":true,"href":"http:\/\/enteculturalsantafesino.com.ar\/usina2\/wp-json\/wp\/v2\/media\/20023"}],"wp:attachment":[{"href":"http:\/\/enteculturalsantafesino.com.ar\/usina2\/wp-json\/wp\/v2\/media?parent=20016"}],"wp:term":[{"taxonomy":"category","embeddable":true,"href":"http:\/\/enteculturalsantafesino.com.ar\/usina2\/wp-json\/wp\/v2\/categories?post=20016"},{"taxonomy":"post_tag","embeddable":true,"href":"http:\/\/enteculturalsantafesino.com.ar\/usina2\/wp-json\/wp\/v2\/tags?post=20016"}],"curies":[{"name":"wp","href":"https:\/\/api.w.org\/{rel}","templated":true}]}}