{"id":20132,"date":"2023-08-09T14:19:22","date_gmt":"2023-08-09T14:19:22","guid":{"rendered":"http:\/\/enteculturalsantafesino.com.ar\/usina2\/?p=20132"},"modified":"2023-08-09T14:19:25","modified_gmt":"2023-08-09T14:19:25","slug":"el-taller-de-folclore-de-bella-italia-se-hizo-presente-en-el-festival-de-felicia","status":"publish","type":"post","link":"http:\/\/enteculturalsantafesino.com.ar\/usina2\/2023\/08\/el-taller-de-folclore-de-bella-italia-se-hizo-presente-en-el-festival-de-felicia\/","title":{"rendered":"El Taller de Folclore de Bella Italia se hizo presente en el Festival de Felicia"},"content":{"rendered":"\n<p>El pasado fin de semana, el Taller Comunal de Folclore particip\u00f3 de un Festival organizado en la localidad de Felicia, del que formaban parte varias escuelas y ballets de la zona.<\/p>\n\n\n\n<p>Consultando al respecto a M\u00f3nica Correa, profesora del Taller, declar\u00f3 que fue una hermosa noche, destacando el agradecimiento y la buena predisposici\u00f3n tanto de los padres de quienes integran el Taller, como de la Comuna de Bella Italia, en especial a su presidente comunal, H\u00e9ctor Perotti, por poner a disposici\u00f3n la movilidad para concurrir al evento y a la secretaria del \u00c1rea de Cultura, Josefina Dominino, por estar siempre apoyando a este hermoso Taller.<\/p>\n","protected":false},"excerpt":{"rendered":"<p>El pasado fin de semana, el Taller Comunal de Folclore particip\u00f3 de un Festival organizado en la [&hellip;]<\/p>\n","protected":false},"author":3,"featured_media":20133,"comment_status":"closed","ping_status":"closed","sticky":false,"template":"","format":"standard","meta":{"_jetpack_memberships_contains_paid_content":false,"footnotes":"","jetpack_publicize_message":"","jetpack_publicize_feature_enabled":true,"jetpack_social_post_already_shared":true,"jetpack_social_options":{"image_generator_settings":{"template":"highway","enabled":false}}},"categories":[44],"tags":[],"jetpack_publicize_connections":[],"jetpack_featured_media_url":"http:\/\/enteculturalsantafesino.com.ar\/usina2\/wp-content\/uploads\/2023\/08\/beb717bf-fdf0-4515-ab98-28adb295cd01.jpg","jetpack_sharing_enabled":true,"_links":{"self":[{"href":"http:\/\/enteculturalsantafesino.com.ar\/usina2\/wp-json\/wp\/v2\/posts\/20132"}],"collection":[{"href":"http:\/\/enteculturalsantafesino.com.ar\/usina2\/wp-json\/wp\/v2\/posts"}],"about":[{"href":"http:\/\/enteculturalsantafesino.com.ar\/usina2\/wp-json\/wp\/v2\/types\/post"}],"author":[{"embeddable":true,"href":"http:\/\/enteculturalsantafesino.com.ar\/usina2\/wp-json\/wp\/v2\/users\/3"}],"replies":[{"embeddable":true,"href":"http:\/\/enteculturalsantafesino.com.ar\/usina2\/wp-json\/wp\/v2\/comments?post=20132"}],"version-history":[{"count":1,"href":"http:\/\/enteculturalsantafesino.com.ar\/usina2\/wp-json\/wp\/v2\/posts\/20132\/revisions"}],"predecessor-version":[{"id":20134,"href":"http:\/\/enteculturalsantafesino.com.ar\/usina2\/wp-json\/wp\/v2\/posts\/20132\/revisions\/20134"}],"wp:featuredmedia":[{"embeddable":true,"href":"http:\/\/enteculturalsantafesino.com.ar\/usina2\/wp-json\/wp\/v2\/media\/20133"}],"wp:attachment":[{"href":"http:\/\/enteculturalsantafesino.com.ar\/usina2\/wp-json\/wp\/v2\/media?parent=20132"}],"wp:term":[{"taxonomy":"category","embeddable":true,"href":"http:\/\/enteculturalsantafesino.com.ar\/usina2\/wp-json\/wp\/v2\/categories?post=20132"},{"taxonomy":"post_tag","embeddable":true,"href":"http:\/\/enteculturalsantafesino.com.ar\/usina2\/wp-json\/wp\/v2\/tags?post=20132"}],"curies":[{"name":"wp","href":"https:\/\/api.w.org\/{rel}","templated":true}]}}