{"id":20135,"date":"2023-08-10T14:53:29","date_gmt":"2023-08-10T14:53:29","guid":{"rendered":"http:\/\/enteculturalsantafesino.com.ar\/usina2\/?p=20135"},"modified":"2023-08-10T14:53:32","modified_gmt":"2023-08-10T14:53:32","slug":"lanzamiento-del-festival-de-teatro-de-ramona-2023","status":"publish","type":"post","link":"http:\/\/enteculturalsantafesino.com.ar\/usina2\/2023\/08\/lanzamiento-del-festival-de-teatro-de-ramona-2023\/","title":{"rendered":"Lanzamiento del \u00abFestival de Teatro\u00bb de Ramona 2023"},"content":{"rendered":"\n<p>En su estelar d\u00e9cimo primera edici\u00f3n que se extender\u00e1 del <strong>mi\u00e9rcoles 16 al domingo 20<\/strong>, ofreciendo una cartelera de destacadas y reconocidas obras de la regi\u00f3n y otras de trayectoria nacional, a partir del auspicio del Instituto Nacional de Teatro.<\/p>\n\n\n\n<p>La grilla tiene pautada, para el d\u00eda mi\u00e9rcoles 16, la apertura con \u201cLos \u00e1rboles mueren de pie\u201d del Centro Ciudad de Rafaela, con la direcci\u00f3n de Arturo Gentilini. El jueves saldr\u00e1 a escena el elenco de Maquinarte de Sunchales con la presentaci\u00f3n de la obra \u201cMade in Lan\u00fas\u201d en la adaptaci\u00f3n de Gabriel Florito. <\/p>\n\n\n\n<p>Por su parte, el viernes se proponen dos funciones del taller Elenco Concertado de la ciudad de C\u00f3rdoba con las obras \u201cLengua Madre\u201d a las 16 horas y \u201cEl Silencio\u201d a las 21 horas. Finalmente, como cierre y en el marco de la celebraci\u00f3n de las infancias, \u201cEl Tren de Los Napia\u201d traer\u00e1 diversi\u00f3n y entretenimiento para los m\u00e1s chicos.<\/p>\n\n\n\n<p>Con la innovaci\u00f3n permanente como una de las principales caracter\u00edsticas de su organizaci\u00f3n, la presente edici\u00f3n trae particularidades y atractivos que buscan sostener el inter\u00e9s de la comunidad en torno la expresi\u00f3n art\u00edstica, que ha convertido a la propuesta en uno de las referencias culturales de la regi\u00f3n.<\/p>\n\n\n\n<figure class=\"wp-block-gallery columns-3 is-cropped wp-block-gallery-1 is-layout-flex wp-block-gallery-is-layout-flex\"><ul class=\"blocks-gallery-grid\"><li class=\"blocks-gallery-item\"><figure><img loading=\"lazy\" decoding=\"async\" width=\"1024\" height=\"768\" src=\"http:\/\/enteculturalsantafesino.com.ar\/usina2\/wp-content\/uploads\/2023\/08\/3c16c237-7b47-4549-a3bb-f323837208d1-1024x768.jpg\" alt=\"\" data-id=\"20136\" data-full-url=\"http:\/\/enteculturalsantafesino.com.ar\/usina2\/wp-content\/uploads\/2023\/08\/3c16c237-7b47-4549-a3bb-f323837208d1.jpg\" data-link=\"http:\/\/enteculturalsantafesino.com.ar\/usina2\/?attachment_id=20136\" class=\"wp-image-20136\" srcset=\"http:\/\/enteculturalsantafesino.com.ar\/usina2\/wp-content\/uploads\/2023\/08\/3c16c237-7b47-4549-a3bb-f323837208d1-1024x768.jpg 1024w, http:\/\/enteculturalsantafesino.com.ar\/usina2\/wp-content\/uploads\/2023\/08\/3c16c237-7b47-4549-a3bb-f323837208d1-300x225.jpg 300w, http:\/\/enteculturalsantafesino.com.ar\/usina2\/wp-content\/uploads\/2023\/08\/3c16c237-7b47-4549-a3bb-f323837208d1-768x576.jpg 768w, http:\/\/enteculturalsantafesino.com.ar\/usina2\/wp-content\/uploads\/2023\/08\/3c16c237-7b47-4549-a3bb-f323837208d1.jpg 1280w\" sizes=\"(max-width: 1024px) 100vw, 1024px\" \/><\/figure><\/li><li class=\"blocks-gallery-item\"><figure><img decoding=\"async\" src=\"http:\/\/enteculturalsantafesino.com.ar\/usina2\/wp-content\/uploads\/2023\/08\/354bf928-bf64-4651-8acd-bf9a0a99ab91-1024x768.jpg\" alt=\"\" data-id=\"20137\" data-full-url=\"http:\/\/enteculturalsantafesino.com.ar\/usina2\/wp-content\/uploads\/2023\/08\/354bf928-bf64-4651-8acd-bf9a0a99ab91.jpg\" data-link=\"http:\/\/enteculturalsantafesino.com.ar\/usina2\/?attachment_id=20137\" class=\"wp-image-20137\"\/><\/figure><\/li><li class=\"blocks-gallery-item\"><figure><img loading=\"lazy\" decoding=\"async\" width=\"1024\" height=\"472\" src=\"http:\/\/enteculturalsantafesino.com.ar\/usina2\/wp-content\/uploads\/2023\/08\/df779606-3ec2-4563-a976-8fd6a1571f88-1024x472.jpg\" alt=\"\" data-id=\"20138\" data-full-url=\"http:\/\/enteculturalsantafesino.com.ar\/usina2\/wp-content\/uploads\/2023\/08\/df779606-3ec2-4563-a976-8fd6a1571f88.jpg\" data-link=\"http:\/\/enteculturalsantafesino.com.ar\/usina2\/?attachment_id=20138\" class=\"wp-image-20138\" srcset=\"http:\/\/enteculturalsantafesino.com.ar\/usina2\/wp-content\/uploads\/2023\/08\/df779606-3ec2-4563-a976-8fd6a1571f88-1024x472.jpg 1024w, http:\/\/enteculturalsantafesino.com.ar\/usina2\/wp-content\/uploads\/2023\/08\/df779606-3ec2-4563-a976-8fd6a1571f88-300x138.jpg 300w, http:\/\/enteculturalsantafesino.com.ar\/usina2\/wp-content\/uploads\/2023\/08\/df779606-3ec2-4563-a976-8fd6a1571f88-768x354.jpg 768w, http:\/\/enteculturalsantafesino.com.ar\/usina2\/wp-content\/uploads\/2023\/08\/df779606-3ec2-4563-a976-8fd6a1571f88-1536x708.jpg 1536w, http:\/\/enteculturalsantafesino.com.ar\/usina2\/wp-content\/uploads\/2023\/08\/df779606-3ec2-4563-a976-8fd6a1571f88.jpg 1600w\" sizes=\"(max-width: 1024px) 100vw, 1024px\" \/><\/figure><\/li><li class=\"blocks-gallery-item\"><figure><img loading=\"lazy\" decoding=\"async\" width=\"1024\" height=\"472\" src=\"http:\/\/enteculturalsantafesino.com.ar\/usina2\/wp-content\/uploads\/2023\/08\/e7e9d94b-1915-41be-9906-0df0e816e60f-1024x472.jpg\" alt=\"\" data-id=\"20139\" data-full-url=\"http:\/\/enteculturalsantafesino.com.ar\/usina2\/wp-content\/uploads\/2023\/08\/e7e9d94b-1915-41be-9906-0df0e816e60f.jpg\" data-link=\"http:\/\/enteculturalsantafesino.com.ar\/usina2\/?attachment_id=20139\" class=\"wp-image-20139\" srcset=\"http:\/\/enteculturalsantafesino.com.ar\/usina2\/wp-content\/uploads\/2023\/08\/e7e9d94b-1915-41be-9906-0df0e816e60f-1024x472.jpg 1024w, http:\/\/enteculturalsantafesino.com.ar\/usina2\/wp-content\/uploads\/2023\/08\/e7e9d94b-1915-41be-9906-0df0e816e60f-300x138.jpg 300w, http:\/\/enteculturalsantafesino.com.ar\/usina2\/wp-content\/uploads\/2023\/08\/e7e9d94b-1915-41be-9906-0df0e816e60f-768x354.jpg 768w, http:\/\/enteculturalsantafesino.com.ar\/usina2\/wp-content\/uploads\/2023\/08\/e7e9d94b-1915-41be-9906-0df0e816e60f-1536x708.jpg 1536w, http:\/\/enteculturalsantafesino.com.ar\/usina2\/wp-content\/uploads\/2023\/08\/e7e9d94b-1915-41be-9906-0df0e816e60f.jpg 1600w\" sizes=\"(max-width: 1024px) 100vw, 1024px\" \/><\/figure><\/li><\/ul><\/figure>\n","protected":false},"excerpt":{"rendered":"<p>En su estelar d\u00e9cimo primera edici\u00f3n que se extender\u00e1 del mi\u00e9rcoles 16 al domingo 20, ofreciendo una [&hellip;]<\/p>\n","protected":false},"author":3,"featured_media":20137,"comment_status":"closed","ping_status":"closed","sticky":false,"template":"","format":"standard","meta":{"_jetpack_memberships_contains_paid_content":false,"footnotes":"","jetpack_publicize_message":"","jetpack_publicize_feature_enabled":true,"jetpack_social_post_already_shared":true,"jetpack_social_options":{"image_generator_settings":{"template":"highway","enabled":false}}},"categories":[31],"tags":[],"jetpack_publicize_connections":[],"jetpack_featured_media_url":"http:\/\/enteculturalsantafesino.com.ar\/usina2\/wp-content\/uploads\/2023\/08\/354bf928-bf64-4651-8acd-bf9a0a99ab91-e1691679197110.jpg","jetpack_sharing_enabled":true,"_links":{"self":[{"href":"http:\/\/enteculturalsantafesino.com.ar\/usina2\/wp-json\/wp\/v2\/posts\/20135"}],"collection":[{"href":"http:\/\/enteculturalsantafesino.com.ar\/usina2\/wp-json\/wp\/v2\/posts"}],"about":[{"href":"http:\/\/enteculturalsantafesino.com.ar\/usina2\/wp-json\/wp\/v2\/types\/post"}],"author":[{"embeddable":true,"href":"http:\/\/enteculturalsantafesino.com.ar\/usina2\/wp-json\/wp\/v2\/users\/3"}],"replies":[{"embeddable":true,"href":"http:\/\/enteculturalsantafesino.com.ar\/usina2\/wp-json\/wp\/v2\/comments?post=20135"}],"version-history":[{"count":1,"href":"http:\/\/enteculturalsantafesino.com.ar\/usina2\/wp-json\/wp\/v2\/posts\/20135\/revisions"}],"predecessor-version":[{"id":20140,"href":"http:\/\/enteculturalsantafesino.com.ar\/usina2\/wp-json\/wp\/v2\/posts\/20135\/revisions\/20140"}],"wp:featuredmedia":[{"embeddable":true,"href":"http:\/\/enteculturalsantafesino.com.ar\/usina2\/wp-json\/wp\/v2\/media\/20137"}],"wp:attachment":[{"href":"http:\/\/enteculturalsantafesino.com.ar\/usina2\/wp-json\/wp\/v2\/media?parent=20135"}],"wp:term":[{"taxonomy":"category","embeddable":true,"href":"http:\/\/enteculturalsantafesino.com.ar\/usina2\/wp-json\/wp\/v2\/categories?post=20135"},{"taxonomy":"post_tag","embeddable":true,"href":"http:\/\/enteculturalsantafesino.com.ar\/usina2\/wp-json\/wp\/v2\/tags?post=20135"}],"curies":[{"name":"wp","href":"https:\/\/api.w.org\/{rel}","templated":true}]}}