{"id":20142,"date":"2023-08-15T16:01:55","date_gmt":"2023-08-15T16:01:55","guid":{"rendered":"http:\/\/enteculturalsantafesino.com.ar\/usina2\/?p=20142"},"modified":"2023-08-15T16:01:57","modified_gmt":"2023-08-15T16:01:57","slug":"villa-san-jose-inauguro-las-muestras-arte-en-pelotas-y-campeones","status":"publish","type":"post","link":"http:\/\/enteculturalsantafesino.com.ar\/usina2\/2023\/08\/villa-san-jose-inauguro-las-muestras-arte-en-pelotas-y-campeones\/","title":{"rendered":"Villa San Jos\u00e9 inaugur\u00f3 las muestras \u00abArte en Pelotas y \u00abCampeones\u00bb"},"content":{"rendered":"\n<p>En la comunidad perteneciente al dpto Castellanos, inici\u00f3 su gira por las comunidades que integran a la <strong>Usina II<\/strong>, las muestras\u00a0<strong>\u00abArte en Pelotas\u00bb\u00a0<\/strong>y\u00a0<strong>\u00abCampeones\u00bb<\/strong>\u00a0en el <strong>Sal\u00f3n del Club Juventud Unida;<\/strong> coordinado por el <strong>\u00c1rea de Cultura comunal <\/strong>y el <strong>Ente Cultural Santafesino.<\/strong><\/p>\n\n\n\n<p>Dicho programa fue generado desde los&nbsp;<strong>Ente Culturales Santafesino&nbsp;y&nbsp;Cordob\u00e9s&nbsp;<\/strong>durante el 2022, exponiendo un centenar de obras de arte sobre balones de futbol, originados desde comunidades santafesinas y del sudeste cordob\u00e9s.<\/p>\n\n\n\n<p><em>\u00abEsta propuesta sigue su gira por el todo el territorio santafesino, con la posibilidad de disfrutar del talento de nuestros artistas pl\u00e1sticos, como as\u00ed tambi\u00e9n del reconocimiento a los Campeones de 1978, 1986 y 2022\u00bb<\/em>. manifest\u00f3<strong>&nbsp;Claudia Giaccone<\/strong>.<\/p>\n\n\n\n<p><em>El programa&nbsp;<strong>\u00abArte en Pelotas\u00bb<\/strong>&nbsp;consiste en la intervenci\u00f3n art\u00edstica sobre pelotas de f\u00fatbol, las cuales son pintadas en forma colectiva o individual. En dicha producci\u00f3n se refleja la idiosincrasia, el paisaje, la historia y el esp\u00edritu deportivo de cada comunidad participante.<\/em><\/p>\n\n\n\n<p><strong>Muestra itinerante \u201cCampeones\u201d<\/strong>&nbsp;<\/p>\n\n\n\n<p>Dicha propuesta impulsada por el&nbsp;<strong>Ente Cultural Santafesino<\/strong>&nbsp;y&nbsp;<strong>Cordob\u00e9s<\/strong>,&nbsp; gestaron a trav\u00e9s de las obras del artista&nbsp;<strong>Alfredo Blanco (Alfy)<\/strong>, esta propuesta que reconoce a los<strong>&nbsp;Campeones Mundiales 1978, 1986 y 2022<\/strong>, nacidos en las provincias de Santa Fe y C\u00f3rdoba.-<\/p>\n\n\n\n<p><strong>Alfredo Blanco<\/strong>,&nbsp;<em>m\u00e9dico pediatra, creador de caricaturas, ilustraciones y publicidades. Autor del \u00abDiego Alado\u00bb. Habitante del barrio de Villa Celina.<\/em><\/p>\n\n\n\n<p>La muestra sigue girando entre las localidades del Sudeste Cordob\u00e9s para llegar duante el mes de abril al territorio santafesino.<\/p>\n\n\n\n<p><strong><em>Muestra \u201cCampeones\u201d<\/em><\/strong><br><strong>Daniel Killer<\/strong>,&nbsp;<strong><em>C\u00e9sar Menotti&nbsp;<\/em><\/strong>y<strong>&nbsp;Sergio Almir\u00f3n<\/strong>&nbsp;(Rosario),<strong>&nbsp;Leopoldo Luque&nbsp;<\/strong>y<strong>&nbsp;Pedro Pasculli&nbsp;<\/strong>en la capital provincial;&nbsp;<strong>N\u00e9stor Clausen<\/strong>&nbsp;(Arruf\u00f3),&nbsp;<strong>Ricardo Giusti<\/strong>&nbsp;(Albarellos)<strong>&nbsp;Nery Pumpido<\/strong>&nbsp;(Monje),<strong>&nbsp;H\u00e9ctor Zelada&nbsp;<\/strong>(Maciel),&nbsp;<strong>Jorge Valdano<\/strong>&nbsp;(Las Parejas ) y&nbsp;<strong>Marcelo Trobbiani<\/strong>&nbsp;(Casilda)<\/p>\n\n\n\n<p><strong>Lionel Messi, \u00c1ngel Di Maria y \u00c1ngel Correa&nbsp;<\/strong>(Rosario),<strong>&nbsp;Franco Armani<\/strong>&nbsp;(Casilda),&nbsp;<strong>Walter Samuel<\/strong>&nbsp;(Firmat) y&nbsp;<strong>Lionel Scaloni&nbsp;<\/strong>(Pujato).<\/p>\n\n\n\n<figure class=\"wp-block-gallery columns-4 is-cropped wp-block-gallery-1 is-layout-flex wp-block-gallery-is-layout-flex\"><ul class=\"blocks-gallery-grid\"><li class=\"blocks-gallery-item\"><figure><img loading=\"lazy\" decoding=\"async\" width=\"1024\" height=\"766\" src=\"http:\/\/enteculturalsantafesino.com.ar\/usina2\/wp-content\/uploads\/2023\/08\/c1424c52-56c9-4b89-a75e-adc3351f6791-1024x766.jpg\" alt=\"\" data-id=\"20143\" data-full-url=\"http:\/\/enteculturalsantafesino.com.ar\/usina2\/wp-content\/uploads\/2023\/08\/c1424c52-56c9-4b89-a75e-adc3351f6791.jpg\" data-link=\"http:\/\/enteculturalsantafesino.com.ar\/usina2\/?attachment_id=20143\" class=\"wp-image-20143\" srcset=\"http:\/\/enteculturalsantafesino.com.ar\/usina2\/wp-content\/uploads\/2023\/08\/c1424c52-56c9-4b89-a75e-adc3351f6791-1024x766.jpg 1024w, http:\/\/enteculturalsantafesino.com.ar\/usina2\/wp-content\/uploads\/2023\/08\/c1424c52-56c9-4b89-a75e-adc3351f6791-300x224.jpg 300w, http:\/\/enteculturalsantafesino.com.ar\/usina2\/wp-content\/uploads\/2023\/08\/c1424c52-56c9-4b89-a75e-adc3351f6791-768x575.jpg 768w, http:\/\/enteculturalsantafesino.com.ar\/usina2\/wp-content\/uploads\/2023\/08\/c1424c52-56c9-4b89-a75e-adc3351f6791.jpg 1160w\" sizes=\"(max-width: 1024px) 100vw, 1024px\" \/><\/figure><\/li><li class=\"blocks-gallery-item\"><figure><img loading=\"lazy\" decoding=\"async\" width=\"576\" height=\"1024\" src=\"http:\/\/enteculturalsantafesino.com.ar\/usina2\/wp-content\/uploads\/2023\/08\/e4a5767b-4b02-4a9a-80f0-c398af2728b3-576x1024.jpg\" alt=\"\" data-id=\"20144\" data-full-url=\"http:\/\/enteculturalsantafesino.com.ar\/usina2\/wp-content\/uploads\/2023\/08\/e4a5767b-4b02-4a9a-80f0-c398af2728b3.jpg\" data-link=\"http:\/\/enteculturalsantafesino.com.ar\/usina2\/?attachment_id=20144\" class=\"wp-image-20144\" srcset=\"http:\/\/enteculturalsantafesino.com.ar\/usina2\/wp-content\/uploads\/2023\/08\/e4a5767b-4b02-4a9a-80f0-c398af2728b3-576x1024.jpg 576w, http:\/\/enteculturalsantafesino.com.ar\/usina2\/wp-content\/uploads\/2023\/08\/e4a5767b-4b02-4a9a-80f0-c398af2728b3-169x300.jpg 169w, http:\/\/enteculturalsantafesino.com.ar\/usina2\/wp-content\/uploads\/2023\/08\/e4a5767b-4b02-4a9a-80f0-c398af2728b3.jpg 720w\" sizes=\"(max-width: 576px) 100vw, 576px\" \/><\/figure><\/li><li class=\"blocks-gallery-item\"><figure><img loading=\"lazy\" decoding=\"async\" width=\"1024\" height=\"766\" src=\"http:\/\/enteculturalsantafesino.com.ar\/usina2\/wp-content\/uploads\/2023\/08\/3eb080b0-da5b-44e3-9467-66944c5609e8-1024x766.jpg\" alt=\"\" data-id=\"20145\" data-full-url=\"http:\/\/enteculturalsantafesino.com.ar\/usina2\/wp-content\/uploads\/2023\/08\/3eb080b0-da5b-44e3-9467-66944c5609e8.jpg\" data-link=\"http:\/\/enteculturalsantafesino.com.ar\/usina2\/?attachment_id=20145\" class=\"wp-image-20145\" srcset=\"http:\/\/enteculturalsantafesino.com.ar\/usina2\/wp-content\/uploads\/2023\/08\/3eb080b0-da5b-44e3-9467-66944c5609e8-1024x766.jpg 1024w, http:\/\/enteculturalsantafesino.com.ar\/usina2\/wp-content\/uploads\/2023\/08\/3eb080b0-da5b-44e3-9467-66944c5609e8-300x224.jpg 300w, http:\/\/enteculturalsantafesino.com.ar\/usina2\/wp-content\/uploads\/2023\/08\/3eb080b0-da5b-44e3-9467-66944c5609e8-768x575.jpg 768w, http:\/\/enteculturalsantafesino.com.ar\/usina2\/wp-content\/uploads\/2023\/08\/3eb080b0-da5b-44e3-9467-66944c5609e8.jpg 1160w\" sizes=\"(max-width: 1024px) 100vw, 1024px\" \/><\/figure><\/li><li class=\"blocks-gallery-item\"><figure><img loading=\"lazy\" decoding=\"async\" width=\"1024\" height=\"766\" src=\"http:\/\/enteculturalsantafesino.com.ar\/usina2\/wp-content\/uploads\/2023\/08\/91724ad2-31bd-4bdd-a076-620f9c4ed0e7-1024x766.jpg\" alt=\"\" data-id=\"20146\" data-full-url=\"http:\/\/enteculturalsantafesino.com.ar\/usina2\/wp-content\/uploads\/2023\/08\/91724ad2-31bd-4bdd-a076-620f9c4ed0e7.jpg\" data-link=\"http:\/\/enteculturalsantafesino.com.ar\/usina2\/?attachment_id=20146\" class=\"wp-image-20146\" srcset=\"http:\/\/enteculturalsantafesino.com.ar\/usina2\/wp-content\/uploads\/2023\/08\/91724ad2-31bd-4bdd-a076-620f9c4ed0e7-1024x766.jpg 1024w, http:\/\/enteculturalsantafesino.com.ar\/usina2\/wp-content\/uploads\/2023\/08\/91724ad2-31bd-4bdd-a076-620f9c4ed0e7-300x224.jpg 300w, http:\/\/enteculturalsantafesino.com.ar\/usina2\/wp-content\/uploads\/2023\/08\/91724ad2-31bd-4bdd-a076-620f9c4ed0e7-768x575.jpg 768w, http:\/\/enteculturalsantafesino.com.ar\/usina2\/wp-content\/uploads\/2023\/08\/91724ad2-31bd-4bdd-a076-620f9c4ed0e7.jpg 1160w\" sizes=\"(max-width: 1024px) 100vw, 1024px\" \/><\/figure><\/li><\/ul><\/figure>\n","protected":false},"excerpt":{"rendered":"<p>En la comunidad perteneciente al dpto Castellanos, inici\u00f3 su gira por las comunidades que integran a la [&hellip;]<\/p>\n","protected":false},"author":3,"featured_media":20145,"comment_status":"closed","ping_status":"closed","sticky":false,"template":"","format":"standard","meta":{"_jetpack_memberships_contains_paid_content":false,"footnotes":"","jetpack_publicize_message":"","jetpack_publicize_feature_enabled":true,"jetpack_social_post_already_shared":true,"jetpack_social_options":{"image_generator_settings":{"template":"highway","enabled":false}}},"categories":[28,55],"tags":[],"jetpack_publicize_connections":[],"jetpack_featured_media_url":"http:\/\/enteculturalsantafesino.com.ar\/usina2\/wp-content\/uploads\/2023\/08\/3eb080b0-da5b-44e3-9467-66944c5609e8.jpg","jetpack_sharing_enabled":true,"_links":{"self":[{"href":"http:\/\/enteculturalsantafesino.com.ar\/usina2\/wp-json\/wp\/v2\/posts\/20142"}],"collection":[{"href":"http:\/\/enteculturalsantafesino.com.ar\/usina2\/wp-json\/wp\/v2\/posts"}],"about":[{"href":"http:\/\/enteculturalsantafesino.com.ar\/usina2\/wp-json\/wp\/v2\/types\/post"}],"author":[{"embeddable":true,"href":"http:\/\/enteculturalsantafesino.com.ar\/usina2\/wp-json\/wp\/v2\/users\/3"}],"replies":[{"embeddable":true,"href":"http:\/\/enteculturalsantafesino.com.ar\/usina2\/wp-json\/wp\/v2\/comments?post=20142"}],"version-history":[{"count":1,"href":"http:\/\/enteculturalsantafesino.com.ar\/usina2\/wp-json\/wp\/v2\/posts\/20142\/revisions"}],"predecessor-version":[{"id":20147,"href":"http:\/\/enteculturalsantafesino.com.ar\/usina2\/wp-json\/wp\/v2\/posts\/20142\/revisions\/20147"}],"wp:featuredmedia":[{"embeddable":true,"href":"http:\/\/enteculturalsantafesino.com.ar\/usina2\/wp-json\/wp\/v2\/media\/20145"}],"wp:attachment":[{"href":"http:\/\/enteculturalsantafesino.com.ar\/usina2\/wp-json\/wp\/v2\/media?parent=20142"}],"wp:term":[{"taxonomy":"category","embeddable":true,"href":"http:\/\/enteculturalsantafesino.com.ar\/usina2\/wp-json\/wp\/v2\/categories?post=20142"},{"taxonomy":"post_tag","embeddable":true,"href":"http:\/\/enteculturalsantafesino.com.ar\/usina2\/wp-json\/wp\/v2\/tags?post=20142"}],"curies":[{"name":"wp","href":"https:\/\/api.w.org\/{rel}","templated":true}]}}