{"id":20149,"date":"2023-08-17T18:32:26","date_gmt":"2023-08-17T18:32:26","guid":{"rendered":"http:\/\/enteculturalsantafesino.com.ar\/usina2\/?p=20149"},"modified":"2023-08-17T18:32:29","modified_gmt":"2023-08-17T18:32:29","slug":"ramona-primera-noche-del-ftr-2023","status":"publish","type":"post","link":"http:\/\/enteculturalsantafesino.com.ar\/usina2\/2023\/08\/ramona-primera-noche-del-ftr-2023\/","title":{"rendered":"Ramona: Primera noche del \u00abFTR 2023\u00bb"},"content":{"rendered":"\n<p><strong>\u00abLos \u00c1rboles mueren de pie\u00bb en el 11\u00ba Festival de Teatro de Ramona 2023<\/strong><\/p>\n\n\n\n<p>Tal cual se encontraba pautado, se dio comienzo una nueva realizaci\u00f3n del gran evento cultural y m\u00e1s caracter\u00edstico de la localidad, extendi\u00e9ndose hasta el pr\u00f3ximo domingo 20, ofreciendo una variada cartelera de destacadas y reconocidas obras de la regi\u00f3n y del espect\u00e1culo nacional.<\/p>\n\n\n\n<p>Contando, como en las \u00faltimas ediciones con el auspicio de Instituto Nacional de Teatro, en la primer jornada fue con la presentaci\u00f3n de<strong> \u201cLos \u00e1rboles mueren de pie\u201d<\/strong> del Centro Ciudad de Rafaela, una adaptaci\u00f3n de la cl\u00e1sica creaci\u00f3n del dramaturgo espa\u00f1ol Alejandro Casona, que cuenta con la direcci\u00f3n de Arturo Gentilini y narra de forma simple, con una puesta sencilla, y actuaciones realistas como, a trav\u00e9s de una dulce mentira, la realidad puede ser menos dura, sin dejar de ser realidad.<\/p>\n","protected":false},"excerpt":{"rendered":"<p>\u00abLos \u00c1rboles mueren de pie\u00bb en el 11\u00ba Festival de Teatro de Ramona 2023 Tal cual se [&hellip;]<\/p>\n","protected":false},"author":3,"featured_media":20150,"comment_status":"closed","ping_status":"closed","sticky":false,"template":"","format":"standard","meta":{"_jetpack_memberships_contains_paid_content":false,"footnotes":"","jetpack_publicize_message":"","jetpack_publicize_feature_enabled":true,"jetpack_social_post_already_shared":true,"jetpack_social_options":{"image_generator_settings":{"template":"highway","enabled":false}}},"categories":[31],"tags":[],"jetpack_publicize_connections":[],"jetpack_featured_media_url":"http:\/\/enteculturalsantafesino.com.ar\/usina2\/wp-content\/uploads\/2023\/08\/368218825_682758087214411_5235140265429067870_n.jpg","jetpack_sharing_enabled":true,"_links":{"self":[{"href":"http:\/\/enteculturalsantafesino.com.ar\/usina2\/wp-json\/wp\/v2\/posts\/20149"}],"collection":[{"href":"http:\/\/enteculturalsantafesino.com.ar\/usina2\/wp-json\/wp\/v2\/posts"}],"about":[{"href":"http:\/\/enteculturalsantafesino.com.ar\/usina2\/wp-json\/wp\/v2\/types\/post"}],"author":[{"embeddable":true,"href":"http:\/\/enteculturalsantafesino.com.ar\/usina2\/wp-json\/wp\/v2\/users\/3"}],"replies":[{"embeddable":true,"href":"http:\/\/enteculturalsantafesino.com.ar\/usina2\/wp-json\/wp\/v2\/comments?post=20149"}],"version-history":[{"count":1,"href":"http:\/\/enteculturalsantafesino.com.ar\/usina2\/wp-json\/wp\/v2\/posts\/20149\/revisions"}],"predecessor-version":[{"id":20151,"href":"http:\/\/enteculturalsantafesino.com.ar\/usina2\/wp-json\/wp\/v2\/posts\/20149\/revisions\/20151"}],"wp:featuredmedia":[{"embeddable":true,"href":"http:\/\/enteculturalsantafesino.com.ar\/usina2\/wp-json\/wp\/v2\/media\/20150"}],"wp:attachment":[{"href":"http:\/\/enteculturalsantafesino.com.ar\/usina2\/wp-json\/wp\/v2\/media?parent=20149"}],"wp:term":[{"taxonomy":"category","embeddable":true,"href":"http:\/\/enteculturalsantafesino.com.ar\/usina2\/wp-json\/wp\/v2\/categories?post=20149"},{"taxonomy":"post_tag","embeddable":true,"href":"http:\/\/enteculturalsantafesino.com.ar\/usina2\/wp-json\/wp\/v2\/tags?post=20149"}],"curies":[{"name":"wp","href":"https:\/\/api.w.org\/{rel}","templated":true}]}}