{"id":20152,"date":"2023-08-17T20:50:38","date_gmt":"2023-08-17T20:50:38","guid":{"rendered":"http:\/\/enteculturalsantafesino.com.ar\/usina2\/?p=20152"},"modified":"2023-08-17T20:50:43","modified_gmt":"2023-08-17T20:50:43","slug":"progreso-presento-su-pelota-homenajeando-a-emiliano-sala","status":"publish","type":"post","link":"http:\/\/enteculturalsantafesino.com.ar\/usina2\/2023\/08\/progreso-presento-su-pelota-homenajeando-a-emiliano-sala\/","title":{"rendered":"Progreso present\u00f3 su pelota homenajeando a Emiliano Sala"},"content":{"rendered":"\n<p>El\u00a0pasado <strong>15 de agosto <\/strong>en el <strong>142\u00b0 aniversario<\/strong> de la comunidad se present\u00f3 la pelota que representar\u00e1 al pueblo, perteneciente al dpto. Las Colonias. <\/p>\n\n\n\n<p>Dicha pelota fue intervenida por la joven artista <strong>Nieves Ebeling<\/strong>, homenajeando y recordando al destacado futbolista y goleador <strong>Emiliano Sala<\/strong>, nacido en Progreso. En la pelota se resalta su espiritu de lucha, perseverancia, sacrificio y humildad como legado permanente del recordado jugador.<\/p>\n\n\n\n<p>En los pr\u00f3ximos d\u00edas la muestra itinerante llegar\u00e1 a Progreso y dicha obra local se sumar\u00e1 a las distintos balones que fueron intervenidos a lo largo y ancho de la bota santafesina.<\/p>\n\n\n\n<p><strong>\u00abArte en Pelotas\u00bb<\/strong><\/p>\n\n\n\n<p><em>El programa&nbsp;<strong>\u00abArte en Pelotas\u00bb<\/strong>&nbsp;consiste en la intervenci\u00f3n art\u00edstica sobre pelotas de f\u00fatbol, las cuales son pintadas en forma colectiva o individual. En dicha producci\u00f3n se refleja la idiosincrasia, el paisaje, la historia y el esp\u00edritu deportivo de cada comunidad participante.<\/em><\/p>\n\n\n\n<p>La muestra fue presentada en la&nbsp;<strong>Asociaci\u00f3n del F\u00fatbol Argentino (AFA)<\/strong>&nbsp;y en la<strong>&nbsp;XIX Fiesta Nacional de Pelota&nbsp;<\/strong>(Bell Ville), iniciando su recorrido por las comunidades adheridas a los Entes Culturales.<\/p>\n\n\n\n<figure class=\"wp-block-gallery columns-3 is-cropped wp-block-gallery-1 is-layout-flex wp-block-gallery-is-layout-flex\"><ul class=\"blocks-gallery-grid\"><li class=\"blocks-gallery-item\"><figure><img loading=\"lazy\" decoding=\"async\" width=\"1024\" height=\"682\" src=\"http:\/\/enteculturalsantafesino.com.ar\/usina2\/wp-content\/uploads\/2023\/08\/465b9679-b5f9-4177-af1e-9c2522153a5c-1024x682.jpg\" alt=\"\" data-id=\"20153\" data-full-url=\"http:\/\/enteculturalsantafesino.com.ar\/usina2\/wp-content\/uploads\/2023\/08\/465b9679-b5f9-4177-af1e-9c2522153a5c.jpg\" data-link=\"http:\/\/enteculturalsantafesino.com.ar\/usina2\/?attachment_id=20153\" class=\"wp-image-20153\" srcset=\"http:\/\/enteculturalsantafesino.com.ar\/usina2\/wp-content\/uploads\/2023\/08\/465b9679-b5f9-4177-af1e-9c2522153a5c-1024x682.jpg 1024w, http:\/\/enteculturalsantafesino.com.ar\/usina2\/wp-content\/uploads\/2023\/08\/465b9679-b5f9-4177-af1e-9c2522153a5c-300x200.jpg 300w, http:\/\/enteculturalsantafesino.com.ar\/usina2\/wp-content\/uploads\/2023\/08\/465b9679-b5f9-4177-af1e-9c2522153a5c-768x512.jpg 768w, http:\/\/enteculturalsantafesino.com.ar\/usina2\/wp-content\/uploads\/2023\/08\/465b9679-b5f9-4177-af1e-9c2522153a5c-1536x1023.jpg 1536w, http:\/\/enteculturalsantafesino.com.ar\/usina2\/wp-content\/uploads\/2023\/08\/465b9679-b5f9-4177-af1e-9c2522153a5c-589x392.jpg 589w, http:\/\/enteculturalsantafesino.com.ar\/usina2\/wp-content\/uploads\/2023\/08\/465b9679-b5f9-4177-af1e-9c2522153a5c.jpg 1600w\" sizes=\"(max-width: 1024px) 100vw, 1024px\" \/><\/figure><\/li><li class=\"blocks-gallery-item\"><figure><img loading=\"lazy\" decoding=\"async\" width=\"1024\" height=\"682\" src=\"http:\/\/enteculturalsantafesino.com.ar\/usina2\/wp-content\/uploads\/2023\/08\/4d1566ce-37f7-4196-ba2e-3d1bb6a8dac2-1024x682.jpg\" alt=\"\" data-id=\"20154\" data-full-url=\"http:\/\/enteculturalsantafesino.com.ar\/usina2\/wp-content\/uploads\/2023\/08\/4d1566ce-37f7-4196-ba2e-3d1bb6a8dac2.jpg\" data-link=\"http:\/\/enteculturalsantafesino.com.ar\/usina2\/?attachment_id=20154\" class=\"wp-image-20154\" srcset=\"http:\/\/enteculturalsantafesino.com.ar\/usina2\/wp-content\/uploads\/2023\/08\/4d1566ce-37f7-4196-ba2e-3d1bb6a8dac2-1024x682.jpg 1024w, http:\/\/enteculturalsantafesino.com.ar\/usina2\/wp-content\/uploads\/2023\/08\/4d1566ce-37f7-4196-ba2e-3d1bb6a8dac2-300x200.jpg 300w, http:\/\/enteculturalsantafesino.com.ar\/usina2\/wp-content\/uploads\/2023\/08\/4d1566ce-37f7-4196-ba2e-3d1bb6a8dac2-768x512.jpg 768w, http:\/\/enteculturalsantafesino.com.ar\/usina2\/wp-content\/uploads\/2023\/08\/4d1566ce-37f7-4196-ba2e-3d1bb6a8dac2-1536x1023.jpg 1536w, http:\/\/enteculturalsantafesino.com.ar\/usina2\/wp-content\/uploads\/2023\/08\/4d1566ce-37f7-4196-ba2e-3d1bb6a8dac2-589x392.jpg 589w, http:\/\/enteculturalsantafesino.com.ar\/usina2\/wp-content\/uploads\/2023\/08\/4d1566ce-37f7-4196-ba2e-3d1bb6a8dac2.jpg 1600w\" sizes=\"(max-width: 1024px) 100vw, 1024px\" \/><\/figure><\/li><li class=\"blocks-gallery-item\"><figure><img loading=\"lazy\" decoding=\"async\" width=\"1024\" height=\"682\" src=\"http:\/\/enteculturalsantafesino.com.ar\/usina2\/wp-content\/uploads\/2023\/08\/2935ce2a-e7f4-44b4-b4e2-157f2721d914-1024x682.jpg\" alt=\"\" data-id=\"20155\" data-full-url=\"http:\/\/enteculturalsantafesino.com.ar\/usina2\/wp-content\/uploads\/2023\/08\/2935ce2a-e7f4-44b4-b4e2-157f2721d914.jpg\" data-link=\"http:\/\/enteculturalsantafesino.com.ar\/usina2\/?attachment_id=20155\" class=\"wp-image-20155\" srcset=\"http:\/\/enteculturalsantafesino.com.ar\/usina2\/wp-content\/uploads\/2023\/08\/2935ce2a-e7f4-44b4-b4e2-157f2721d914-1024x682.jpg 1024w, http:\/\/enteculturalsantafesino.com.ar\/usina2\/wp-content\/uploads\/2023\/08\/2935ce2a-e7f4-44b4-b4e2-157f2721d914-300x200.jpg 300w, http:\/\/enteculturalsantafesino.com.ar\/usina2\/wp-content\/uploads\/2023\/08\/2935ce2a-e7f4-44b4-b4e2-157f2721d914-768x512.jpg 768w, http:\/\/enteculturalsantafesino.com.ar\/usina2\/wp-content\/uploads\/2023\/08\/2935ce2a-e7f4-44b4-b4e2-157f2721d914-1536x1023.jpg 1536w, http:\/\/enteculturalsantafesino.com.ar\/usina2\/wp-content\/uploads\/2023\/08\/2935ce2a-e7f4-44b4-b4e2-157f2721d914-589x392.jpg 589w, http:\/\/enteculturalsantafesino.com.ar\/usina2\/wp-content\/uploads\/2023\/08\/2935ce2a-e7f4-44b4-b4e2-157f2721d914.jpg 1600w\" sizes=\"(max-width: 1024px) 100vw, 1024px\" \/><\/figure><\/li><li class=\"blocks-gallery-item\"><figure><img loading=\"lazy\" decoding=\"async\" width=\"1024\" height=\"682\" src=\"http:\/\/enteculturalsantafesino.com.ar\/usina2\/wp-content\/uploads\/2023\/08\/c034f78e-657c-4783-8c03-84cf1c075905-1024x682.jpg\" alt=\"\" data-id=\"20156\" data-full-url=\"http:\/\/enteculturalsantafesino.com.ar\/usina2\/wp-content\/uploads\/2023\/08\/c034f78e-657c-4783-8c03-84cf1c075905.jpg\" data-link=\"http:\/\/enteculturalsantafesino.com.ar\/usina2\/?attachment_id=20156\" class=\"wp-image-20156\" srcset=\"http:\/\/enteculturalsantafesino.com.ar\/usina2\/wp-content\/uploads\/2023\/08\/c034f78e-657c-4783-8c03-84cf1c075905-1024x682.jpg 1024w, http:\/\/enteculturalsantafesino.com.ar\/usina2\/wp-content\/uploads\/2023\/08\/c034f78e-657c-4783-8c03-84cf1c075905-300x200.jpg 300w, http:\/\/enteculturalsantafesino.com.ar\/usina2\/wp-content\/uploads\/2023\/08\/c034f78e-657c-4783-8c03-84cf1c075905-768x512.jpg 768w, http:\/\/enteculturalsantafesino.com.ar\/usina2\/wp-content\/uploads\/2023\/08\/c034f78e-657c-4783-8c03-84cf1c075905-1536x1023.jpg 1536w, http:\/\/enteculturalsantafesino.com.ar\/usina2\/wp-content\/uploads\/2023\/08\/c034f78e-657c-4783-8c03-84cf1c075905-589x392.jpg 589w, http:\/\/enteculturalsantafesino.com.ar\/usina2\/wp-content\/uploads\/2023\/08\/c034f78e-657c-4783-8c03-84cf1c075905.jpg 1600w\" sizes=\"(max-width: 1024px) 100vw, 1024px\" \/><\/figure><\/li><li class=\"blocks-gallery-item\"><figure><img loading=\"lazy\" decoding=\"async\" width=\"1024\" height=\"682\" src=\"http:\/\/enteculturalsantafesino.com.ar\/usina2\/wp-content\/uploads\/2023\/08\/f3cc3f84-0b09-4785-bbe8-257e444e84c9-1024x682.jpg\" alt=\"\" data-id=\"20157\" data-full-url=\"http:\/\/enteculturalsantafesino.com.ar\/usina2\/wp-content\/uploads\/2023\/08\/f3cc3f84-0b09-4785-bbe8-257e444e84c9.jpg\" data-link=\"http:\/\/enteculturalsantafesino.com.ar\/usina2\/?attachment_id=20157\" class=\"wp-image-20157\" srcset=\"http:\/\/enteculturalsantafesino.com.ar\/usina2\/wp-content\/uploads\/2023\/08\/f3cc3f84-0b09-4785-bbe8-257e444e84c9-1024x682.jpg 1024w, http:\/\/enteculturalsantafesino.com.ar\/usina2\/wp-content\/uploads\/2023\/08\/f3cc3f84-0b09-4785-bbe8-257e444e84c9-300x200.jpg 300w, http:\/\/enteculturalsantafesino.com.ar\/usina2\/wp-content\/uploads\/2023\/08\/f3cc3f84-0b09-4785-bbe8-257e444e84c9-768x512.jpg 768w, http:\/\/enteculturalsantafesino.com.ar\/usina2\/wp-content\/uploads\/2023\/08\/f3cc3f84-0b09-4785-bbe8-257e444e84c9-1536x1023.jpg 1536w, http:\/\/enteculturalsantafesino.com.ar\/usina2\/wp-content\/uploads\/2023\/08\/f3cc3f84-0b09-4785-bbe8-257e444e84c9-589x392.jpg 589w, http:\/\/enteculturalsantafesino.com.ar\/usina2\/wp-content\/uploads\/2023\/08\/f3cc3f84-0b09-4785-bbe8-257e444e84c9.jpg 1600w\" sizes=\"(max-width: 1024px) 100vw, 1024px\" \/><\/figure><\/li><\/ul><\/figure>\n","protected":false},"excerpt":{"rendered":"<p>El\u00a0pasado 15 de agosto en el 142\u00b0 aniversario de la comunidad se present\u00f3 la pelota que representar\u00e1 [&hellip;]<\/p>\n","protected":false},"author":3,"featured_media":20153,"comment_status":"closed","ping_status":"closed","sticky":false,"template":"","format":"standard","meta":{"_jetpack_memberships_contains_paid_content":false,"footnotes":"","jetpack_publicize_message":"","jetpack_publicize_feature_enabled":true,"jetpack_social_post_already_shared":true,"jetpack_social_options":{"image_generator_settings":{"template":"highway","enabled":false}}},"categories":[28,53],"tags":[],"jetpack_publicize_connections":[],"jetpack_featured_media_url":"http:\/\/enteculturalsantafesino.com.ar\/usina2\/wp-content\/uploads\/2023\/08\/465b9679-b5f9-4177-af1e-9c2522153a5c.jpg","jetpack_sharing_enabled":true,"_links":{"self":[{"href":"http:\/\/enteculturalsantafesino.com.ar\/usina2\/wp-json\/wp\/v2\/posts\/20152"}],"collection":[{"href":"http:\/\/enteculturalsantafesino.com.ar\/usina2\/wp-json\/wp\/v2\/posts"}],"about":[{"href":"http:\/\/enteculturalsantafesino.com.ar\/usina2\/wp-json\/wp\/v2\/types\/post"}],"author":[{"embeddable":true,"href":"http:\/\/enteculturalsantafesino.com.ar\/usina2\/wp-json\/wp\/v2\/users\/3"}],"replies":[{"embeddable":true,"href":"http:\/\/enteculturalsantafesino.com.ar\/usina2\/wp-json\/wp\/v2\/comments?post=20152"}],"version-history":[{"count":1,"href":"http:\/\/enteculturalsantafesino.com.ar\/usina2\/wp-json\/wp\/v2\/posts\/20152\/revisions"}],"predecessor-version":[{"id":20158,"href":"http:\/\/enteculturalsantafesino.com.ar\/usina2\/wp-json\/wp\/v2\/posts\/20152\/revisions\/20158"}],"wp:featuredmedia":[{"embeddable":true,"href":"http:\/\/enteculturalsantafesino.com.ar\/usina2\/wp-json\/wp\/v2\/media\/20153"}],"wp:attachment":[{"href":"http:\/\/enteculturalsantafesino.com.ar\/usina2\/wp-json\/wp\/v2\/media?parent=20152"}],"wp:term":[{"taxonomy":"category","embeddable":true,"href":"http:\/\/enteculturalsantafesino.com.ar\/usina2\/wp-json\/wp\/v2\/categories?post=20152"},{"taxonomy":"post_tag","embeddable":true,"href":"http:\/\/enteculturalsantafesino.com.ar\/usina2\/wp-json\/wp\/v2\/tags?post=20152"}],"curies":[{"name":"wp","href":"https:\/\/api.w.org\/{rel}","templated":true}]}}