{"id":20159,"date":"2023-08-20T15:02:47","date_gmt":"2023-08-20T15:02:47","guid":{"rendered":"http:\/\/enteculturalsantafesino.com.ar\/usina2\/?p=20159"},"modified":"2023-08-20T15:02:50","modified_gmt":"2023-08-20T15:02:50","slug":"ramona-sigue-respirando-teatro-en-el-ftr-2023","status":"publish","type":"post","link":"http:\/\/enteculturalsantafesino.com.ar\/usina2\/2023\/08\/ramona-sigue-respirando-teatro-en-el-ftr-2023\/","title":{"rendered":"Ramona sigue respirando Teatro en el FTR 2023"},"content":{"rendered":"\n<p><strong>\u00abEl Silencio\u00bb la cuarta obra que lleg\u00f3 al FTR 2023<\/strong><\/p>\n\n\n\n<p>Desde la ciudad de C\u00f3rdoba el Elenco Concertado present\u00f3 la obra \u00abEl Silencio\u00bb, de g\u00e9nero danza contempor\u00e1nea con la participaci\u00f3n de la reconocida bailarina Cecilia Priotto.<\/p>\n\n\n\n<figure class=\"wp-block-gallery columns-1 is-cropped wp-block-gallery-1 is-layout-flex wp-block-gallery-is-layout-flex\"><ul class=\"blocks-gallery-grid\"><li class=\"blocks-gallery-item\"><figure><img loading=\"lazy\" decoding=\"async\" width=\"1024\" height=\"472\" src=\"http:\/\/enteculturalsantafesino.com.ar\/usina2\/wp-content\/uploads\/2023\/08\/367422605_683883437101876_8991385982396818458_n-1024x472.jpg\" alt=\"\" data-id=\"20162\" data-full-url=\"http:\/\/enteculturalsantafesino.com.ar\/usina2\/wp-content\/uploads\/2023\/08\/367422605_683883437101876_8991385982396818458_n-scaled.jpg\" data-link=\"http:\/\/enteculturalsantafesino.com.ar\/usina2\/?attachment_id=20162\" class=\"wp-image-20162\" srcset=\"http:\/\/enteculturalsantafesino.com.ar\/usina2\/wp-content\/uploads\/2023\/08\/367422605_683883437101876_8991385982396818458_n-1024x472.jpg 1024w, http:\/\/enteculturalsantafesino.com.ar\/usina2\/wp-content\/uploads\/2023\/08\/367422605_683883437101876_8991385982396818458_n-300x138.jpg 300w, http:\/\/enteculturalsantafesino.com.ar\/usina2\/wp-content\/uploads\/2023\/08\/367422605_683883437101876_8991385982396818458_n-768x354.jpg 768w, http:\/\/enteculturalsantafesino.com.ar\/usina2\/wp-content\/uploads\/2023\/08\/367422605_683883437101876_8991385982396818458_n-1536x708.jpg 1536w, http:\/\/enteculturalsantafesino.com.ar\/usina2\/wp-content\/uploads\/2023\/08\/367422605_683883437101876_8991385982396818458_n-2048x944.jpg 2048w\" sizes=\"(max-width: 1024px) 100vw, 1024px\" \/><\/figure><\/li><\/ul><\/figure>\n\n\n\n<p><strong>\u201cLengua Madre\u00bb la tercera obra en el FTR 2023<\/strong><\/p>\n\n\n\n<p>Desde la ciudad de C\u00f3rdoba el Elenco Concertado present\u00f3 la obra \u201cLengua Madre\u201d donde incursiona en la cruda experiencia de una joven nacida en cautiverio durante la \u00faltima dictadura que, luego de la muerte de su madre y a trav\u00e9s de sus cartas, reconstruye su historia familiar.<\/p>\n\n\n\n<figure class=\"wp-block-gallery columns-1 is-cropped wp-block-gallery-2 is-layout-flex wp-block-gallery-is-layout-flex\"><ul class=\"blocks-gallery-grid\"><li class=\"blocks-gallery-item\"><figure><img loading=\"lazy\" decoding=\"async\" width=\"1024\" height=\"768\" src=\"http:\/\/enteculturalsantafesino.com.ar\/usina2\/wp-content\/uploads\/2023\/08\/368833809_683522333804653_8173555995846741717_n-1024x768.jpg\" alt=\"\" data-id=\"20163\" data-full-url=\"http:\/\/enteculturalsantafesino.com.ar\/usina2\/wp-content\/uploads\/2023\/08\/368833809_683522333804653_8173555995846741717_n.jpg\" data-link=\"http:\/\/enteculturalsantafesino.com.ar\/usina2\/?attachment_id=20163\" class=\"wp-image-20163\" srcset=\"http:\/\/enteculturalsantafesino.com.ar\/usina2\/wp-content\/uploads\/2023\/08\/368833809_683522333804653_8173555995846741717_n-1024x768.jpg 1024w, http:\/\/enteculturalsantafesino.com.ar\/usina2\/wp-content\/uploads\/2023\/08\/368833809_683522333804653_8173555995846741717_n-300x225.jpg 300w, http:\/\/enteculturalsantafesino.com.ar\/usina2\/wp-content\/uploads\/2023\/08\/368833809_683522333804653_8173555995846741717_n-768x576.jpg 768w, http:\/\/enteculturalsantafesino.com.ar\/usina2\/wp-content\/uploads\/2023\/08\/368833809_683522333804653_8173555995846741717_n-1536x1152.jpg 1536w, http:\/\/enteculturalsantafesino.com.ar\/usina2\/wp-content\/uploads\/2023\/08\/368833809_683522333804653_8173555995846741717_n.jpg 2048w\" sizes=\"(max-width: 1024px) 100vw, 1024px\" \/><\/figure><\/li><\/ul><\/figure>\n\n\n\n<p><strong>Made in Lan\u00fas en la segunda noche del FTR 2023<\/strong><\/p>\n\n\n\n<p>Se present\u00f3 a escena el elenco de Maquinarte de Sunchales con la obra <strong>\u201cMade in Lan\u00fas\u201d <\/strong>en la adecuaci\u00f3n del creativo director Gabriel Florito.<\/p>\n\n\n\n<p>Una historia que profundiza en la forma en que los argentinos sienten el desarraigo, una obra emocionante, de esp\u00edritu nost\u00e1lgico, donde se podr\u00e1 encontrar un espejo de esta sociedad: la ambig\u00fcedad del que sue\u00f1a con vivir en el \u00abprimer mundo\u00bb, pero no puede olvidar el lugar en el que naci\u00f3, las peque\u00f1as an\u00e9cdotas de su infancia y el profundo amor por su patria.<\/p>\n\n\n\n<figure class=\"wp-block-gallery columns-1 is-cropped wp-block-gallery-3 is-layout-flex wp-block-gallery-is-layout-flex\"><ul class=\"blocks-gallery-grid\"><li class=\"blocks-gallery-item\"><figure><img loading=\"lazy\" decoding=\"async\" width=\"1024\" height=\"768\" src=\"http:\/\/enteculturalsantafesino.com.ar\/usina2\/wp-content\/uploads\/2023\/08\/368833843_683291290494424_6203661897106602529_n-1024x768.jpg\" alt=\"\" data-id=\"20160\" data-full-url=\"http:\/\/enteculturalsantafesino.com.ar\/usina2\/wp-content\/uploads\/2023\/08\/368833843_683291290494424_6203661897106602529_n.jpg\" data-link=\"http:\/\/enteculturalsantafesino.com.ar\/usina2\/?attachment_id=20160\" class=\"wp-image-20160\" srcset=\"http:\/\/enteculturalsantafesino.com.ar\/usina2\/wp-content\/uploads\/2023\/08\/368833843_683291290494424_6203661897106602529_n-1024x768.jpg 1024w, http:\/\/enteculturalsantafesino.com.ar\/usina2\/wp-content\/uploads\/2023\/08\/368833843_683291290494424_6203661897106602529_n-300x225.jpg 300w, http:\/\/enteculturalsantafesino.com.ar\/usina2\/wp-content\/uploads\/2023\/08\/368833843_683291290494424_6203661897106602529_n-768x576.jpg 768w, http:\/\/enteculturalsantafesino.com.ar\/usina2\/wp-content\/uploads\/2023\/08\/368833843_683291290494424_6203661897106602529_n-1536x1152.jpg 1536w, http:\/\/enteculturalsantafesino.com.ar\/usina2\/wp-content\/uploads\/2023\/08\/368833843_683291290494424_6203661897106602529_n.jpg 2048w\" sizes=\"(max-width: 1024px) 100vw, 1024px\" \/><\/figure><\/li><\/ul><\/figure>\n","protected":false},"excerpt":{"rendered":"<p>\u00abEl Silencio\u00bb la cuarta obra que lleg\u00f3 al FTR 2023 Desde la ciudad de C\u00f3rdoba el Elenco [&hellip;]<\/p>\n","protected":false},"author":3,"featured_media":20163,"comment_status":"closed","ping_status":"closed","sticky":false,"template":"","format":"standard","meta":{"_jetpack_memberships_contains_paid_content":false,"footnotes":"","jetpack_publicize_message":"","jetpack_publicize_feature_enabled":true,"jetpack_social_post_already_shared":true,"jetpack_social_options":{"image_generator_settings":{"template":"highway","enabled":false}}},"categories":[31],"tags":[],"jetpack_publicize_connections":[],"jetpack_featured_media_url":"http:\/\/enteculturalsantafesino.com.ar\/usina2\/wp-content\/uploads\/2023\/08\/368833809_683522333804653_8173555995846741717_n.jpg","jetpack_sharing_enabled":true,"_links":{"self":[{"href":"http:\/\/enteculturalsantafesino.com.ar\/usina2\/wp-json\/wp\/v2\/posts\/20159"}],"collection":[{"href":"http:\/\/enteculturalsantafesino.com.ar\/usina2\/wp-json\/wp\/v2\/posts"}],"about":[{"href":"http:\/\/enteculturalsantafesino.com.ar\/usina2\/wp-json\/wp\/v2\/types\/post"}],"author":[{"embeddable":true,"href":"http:\/\/enteculturalsantafesino.com.ar\/usina2\/wp-json\/wp\/v2\/users\/3"}],"replies":[{"embeddable":true,"href":"http:\/\/enteculturalsantafesino.com.ar\/usina2\/wp-json\/wp\/v2\/comments?post=20159"}],"version-history":[{"count":2,"href":"http:\/\/enteculturalsantafesino.com.ar\/usina2\/wp-json\/wp\/v2\/posts\/20159\/revisions"}],"predecessor-version":[{"id":20164,"href":"http:\/\/enteculturalsantafesino.com.ar\/usina2\/wp-json\/wp\/v2\/posts\/20159\/revisions\/20164"}],"wp:featuredmedia":[{"embeddable":true,"href":"http:\/\/enteculturalsantafesino.com.ar\/usina2\/wp-json\/wp\/v2\/media\/20163"}],"wp:attachment":[{"href":"http:\/\/enteculturalsantafesino.com.ar\/usina2\/wp-json\/wp\/v2\/media?parent=20159"}],"wp:term":[{"taxonomy":"category","embeddable":true,"href":"http:\/\/enteculturalsantafesino.com.ar\/usina2\/wp-json\/wp\/v2\/categories?post=20159"},{"taxonomy":"post_tag","embeddable":true,"href":"http:\/\/enteculturalsantafesino.com.ar\/usina2\/wp-json\/wp\/v2\/tags?post=20159"}],"curies":[{"name":"wp","href":"https:\/\/api.w.org\/{rel}","templated":true}]}}