{"id":20229,"date":"2023-09-06T16:13:21","date_gmt":"2023-09-06T16:13:21","guid":{"rendered":"http:\/\/enteculturalsantafesino.com.ar\/usina2\/?p=20229"},"modified":"2023-09-06T16:13:24","modified_gmt":"2023-09-06T16:13:24","slug":"colonia-raquel-sumo-su-obra-para-arte-en-pelotas","status":"publish","type":"post","link":"http:\/\/enteculturalsantafesino.com.ar\/usina2\/2023\/09\/colonia-raquel-sumo-su-obra-para-arte-en-pelotas\/","title":{"rendered":"Colonia Raquel sum\u00f3 su obra para \u00abArte en Pelotas\u00bb"},"content":{"rendered":"\n<p>En el\u00a0<strong>Museo \u00abLos Pioneros\u00bb\u00a0<\/strong>desde el<strong>\u00a031 de agosto\u00a0<\/strong>al<strong>\u00a07 de septiembre<\/strong>\u00a0se exhibieron las muestras\u00a0<strong>\u00abArte en Pelotas\u00bb\u00a0<\/strong>y\u00a0<strong>\u00abCampeones\u00bb<\/strong>\u00a0continuando con su recorrido por las localidades que integran a la\u00a0<strong>Usina Cultural II<\/strong><\/p>\n\n\n\n<p>Dicho programa fue generado desde los\u00a0<strong>Ente Culturales Santafesino\u00a0y\u00a0Cordob\u00e9s\u00a0<\/strong>durante el 2022, exponiendo un centenar de obras de arte sobre balones de futbol, originados desde comunidades santafesinas y del sudeste cordob\u00e9s.<\/p>\n\n\n\n<p><strong>La Pelota de Colonia Raquel<\/strong><\/p>\n\n\n\n<p><em>En ella se reflejan los colores (naranja y negro) del Club \u00abEl Bochazo\u00bb de Colonia Raquel, junto a una mujer joven y dos infantes tomados de la mano, haciendo de puente, uni\u00f3n y gu\u00eda hacia un deporte sin competencia, enemistades, donde la violencia no existe y a este mensaje se le adjunta palabras de acciones positivas, es decir por f\u00fatbol donde lo importante sea generar lazos de amistades, diversi\u00f3n, encuentro y conocer a un otro sin importar el club de preferencia personal e individual, coexistiendo todos en en comunidad afectiva y de contenci\u00f3n<\/em><\/p>\n\n\n\n<figure class=\"wp-block-gallery columns-3 is-cropped wp-block-gallery-1 is-layout-flex wp-block-gallery-is-layout-flex\"><ul class=\"blocks-gallery-grid\"><li class=\"blocks-gallery-item\"><figure><img loading=\"lazy\" decoding=\"async\" width=\"1024\" height=\"576\" src=\"http:\/\/enteculturalsantafesino.com.ar\/usina2\/wp-content\/uploads\/2023\/09\/3cc31933-9b0d-4ef7-9c0f-281385c85b00-1024x576.jpg\" alt=\"\" data-id=\"20230\" data-full-url=\"http:\/\/enteculturalsantafesino.com.ar\/usina2\/wp-content\/uploads\/2023\/09\/3cc31933-9b0d-4ef7-9c0f-281385c85b00.jpg\" data-link=\"http:\/\/enteculturalsantafesino.com.ar\/usina2\/?attachment_id=20230\" class=\"wp-image-20230\" srcset=\"http:\/\/enteculturalsantafesino.com.ar\/usina2\/wp-content\/uploads\/2023\/09\/3cc31933-9b0d-4ef7-9c0f-281385c85b00-1024x576.jpg 1024w, http:\/\/enteculturalsantafesino.com.ar\/usina2\/wp-content\/uploads\/2023\/09\/3cc31933-9b0d-4ef7-9c0f-281385c85b00-300x169.jpg 300w, http:\/\/enteculturalsantafesino.com.ar\/usina2\/wp-content\/uploads\/2023\/09\/3cc31933-9b0d-4ef7-9c0f-281385c85b00-768x432.jpg 768w, http:\/\/enteculturalsantafesino.com.ar\/usina2\/wp-content\/uploads\/2023\/09\/3cc31933-9b0d-4ef7-9c0f-281385c85b00.jpg 1280w\" sizes=\"(max-width: 1024px) 100vw, 1024px\" \/><\/figure><\/li><li class=\"blocks-gallery-item\"><figure><img loading=\"lazy\" decoding=\"async\" width=\"576\" height=\"1024\" src=\"http:\/\/enteculturalsantafesino.com.ar\/usina2\/wp-content\/uploads\/2023\/09\/82bc8fbd-1cf1-40e8-8fc0-fed9bbe675ba-576x1024.jpg\" alt=\"\" data-id=\"20231\" data-full-url=\"http:\/\/enteculturalsantafesino.com.ar\/usina2\/wp-content\/uploads\/2023\/09\/82bc8fbd-1cf1-40e8-8fc0-fed9bbe675ba-e1694016754829.jpg\" data-link=\"http:\/\/enteculturalsantafesino.com.ar\/usina2\/?attachment_id=20231\" class=\"wp-image-20231\"\/><\/figure><\/li><li class=\"blocks-gallery-item\"><figure><img loading=\"lazy\" decoding=\"async\" width=\"1024\" height=\"576\" src=\"http:\/\/enteculturalsantafesino.com.ar\/usina2\/wp-content\/uploads\/2023\/09\/c8d94541-c461-406a-bcff-8507fc0341d6-1024x576.jpg\" alt=\"\" data-id=\"20232\" data-full-url=\"http:\/\/enteculturalsantafesino.com.ar\/usina2\/wp-content\/uploads\/2023\/09\/c8d94541-c461-406a-bcff-8507fc0341d6.jpg\" data-link=\"http:\/\/enteculturalsantafesino.com.ar\/usina2\/?attachment_id=20232\" class=\"wp-image-20232\" srcset=\"http:\/\/enteculturalsantafesino.com.ar\/usina2\/wp-content\/uploads\/2023\/09\/c8d94541-c461-406a-bcff-8507fc0341d6-1024x576.jpg 1024w, http:\/\/enteculturalsantafesino.com.ar\/usina2\/wp-content\/uploads\/2023\/09\/c8d94541-c461-406a-bcff-8507fc0341d6-300x169.jpg 300w, http:\/\/enteculturalsantafesino.com.ar\/usina2\/wp-content\/uploads\/2023\/09\/c8d94541-c461-406a-bcff-8507fc0341d6-768x432.jpg 768w, http:\/\/enteculturalsantafesino.com.ar\/usina2\/wp-content\/uploads\/2023\/09\/c8d94541-c461-406a-bcff-8507fc0341d6.jpg 1280w\" sizes=\"(max-width: 1024px) 100vw, 1024px\" \/><\/figure><\/li><\/ul><\/figure>\n\n\n\n<p><em>\u00abEsta propuesta sigue su gira por el todo el territorio santafesino, con la posibilidad de disfrutar del talento de nuestros artistas pl\u00e1sticos, como as\u00ed tambi\u00e9n del reconocimiento a los Campeones de 1978, 1986 y 2022\u00bb<\/em>. manifest\u00f3<strong>&nbsp;Claudia Giaccone<\/strong>.<\/p>\n\n\n\n<p><em>El programa\u00a0<strong>\u00abArte en Pelotas\u00bb<\/strong>\u00a0consiste en la intervenci\u00f3n art\u00edstica sobre pelotas de f\u00fatbol, las cuales son pintadas en forma colectiva o individual. En dicha producci\u00f3n se refleja la idiosincrasia, el paisaje, la historia y el esp\u00edritu deportivo de cada comunidad participante.<\/em><\/p>\n\n\n\n<p><strong>Muestra itinerante \u201cCampeones\u201d<\/strong>&nbsp;<\/p>\n\n\n\n<p>Dicha propuesta impulsada por el&nbsp;<strong>Ente Cultural Santafesino<\/strong>&nbsp;y&nbsp;<strong>Cordob\u00e9s<\/strong>,&nbsp; gestaron a trav\u00e9s de las obras del artista&nbsp;<strong>Alfredo Blanco (Alfy)<\/strong>, esta propuesta que reconoce a los<strong>&nbsp;Campeones Mundiales 1978, 1986 y 2022<\/strong>, nacidos en las provincias de Santa Fe y C\u00f3rdoba.-<\/p>\n\n\n\n<p><strong>Alfredo Blanco<\/strong>,&nbsp;<em>m\u00e9dico pediatra, creador de caricaturas, ilustraciones y publicidades. Autor del \u00abDiego Alado\u00bb. Habitante del barrio de Villa Celina.<\/em><\/p>\n\n\n\n<p>La muestra sigue girando entre las localidades del Sudeste Cordob\u00e9s para llegar duante el mes de abril al territorio santafesino.<\/p>\n\n\n\n<p><strong><em>Muestra \u201cCampeones\u201d<\/em><\/strong><br><strong>Daniel Killer<\/strong>,&nbsp;<strong><em>C\u00e9sar Menotti&nbsp;<\/em><\/strong>y<strong>&nbsp;Sergio Almir\u00f3n<\/strong>&nbsp;(Rosario),<strong>&nbsp;Leopoldo Luque&nbsp;<\/strong>y<strong>&nbsp;Pedro Pasculli&nbsp;<\/strong>en la capital provincial;&nbsp;<strong>N\u00e9stor Clausen<\/strong>&nbsp;(Arruf\u00f3),&nbsp;<strong>Ricardo Giusti<\/strong>&nbsp;(Albarellos)<strong>&nbsp;Nery Pumpido<\/strong>&nbsp;(Monje),<strong>&nbsp;H\u00e9ctor Zelada&nbsp;<\/strong>(Maciel),&nbsp;<strong>Jorge Valdano<\/strong>&nbsp;(Las Parejas ) y&nbsp;<strong>Marcelo Trobbiani<\/strong>&nbsp;(Casilda)<\/p>\n\n\n\n<p><strong>Lionel Messi, \u00c1ngel Di Maria y \u00c1ngel Correa&nbsp;<\/strong>(Rosario),<strong>&nbsp;Franco Armani<\/strong>&nbsp;(Casilda),&nbsp;<strong>Walter Samuel<\/strong>&nbsp;(Firmat) y&nbsp;<strong>Lionel Scaloni&nbsp;<\/strong>(Pujato).<\/p>\n","protected":false},"excerpt":{"rendered":"<p>En el\u00a0Museo \u00abLos Pioneros\u00bb\u00a0desde el\u00a031 de agosto\u00a0al\u00a07 de septiembre\u00a0se exhibieron las muestras\u00a0\u00abArte en Pelotas\u00bb\u00a0y\u00a0\u00abCampeones\u00bb\u00a0continuando con su recorrido [&hellip;]<\/p>\n","protected":false},"author":3,"featured_media":20231,"comment_status":"closed","ping_status":"closed","sticky":false,"template":"","format":"standard","meta":{"_jetpack_memberships_contains_paid_content":false,"footnotes":"","jetpack_publicize_message":"","jetpack_publicize_feature_enabled":true,"jetpack_social_post_already_shared":true,"jetpack_social_options":{"image_generator_settings":{"template":"highway","enabled":false}}},"categories":[56,28],"tags":[],"jetpack_publicize_connections":[],"jetpack_featured_media_url":"http:\/\/enteculturalsantafesino.com.ar\/usina2\/wp-content\/uploads\/2023\/09\/82bc8fbd-1cf1-40e8-8fc0-fed9bbe675ba-e1694016754829.jpg","jetpack_sharing_enabled":true,"_links":{"self":[{"href":"http:\/\/enteculturalsantafesino.com.ar\/usina2\/wp-json\/wp\/v2\/posts\/20229"}],"collection":[{"href":"http:\/\/enteculturalsantafesino.com.ar\/usina2\/wp-json\/wp\/v2\/posts"}],"about":[{"href":"http:\/\/enteculturalsantafesino.com.ar\/usina2\/wp-json\/wp\/v2\/types\/post"}],"author":[{"embeddable":true,"href":"http:\/\/enteculturalsantafesino.com.ar\/usina2\/wp-json\/wp\/v2\/users\/3"}],"replies":[{"embeddable":true,"href":"http:\/\/enteculturalsantafesino.com.ar\/usina2\/wp-json\/wp\/v2\/comments?post=20229"}],"version-history":[{"count":1,"href":"http:\/\/enteculturalsantafesino.com.ar\/usina2\/wp-json\/wp\/v2\/posts\/20229\/revisions"}],"predecessor-version":[{"id":20233,"href":"http:\/\/enteculturalsantafesino.com.ar\/usina2\/wp-json\/wp\/v2\/posts\/20229\/revisions\/20233"}],"wp:featuredmedia":[{"embeddable":true,"href":"http:\/\/enteculturalsantafesino.com.ar\/usina2\/wp-json\/wp\/v2\/media\/20231"}],"wp:attachment":[{"href":"http:\/\/enteculturalsantafesino.com.ar\/usina2\/wp-json\/wp\/v2\/media?parent=20229"}],"wp:term":[{"taxonomy":"category","embeddable":true,"href":"http:\/\/enteculturalsantafesino.com.ar\/usina2\/wp-json\/wp\/v2\/categories?post=20229"},{"taxonomy":"post_tag","embeddable":true,"href":"http:\/\/enteculturalsantafesino.com.ar\/usina2\/wp-json\/wp\/v2\/tags?post=20229"}],"curies":[{"name":"wp","href":"https:\/\/api.w.org\/{rel}","templated":true}]}}