{"id":20383,"date":"2024-03-23T23:47:52","date_gmt":"2024-03-23T23:47:52","guid":{"rendered":"http:\/\/enteculturalsantafesino.com.ar\/usina2\/?p=20383"},"modified":"2024-03-23T23:47:55","modified_gmt":"2024-03-23T23:47:55","slug":"de-pueblo-en-pueblo-llego-a-felicia","status":"publish","type":"post","link":"http:\/\/enteculturalsantafesino.com.ar\/usina2\/2024\/03\/de-pueblo-en-pueblo-llego-a-felicia\/","title":{"rendered":"\u00abDe Pueblo en Pueblo\u00bb lleg\u00f3 a Felicia"},"content":{"rendered":"\n<p>El <strong>viernes 22 <\/strong>integrantes de la <strong>Biblioteca Popular Felicia<\/strong> hicieron entrega de los libros<strong> \u00abDe Pueblo en Pueblo 2023\u00bb <\/strong>a los alumnos de la <strong>E.E.S.O.P.I. N\u00b0 8128.<\/strong><\/p>\n\n\n\n<p>Dicho material auspiciadlo por la <strong>Lic. Claudia Giaccone<\/strong> y promovido por el  Ente Cultural Santafesino lleg\u00f3 a su s\u00e9ptima edici\u00f3n recorriendo cada rinc\u00f3n de la provincia de Santa Fe.<\/p>\n\n\n\n<p>Alumnos y escritores de la comunidad perteneciente al dpto. Las Colonias formaron parte de estas ediciones inspiradas en la creaci\u00f3n de conciencia ecol\u00f3gica; obras literarias dedicadas al medio ambiente tomando al monte, los r\u00edos, historias para disfrutar de la naturaleza.<\/p>\n\n\n\n<p>Los escritores de la comunidad perteneciente al dpto. Las Colonias fueron: <em>Juan G\u00f3mez: Peralta Evelyn, Bircher Delfina , Flores Candela, Schnidrig Paula , Fiorela Spicher, Tania Juncos, Monzon Valentina , Agust\u00edn Dupertuis, Evelyn Peralta, Agust\u00edn Dupertuis, Paula Schnidrig y Fiorela Spicher<\/em><\/p>\n\n\n\n<figure class=\"wp-block-gallery has-nested-images columns-default is-cropped wp-block-gallery-1 is-layout-flex wp-block-gallery-is-layout-flex\">\n<figure class=\"wp-block-image size-large\"><a href=\"http:\/\/enteculturalsantafesino.com.ar\/usina2\/wp-content\/uploads\/2024\/03\/f530c763-1181-4855-aec0-2cc94d996cf9.jpg\" rel=\"lightbox[20383]\"><img loading=\"lazy\" decoding=\"async\" width=\"768\" height=\"1024\" data-id=\"20389\" src=\"http:\/\/enteculturalsantafesino.com.ar\/usina2\/wp-content\/uploads\/2024\/03\/f530c763-1181-4855-aec0-2cc94d996cf9-768x1024.jpg\" alt=\"\" class=\"wp-image-20389\" srcset=\"http:\/\/enteculturalsantafesino.com.ar\/usina2\/wp-content\/uploads\/2024\/03\/f530c763-1181-4855-aec0-2cc94d996cf9-768x1024.jpg 768w, http:\/\/enteculturalsantafesino.com.ar\/usina2\/wp-content\/uploads\/2024\/03\/f530c763-1181-4855-aec0-2cc94d996cf9-225x300.jpg 225w, http:\/\/enteculturalsantafesino.com.ar\/usina2\/wp-content\/uploads\/2024\/03\/f530c763-1181-4855-aec0-2cc94d996cf9-1152x1536.jpg 1152w, http:\/\/enteculturalsantafesino.com.ar\/usina2\/wp-content\/uploads\/2024\/03\/f530c763-1181-4855-aec0-2cc94d996cf9.jpg 1200w\" sizes=\"(max-width: 768px) 100vw, 768px\" \/><\/a><\/figure>\n\n\n\n<figure class=\"wp-block-image size-large\"><a href=\"http:\/\/enteculturalsantafesino.com.ar\/usina2\/wp-content\/uploads\/2024\/03\/CASA-CULTURA-1-1280x640-1.jpg\" rel=\"lightbox[20383]\"><img loading=\"lazy\" decoding=\"async\" width=\"1024\" height=\"768\" data-id=\"20388\" src=\"http:\/\/enteculturalsantafesino.com.ar\/usina2\/wp-content\/uploads\/2024\/03\/CASA-CULTURA-1-1280x640-1-1024x768.jpg\" alt=\"\" class=\"wp-image-20388\" srcset=\"http:\/\/enteculturalsantafesino.com.ar\/usina2\/wp-content\/uploads\/2024\/03\/CASA-CULTURA-1-1280x640-1-1024x768.jpg 1024w, http:\/\/enteculturalsantafesino.com.ar\/usina2\/wp-content\/uploads\/2024\/03\/CASA-CULTURA-1-1280x640-1-300x225.jpg 300w, http:\/\/enteculturalsantafesino.com.ar\/usina2\/wp-content\/uploads\/2024\/03\/CASA-CULTURA-1-1280x640-1-768x576.jpg 768w, http:\/\/enteculturalsantafesino.com.ar\/usina2\/wp-content\/uploads\/2024\/03\/CASA-CULTURA-1-1280x640-1-1536x1152.jpg 1536w, http:\/\/enteculturalsantafesino.com.ar\/usina2\/wp-content\/uploads\/2024\/03\/CASA-CULTURA-1-1280x640-1.jpg 1600w\" sizes=\"(max-width: 1024px) 100vw, 1024px\" \/><\/a><\/figure>\n\n\n\n<figure class=\"wp-block-image size-large\"><a href=\"http:\/\/enteculturalsantafesino.com.ar\/usina2\/wp-content\/uploads\/2024\/03\/b75a5783-3717-4e95-affa-19dff55a806e.jpg\" rel=\"lightbox[20383]\"><img loading=\"lazy\" decoding=\"async\" width=\"768\" height=\"1024\" data-id=\"20387\" src=\"http:\/\/enteculturalsantafesino.com.ar\/usina2\/wp-content\/uploads\/2024\/03\/b75a5783-3717-4e95-affa-19dff55a806e-768x1024.jpg\" alt=\"\" class=\"wp-image-20387\" srcset=\"http:\/\/enteculturalsantafesino.com.ar\/usina2\/wp-content\/uploads\/2024\/03\/b75a5783-3717-4e95-affa-19dff55a806e-768x1024.jpg 768w, http:\/\/enteculturalsantafesino.com.ar\/usina2\/wp-content\/uploads\/2024\/03\/b75a5783-3717-4e95-affa-19dff55a806e-225x300.jpg 225w, http:\/\/enteculturalsantafesino.com.ar\/usina2\/wp-content\/uploads\/2024\/03\/b75a5783-3717-4e95-affa-19dff55a806e-1152x1536.jpg 1152w, http:\/\/enteculturalsantafesino.com.ar\/usina2\/wp-content\/uploads\/2024\/03\/b75a5783-3717-4e95-affa-19dff55a806e.jpg 1200w\" sizes=\"(max-width: 768px) 100vw, 768px\" \/><\/a><\/figure>\n\n\n\n<figure class=\"wp-block-image size-large\"><a href=\"http:\/\/enteculturalsantafesino.com.ar\/usina2\/wp-content\/uploads\/2024\/03\/20687a06-c00b-41f4-9cb7-36f96d609acf.jpg\" rel=\"lightbox[20383]\"><img loading=\"lazy\" decoding=\"async\" width=\"768\" height=\"1024\" data-id=\"20386\" src=\"http:\/\/enteculturalsantafesino.com.ar\/usina2\/wp-content\/uploads\/2024\/03\/20687a06-c00b-41f4-9cb7-36f96d609acf-768x1024.jpg\" alt=\"\" class=\"wp-image-20386\" srcset=\"http:\/\/enteculturalsantafesino.com.ar\/usina2\/wp-content\/uploads\/2024\/03\/20687a06-c00b-41f4-9cb7-36f96d609acf-768x1024.jpg 768w, http:\/\/enteculturalsantafesino.com.ar\/usina2\/wp-content\/uploads\/2024\/03\/20687a06-c00b-41f4-9cb7-36f96d609acf-225x300.jpg 225w, http:\/\/enteculturalsantafesino.com.ar\/usina2\/wp-content\/uploads\/2024\/03\/20687a06-c00b-41f4-9cb7-36f96d609acf-1152x1536.jpg 1152w, http:\/\/enteculturalsantafesino.com.ar\/usina2\/wp-content\/uploads\/2024\/03\/20687a06-c00b-41f4-9cb7-36f96d609acf.jpg 1200w\" sizes=\"(max-width: 768px) 100vw, 768px\" \/><\/a><\/figure>\n\n\n\n<figure class=\"wp-block-image size-large\"><a href=\"http:\/\/enteculturalsantafesino.com.ar\/usina2\/wp-content\/uploads\/2024\/03\/2cea81fc-e3d4-4524-96e6-2395a7cf4468.jpg\" rel=\"lightbox[20383]\"><img loading=\"lazy\" decoding=\"async\" width=\"768\" height=\"1024\" data-id=\"20385\" src=\"http:\/\/enteculturalsantafesino.com.ar\/usina2\/wp-content\/uploads\/2024\/03\/2cea81fc-e3d4-4524-96e6-2395a7cf4468-768x1024.jpg\" alt=\"\" class=\"wp-image-20385\" srcset=\"http:\/\/enteculturalsantafesino.com.ar\/usina2\/wp-content\/uploads\/2024\/03\/2cea81fc-e3d4-4524-96e6-2395a7cf4468-768x1024.jpg 768w, http:\/\/enteculturalsantafesino.com.ar\/usina2\/wp-content\/uploads\/2024\/03\/2cea81fc-e3d4-4524-96e6-2395a7cf4468-225x300.jpg 225w, http:\/\/enteculturalsantafesino.com.ar\/usina2\/wp-content\/uploads\/2024\/03\/2cea81fc-e3d4-4524-96e6-2395a7cf4468-1152x1536.jpg 1152w, http:\/\/enteculturalsantafesino.com.ar\/usina2\/wp-content\/uploads\/2024\/03\/2cea81fc-e3d4-4524-96e6-2395a7cf4468.jpg 1200w\" sizes=\"(max-width: 768px) 100vw, 768px\" \/><\/a><\/figure>\n\n\n\n<figure class=\"wp-block-image size-large\"><a href=\"http:\/\/enteculturalsantafesino.com.ar\/usina2\/wp-content\/uploads\/2024\/03\/2cce17a9-9754-467e-9be5-9a48767497e8.jpg\" rel=\"lightbox[20383]\"><img loading=\"lazy\" decoding=\"async\" width=\"768\" height=\"1024\" data-id=\"20384\" src=\"http:\/\/enteculturalsantafesino.com.ar\/usina2\/wp-content\/uploads\/2024\/03\/2cce17a9-9754-467e-9be5-9a48767497e8-768x1024.jpg\" alt=\"\" class=\"wp-image-20384\" srcset=\"http:\/\/enteculturalsantafesino.com.ar\/usina2\/wp-content\/uploads\/2024\/03\/2cce17a9-9754-467e-9be5-9a48767497e8-768x1024.jpg 768w, http:\/\/enteculturalsantafesino.com.ar\/usina2\/wp-content\/uploads\/2024\/03\/2cce17a9-9754-467e-9be5-9a48767497e8-225x300.jpg 225w, http:\/\/enteculturalsantafesino.com.ar\/usina2\/wp-content\/uploads\/2024\/03\/2cce17a9-9754-467e-9be5-9a48767497e8-1152x1536.jpg 1152w, http:\/\/enteculturalsantafesino.com.ar\/usina2\/wp-content\/uploads\/2024\/03\/2cce17a9-9754-467e-9be5-9a48767497e8.jpg 1200w\" sizes=\"(max-width: 768px) 100vw, 768px\" \/><\/a><\/figure>\n<\/figure>\n","protected":false},"excerpt":{"rendered":"<p>El viernes 22 integrantes de la Biblioteca Popular Felicia hicieron entrega de los libros \u00abDe Pueblo en [&hellip;]<\/p>\n","protected":false},"author":3,"featured_media":20388,"comment_status":"closed","ping_status":"closed","sticky":false,"template":"","format":"standard","meta":{"_jetpack_memberships_contains_paid_content":false,"footnotes":"","jetpack_publicize_message":"","jetpack_publicize_feature_enabled":true,"jetpack_social_post_already_shared":true,"jetpack_social_options":{"image_generator_settings":{"template":"highway","enabled":false}}},"categories":[30,28],"tags":[],"jetpack_publicize_connections":[],"jetpack_featured_media_url":"http:\/\/enteculturalsantafesino.com.ar\/usina2\/wp-content\/uploads\/2024\/03\/CASA-CULTURA-1-1280x640-1.jpg","jetpack_sharing_enabled":true,"_links":{"self":[{"href":"http:\/\/enteculturalsantafesino.com.ar\/usina2\/wp-json\/wp\/v2\/posts\/20383"}],"collection":[{"href":"http:\/\/enteculturalsantafesino.com.ar\/usina2\/wp-json\/wp\/v2\/posts"}],"about":[{"href":"http:\/\/enteculturalsantafesino.com.ar\/usina2\/wp-json\/wp\/v2\/types\/post"}],"author":[{"embeddable":true,"href":"http:\/\/enteculturalsantafesino.com.ar\/usina2\/wp-json\/wp\/v2\/users\/3"}],"replies":[{"embeddable":true,"href":"http:\/\/enteculturalsantafesino.com.ar\/usina2\/wp-json\/wp\/v2\/comments?post=20383"}],"version-history":[{"count":1,"href":"http:\/\/enteculturalsantafesino.com.ar\/usina2\/wp-json\/wp\/v2\/posts\/20383\/revisions"}],"predecessor-version":[{"id":20390,"href":"http:\/\/enteculturalsantafesino.com.ar\/usina2\/wp-json\/wp\/v2\/posts\/20383\/revisions\/20390"}],"wp:featuredmedia":[{"embeddable":true,"href":"http:\/\/enteculturalsantafesino.com.ar\/usina2\/wp-json\/wp\/v2\/media\/20388"}],"wp:attachment":[{"href":"http:\/\/enteculturalsantafesino.com.ar\/usina2\/wp-json\/wp\/v2\/media?parent=20383"}],"wp:term":[{"taxonomy":"category","embeddable":true,"href":"http:\/\/enteculturalsantafesino.com.ar\/usina2\/wp-json\/wp\/v2\/categories?post=20383"},{"taxonomy":"post_tag","embeddable":true,"href":"http:\/\/enteculturalsantafesino.com.ar\/usina2\/wp-json\/wp\/v2\/tags?post=20383"}],"curies":[{"name":"wp","href":"https:\/\/api.w.org\/{rel}","templated":true}]}}