{"id":20521,"date":"2024-07-13T19:10:32","date_gmt":"2024-07-13T19:10:32","guid":{"rendered":"http:\/\/enteculturalsantafesino.com.ar\/usina2\/?p=20521"},"modified":"2024-07-13T19:10:35","modified_gmt":"2024-07-13T19:10:35","slug":"abanderados-llego-a-ramona-y-revoluciono-a-toda-una-region","status":"publish","type":"post","link":"http:\/\/enteculturalsantafesino.com.ar\/usina2\/2024\/07\/abanderados-llego-a-ramona-y-revoluciono-a-toda-una-region\/","title":{"rendered":"\u00abAbanderados\u00bb lleg\u00f3 a Ramona y revolucion\u00f3 a toda una regi\u00f3n"},"content":{"rendered":"\n<p>El programa perteneciente al\u00a0<strong>Ente Cultural Santafesino<\/strong> inici\u00f3 su recorrido por el territorio santafesino. Banderas de 12 departamentos y m\u00e1s de 30 comunidades, llegaron a la comunidad perteneciente al dpto. Castellanos. <\/p>\n\n\n\n<p>Este <strong>s\u00e1bado 13 de julio<\/strong> en la Plaza P\u00fablica se expusieron las banderas de las localidades santafesinas y cordobesas de m\u00e1s de 30 localidades de 12 departamentos, reuni\u00e9ndose nuevamente en un mismo lugar junto a la camiseta gigante de la selecci\u00f3n nacional confeccionada por la Comuna de Serodino.<\/p>\n\n\n\n<p>La camiseta m\u00e1s grande del pa\u00eds, de 18 metros por 12 y 100 kilos de peso, fue confeccionada por el taller de corte y confecci\u00f3n de la comuna de Serodino.<\/p>\n\n\n\n<p>El <strong>presidente Comunal Jos\u00e9 Barbero<\/strong> manifest\u00f3 su alegr\u00eda y emoci\u00f3n al observar las visitas y repercusi\u00f3n que tuvo dicha propuesta en su pueblo. <em>\u00abFue toda una revoluci\u00f3n a nivel local, regional y nacional; la se\u00f1al de TN estuvo presente el s\u00e1bado al mediod\u00eda, contando sobre esta iniciativa y haciendo la previa de la gran final que se vivir\u00e1 el domingo con la Copa Am\u00e9rica\u00bb.<\/em><\/p>\n\n\n\n<h2 class=\"wp-block-heading\"><strong>M\u00e1s de 30 banderas<\/strong><\/h2>\n\n\n\n<p><em>\u00abNuestras banderas representan identidad, pertenencia, libertad y diversidad\u201d coincidieron los exponentes, mientras que \u201cAbanderados nos permitir\u00e1 descubrir banderas de localidades de nuestro norte, centro y sur santafesino, como as\u00ed tambi\u00e9n las del sudeste cordob\u00e9s, contando con una gu\u00eda hist\u00f3rica y la posibilidad de seguir generando y creando nuevas banderas en pueblos y ciudades que a\u00fan no las tengan\u201d <\/em><\/p>\n\n\n\n<p><em>\u201cEsta propuesta girar\u00e1 en cada una de las comunidades que sumen su bandera y permitir\u00e1 ampliar nuestra agenda cultural en cada rinc\u00f3n santafesino y cordob\u00e9s\u201d&nbsp;<\/em>sostuvo&nbsp;<strong>Claudia Giaccone<\/strong>, quien agradeci\u00f3 a todos los que&nbsp;<em>\u201cintegran este equipo tan federal, que abarca todos los rincones de la provincia, gracias a un gran equipo que se ha formado\u201d.<\/em><\/p>\n\n\n\n<p>Las localidades que forman parte de \u00abAbanderados\u00bb son: Suardi, San Guillermo, Villa Trinidad, Arruf\u00f3, Monigotes, Hersilia, Ambrosetti, Ceres, Colonia Ana, Colonia Rosa \u2013departamento San Crist\u00f3bal-, Ramona, Esperanza \u2013Castellanos-, Felicia \u2013Las Colonias-, Las Parejas \u2013Belgrano-, Mar\u00eda Susana \u2013San Mart\u00edn-, Totoras, Clason, Pueblo Andino \u2013Iriondo-, P\u00e9rez, Coronel Dom\u00ednguez, Acebal, Arroyo Seco \u2013Rosario-, Arequito, Berabev\u00fa, Los Molinos, Godeken, \u2013Caseros-, Santa Isabel, Mar\u00eda Teresa, Providencia- Las Colonias-, Coronda \u2013San Jer\u00f3nimo-, Villa Ocampo, Florencia, Guadalupe Norte \u2013General Obligado,  Marcos Ju\u00e1rez, Cruz Alta e Inriville de C\u00f3rdoba.<\/p>\n","protected":false},"excerpt":{"rendered":"<p>El programa perteneciente al\u00a0Ente Cultural Santafesino inici\u00f3 su recorrido por el territorio santafesino. Banderas de 12 departamentos [&hellip;]<\/p>\n","protected":false},"author":3,"featured_media":20522,"comment_status":"closed","ping_status":"closed","sticky":false,"template":"","format":"standard","meta":{"_jetpack_memberships_contains_paid_content":false,"footnotes":"","jetpack_publicize_message":"","jetpack_publicize_feature_enabled":true,"jetpack_social_post_already_shared":true,"jetpack_social_options":{"image_generator_settings":{"template":"highway","enabled":false}}},"categories":[28,31],"tags":[],"jetpack_publicize_connections":[],"jetpack_featured_media_url":"http:\/\/enteculturalsantafesino.com.ar\/usina2\/wp-content\/uploads\/2024\/07\/WhatsApp-Image-2024-07-13-at-16.07.24.jpeg","jetpack_sharing_enabled":true,"_links":{"self":[{"href":"http:\/\/enteculturalsantafesino.com.ar\/usina2\/wp-json\/wp\/v2\/posts\/20521"}],"collection":[{"href":"http:\/\/enteculturalsantafesino.com.ar\/usina2\/wp-json\/wp\/v2\/posts"}],"about":[{"href":"http:\/\/enteculturalsantafesino.com.ar\/usina2\/wp-json\/wp\/v2\/types\/post"}],"author":[{"embeddable":true,"href":"http:\/\/enteculturalsantafesino.com.ar\/usina2\/wp-json\/wp\/v2\/users\/3"}],"replies":[{"embeddable":true,"href":"http:\/\/enteculturalsantafesino.com.ar\/usina2\/wp-json\/wp\/v2\/comments?post=20521"}],"version-history":[{"count":1,"href":"http:\/\/enteculturalsantafesino.com.ar\/usina2\/wp-json\/wp\/v2\/posts\/20521\/revisions"}],"predecessor-version":[{"id":20523,"href":"http:\/\/enteculturalsantafesino.com.ar\/usina2\/wp-json\/wp\/v2\/posts\/20521\/revisions\/20523"}],"wp:featuredmedia":[{"embeddable":true,"href":"http:\/\/enteculturalsantafesino.com.ar\/usina2\/wp-json\/wp\/v2\/media\/20522"}],"wp:attachment":[{"href":"http:\/\/enteculturalsantafesino.com.ar\/usina2\/wp-json\/wp\/v2\/media?parent=20521"}],"wp:term":[{"taxonomy":"category","embeddable":true,"href":"http:\/\/enteculturalsantafesino.com.ar\/usina2\/wp-json\/wp\/v2\/categories?post=20521"},{"taxonomy":"post_tag","embeddable":true,"href":"http:\/\/enteculturalsantafesino.com.ar\/usina2\/wp-json\/wp\/v2\/tags?post=20521"}],"curies":[{"name":"wp","href":"https:\/\/api.w.org\/{rel}","templated":true}]}}