{"id":20524,"date":"2024-07-14T14:53:31","date_gmt":"2024-07-14T14:53:31","guid":{"rendered":"http:\/\/enteculturalsantafesino.com.ar\/usina2\/?p=20524"},"modified":"2024-07-14T14:53:34","modified_gmt":"2024-07-14T14:53:34","slug":"compartiendo-cultura-la-muestra-nuestros-campeones-llego-a-sarmiento","status":"publish","type":"post","link":"http:\/\/enteculturalsantafesino.com.ar\/usina2\/2024\/07\/compartiendo-cultura-la-muestra-nuestros-campeones-llego-a-sarmiento\/","title":{"rendered":"\u00abCompartiendo Cultura\u00bb: La muestra \u00abNuestros Campeones\u00bb\u00a0lleg\u00f3 a Sarmiento"},"content":{"rendered":"\n<p>En el marco del programa\u00a0<strong>\u00abCompartiendo Cultura<\/strong>\u00bb y de los festejos patronales de la comunidad perteneciente al dpto Las Colonias, la Muestra\u00a0<strong>\u00abNuestros Campeones \u00bb\u00a0<\/strong>producida por la\u00a0<strong>Biblioteca Popular H\u00e9ctor Reinaudi<\/strong>\u00a0de la comunidad de Lehmann, lleg\u00f3 a Sarmiento.<\/p>\n\n\n\n<p>Desde el <strong>martes 13 al martes 16 de julio<\/strong> junto a la muestra de los trabajos realizados en los Talleres Comunales de dibujo y pintura, pl\u00e1stica y macram\u00e9, se expondr\u00e1n en el SUM Comunal <\/p>\n\n\n\n<p>Dicha propuesta impulsada por la&nbsp;entidad cultural de la comunidad perteneciente al dpto. Castellanos&nbsp;a trav\u00e9s del&nbsp;<strong>Taller \u00abDesplegando Colores\u00bb&nbsp;<\/strong>y el&nbsp;<strong>Ente Cultural Santafesino&nbsp;<\/strong>es un reconocimiento a las figuras de nuestros&nbsp;<strong>\u201cCampeones\u201d 1978 y 1986<\/strong>; quienes nacieron en comunidades de nuestro territorio santafesino.<\/p>\n\n\n\n<p>La<strong>&nbsp;Presidenta de la Biblioteca Sandra Gonz\u00e1lez Garc\u00eda<\/strong>&nbsp;se\u00f1al\u00f3 que sin lugar a dudas es un orgullo y satisfacci\u00f3n estar presentando estos trabajos que recorren nuestra provincia mediante el trabajo en red que llevamos desde le Ente Cultural.&nbsp;<em>\u00abAdem\u00e1s la muestra cuenta con una pintura de Emiliano Salas (Progreso) quien forma parte de nuestra (Usina Cultural) y no quer\u00edamos dejar de reconocerlo en tan importante desaf\u00edo y actividad\u00bb.<\/em><\/p>\n\n\n\n<p><strong>Maximiliano Depetris-Director de la Usina Cultural II<\/strong>&nbsp;manifest\u00f3 su alegr\u00eda de originar nuevamente este intercambio de propuestas locales a trav\u00e9s de la regi\u00f3n que constituye a nuestra Usina Cultural.&nbsp;<strong><em>\u00abCompartiendo Cultura\u00bb es el esp\u00edritu vital del trabajo cooperativo que llevamos hace m\u00e1s de 16 a\u00f1os\u00bb.<\/em><\/strong><\/p>\n\n\n\n<p><strong><em>\u201cCompartiendo Cultura\u201d<\/em><\/strong><\/p>\n\n\n\n<p>Dicho programa posee la finalidad de intercambiar e interaccionar propuestas art\u00edsticas pertenecientes a las comunidades que integran dicho espacio cultural; jerarquizando y promoviendo la red social, cultural y de inclusi\u00f3n de los m\u00faltiples artistas santafesinos.<\/p>\n","protected":false},"excerpt":{"rendered":"<p>En el marco del programa\u00a0\u00abCompartiendo Cultura\u00bb y de los festejos patronales de la comunidad perteneciente al dpto [&hellip;]<\/p>\n","protected":false},"author":3,"featured_media":20525,"comment_status":"closed","ping_status":"closed","sticky":false,"template":"","format":"standard","meta":{"_jetpack_memberships_contains_paid_content":false,"footnotes":"","jetpack_publicize_message":"","jetpack_publicize_feature_enabled":true,"jetpack_social_post_already_shared":true,"jetpack_social_options":{"image_generator_settings":{"template":"highway","enabled":false}}},"categories":[28,37],"tags":[],"jetpack_publicize_connections":[],"jetpack_featured_media_url":"http:\/\/enteculturalsantafesino.com.ar\/usina2\/wp-content\/uploads\/2024\/07\/WhatsApp-Image-2024-07-13-at-16.32.09-e1720968799775.jpeg","jetpack_sharing_enabled":true,"_links":{"self":[{"href":"http:\/\/enteculturalsantafesino.com.ar\/usina2\/wp-json\/wp\/v2\/posts\/20524"}],"collection":[{"href":"http:\/\/enteculturalsantafesino.com.ar\/usina2\/wp-json\/wp\/v2\/posts"}],"about":[{"href":"http:\/\/enteculturalsantafesino.com.ar\/usina2\/wp-json\/wp\/v2\/types\/post"}],"author":[{"embeddable":true,"href":"http:\/\/enteculturalsantafesino.com.ar\/usina2\/wp-json\/wp\/v2\/users\/3"}],"replies":[{"embeddable":true,"href":"http:\/\/enteculturalsantafesino.com.ar\/usina2\/wp-json\/wp\/v2\/comments?post=20524"}],"version-history":[{"count":1,"href":"http:\/\/enteculturalsantafesino.com.ar\/usina2\/wp-json\/wp\/v2\/posts\/20524\/revisions"}],"predecessor-version":[{"id":20526,"href":"http:\/\/enteculturalsantafesino.com.ar\/usina2\/wp-json\/wp\/v2\/posts\/20524\/revisions\/20526"}],"wp:featuredmedia":[{"embeddable":true,"href":"http:\/\/enteculturalsantafesino.com.ar\/usina2\/wp-json\/wp\/v2\/media\/20525"}],"wp:attachment":[{"href":"http:\/\/enteculturalsantafesino.com.ar\/usina2\/wp-json\/wp\/v2\/media?parent=20524"}],"wp:term":[{"taxonomy":"category","embeddable":true,"href":"http:\/\/enteculturalsantafesino.com.ar\/usina2\/wp-json\/wp\/v2\/categories?post=20524"},{"taxonomy":"post_tag","embeddable":true,"href":"http:\/\/enteculturalsantafesino.com.ar\/usina2\/wp-json\/wp\/v2\/tags?post=20524"}],"curies":[{"name":"wp","href":"https:\/\/api.w.org\/{rel}","templated":true}]}}