{"id":20691,"date":"2025-06-24T14:32:14","date_gmt":"2025-06-24T14:32:14","guid":{"rendered":"https:\/\/enteculturalsantafesino.com.ar\/usina2\/?p=20691"},"modified":"2025-06-24T14:32:17","modified_gmt":"2025-06-24T14:32:17","slug":"capillas-y-escuelas-rurales-seran-el-motivo-de-ojos-de-santa-fe-2025","status":"publish","type":"post","link":"http:\/\/enteculturalsantafesino.com.ar\/usina2\/2025\/06\/capillas-y-escuelas-rurales-seran-el-motivo-de-ojos-de-santa-fe-2025\/","title":{"rendered":"\u00abCapillas y Escuelas rurales\u00bb ser\u00e1n el motivo de \u00abOjos de Santa Fe 2025\u00bb"},"content":{"rendered":"\n<p><strong>\u00abCapillas y Escuelas rurales\u00bb<\/strong> es la tem\u00e1tica elegida para la 6\u00b0 edici\u00f3n del certamen provincial. Las inscripciones se realizan a los referentes locales de cada comunidad adherida. La fecha l\u00edmite para presentar los trabajos es el <strong>27 de octubre.<\/strong><\/p>\n\n\n\n<p>El <strong>Ente Cultural Santafesino<\/strong> lanz\u00f3 el concurso fotogr\u00e1fico <strong>\u00abOjos de Santa Fe\u00bb<\/strong>, una propuesta que invita a descubrir a trav\u00e9s de una mirada \u00fanica y personal, la variedad de im\u00e1genes que se distinguen y conforman como una identidad desde las particularidades y diferencias que poseen las regiones, los paisajes y costumbres, y que se ensamblan como un todo, en el territorio.<\/p>\n\n\n\n<p>Para esta sexta edici\u00f3n del certamen, la tem\u00e1tica elegida fue <strong>\u00abCapillas y Escuelas rurales\u00bb<\/strong>, que tiene como principal objetivo captar desde distintas \u00f3pticas y desde los diversos rincones santafesinos las entidades educativas y capilllas de nuestro suelo santafesino.<\/p>\n\n\n\n<p>\u00ab<em>Este concurso que nos permitir\u00e1 conocer, descubrir y enamorarnos de nuestros tesoros rurales, los cuales pondr\u00e1n en alto nuestro espiritu de ruralidad\u00bb,<\/em> destac\u00f3 el <strong>presidente del Ente Cultural, Silvio Oliva.<\/strong><\/p>\n\n\n\n<p>Para participar del certamen fotogr\u00e1fico, es requisito obligatorio residir en la provincia de Santa Fe y ser mayor de 15 a\u00f1os.<\/p>\n\n\n\n<p>Las inscripciones ya se encuentran abiertas en cada secretaria, direcci\u00f3n y referencia cultural. Los trabajos ser\u00e1n recibidos hasta el lunes 27 de octubre, inclusive. Los interesados podr\u00e1n consultar las bases y condiciones en la web del Ente Cultural Santafesino.<\/p>\n","protected":false},"excerpt":{"rendered":"<p>\u00abCapillas y Escuelas rurales\u00bb es la tem\u00e1tica elegida para la 6\u00b0 edici\u00f3n del certamen provincial. Las inscripciones [&hellip;]<\/p>\n","protected":false},"author":3,"featured_media":20692,"comment_status":"closed","ping_status":"closed","sticky":false,"template":"","format":"standard","meta":{"_jetpack_memberships_contains_paid_content":false,"footnotes":"","jetpack_publicize_message":"","jetpack_publicize_feature_enabled":true,"jetpack_social_post_already_shared":true,"jetpack_social_options":{"image_generator_settings":{"template":"highway","enabled":false}}},"categories":[3,28],"tags":[],"jetpack_publicize_connections":[],"jetpack_featured_media_url":"http:\/\/enteculturalsantafesino.com.ar\/usina2\/wp-content\/uploads\/2025\/06\/893bc27c-10fe-4331-8d1e-7c411f82bb63.jpg","jetpack_sharing_enabled":true,"_links":{"self":[{"href":"http:\/\/enteculturalsantafesino.com.ar\/usina2\/wp-json\/wp\/v2\/posts\/20691"}],"collection":[{"href":"http:\/\/enteculturalsantafesino.com.ar\/usina2\/wp-json\/wp\/v2\/posts"}],"about":[{"href":"http:\/\/enteculturalsantafesino.com.ar\/usina2\/wp-json\/wp\/v2\/types\/post"}],"author":[{"embeddable":true,"href":"http:\/\/enteculturalsantafesino.com.ar\/usina2\/wp-json\/wp\/v2\/users\/3"}],"replies":[{"embeddable":true,"href":"http:\/\/enteculturalsantafesino.com.ar\/usina2\/wp-json\/wp\/v2\/comments?post=20691"}],"version-history":[{"count":1,"href":"http:\/\/enteculturalsantafesino.com.ar\/usina2\/wp-json\/wp\/v2\/posts\/20691\/revisions"}],"predecessor-version":[{"id":20693,"href":"http:\/\/enteculturalsantafesino.com.ar\/usina2\/wp-json\/wp\/v2\/posts\/20691\/revisions\/20693"}],"wp:featuredmedia":[{"embeddable":true,"href":"http:\/\/enteculturalsantafesino.com.ar\/usina2\/wp-json\/wp\/v2\/media\/20692"}],"wp:attachment":[{"href":"http:\/\/enteculturalsantafesino.com.ar\/usina2\/wp-json\/wp\/v2\/media?parent=20691"}],"wp:term":[{"taxonomy":"category","embeddable":true,"href":"http:\/\/enteculturalsantafesino.com.ar\/usina2\/wp-json\/wp\/v2\/categories?post=20691"},{"taxonomy":"post_tag","embeddable":true,"href":"http:\/\/enteculturalsantafesino.com.ar\/usina2\/wp-json\/wp\/v2\/tags?post=20691"}],"curies":[{"name":"wp","href":"https:\/\/api.w.org\/{rel}","templated":true}]}}