{"id":20749,"date":"2026-04-24T04:27:53","date_gmt":"2026-04-24T04:27:53","guid":{"rendered":"https:\/\/enteculturalsantafesino.com.ar\/usina2\/?p=20749"},"modified":"2026-04-24T04:27:55","modified_gmt":"2026-04-24T04:27:55","slug":"la-usina-cultural-ii-desarrollo-su-primera-reunion-en-la-ciudad-de-esperanza","status":"publish","type":"post","link":"http:\/\/enteculturalsantafesino.com.ar\/usina2\/2026\/04\/la-usina-cultural-ii-desarrollo-su-primera-reunion-en-la-ciudad-de-esperanza\/","title":{"rendered":"La Usina Cultural II desarroll\u00f3 su primera reuni\u00f3n en la ciudad de Esperanza"},"content":{"rendered":"\n<p>En la cabecera del dpto Las Colonias el jueves 16 se llev\u00f3 a cabo la primera reuni\u00f3n de trabajo de la Usina Cultural II<\/p>\n\n\n\n<p>La misma cont\u00f3 con la presencia del Director de la Usina Cultural Prof. Cristian Nicola y referentes culturales de las comunidades que integran dicha zona cultural.<\/p>\n\n\n\n<p>El temario abordado cont\u00f3 con la definici\u00f3n del cronograma de los disitintos programas:\u00a0\u201cForma y Color\u00bb (mayo), \u00abConsejo Cultural J\u00f3ven,\u00a0 \u201cOjos de Santa Fe\u00bb, \u201cClave de Cuento\u201d, \u201cDe Pueblo en Pueblo\u201d, \u201cArte en Pelotas\u201d , \u00abLas Nanas de Cecilia\u201d y \u00abCapacitaci\u00f3n en Redes\u00bb.<\/p>\n\n\n\n<p>La Usina Cultural I\u00a0 se encuentra integrada por:\u00a0 Esperanza, Felicia, Lehmann, Progreso, Colonia Raquel, Humberto Primo, Bella Italia, Ataliva, Pilar, Providencia, Grutly, Sarmiento, Mois\u00e9s Ville, Vila, Ramona, Culul\u00fa, Santo Domingo y Villa San Jos\u00e9<\/p>\n","protected":false},"excerpt":{"rendered":"<p>En la cabecera del dpto Las Colonias el jueves 16 se llev\u00f3 a cabo la primera reuni\u00f3n [&hellip;]<\/p>\n","protected":false},"author":3,"featured_media":20750,"comment_status":"closed","ping_status":"closed","sticky":false,"template":"","format":"standard","meta":{"_jetpack_memberships_contains_paid_content":false,"footnotes":"","jetpack_publicize_message":"","jetpack_publicize_feature_enabled":true,"jetpack_social_post_already_shared":true,"jetpack_social_options":{"image_generator_settings":{"template":"highway","enabled":false}}},"categories":[33,28],"tags":[],"jetpack_publicize_connections":[],"jetpack_featured_media_url":"http:\/\/enteculturalsantafesino.com.ar\/usina2\/wp-content\/uploads\/2026\/04\/365028ab-df2d-4476-a072-79f3c6a4ffee.jpg","jetpack_sharing_enabled":true,"_links":{"self":[{"href":"http:\/\/enteculturalsantafesino.com.ar\/usina2\/wp-json\/wp\/v2\/posts\/20749"}],"collection":[{"href":"http:\/\/enteculturalsantafesino.com.ar\/usina2\/wp-json\/wp\/v2\/posts"}],"about":[{"href":"http:\/\/enteculturalsantafesino.com.ar\/usina2\/wp-json\/wp\/v2\/types\/post"}],"author":[{"embeddable":true,"href":"http:\/\/enteculturalsantafesino.com.ar\/usina2\/wp-json\/wp\/v2\/users\/3"}],"replies":[{"embeddable":true,"href":"http:\/\/enteculturalsantafesino.com.ar\/usina2\/wp-json\/wp\/v2\/comments?post=20749"}],"version-history":[{"count":1,"href":"http:\/\/enteculturalsantafesino.com.ar\/usina2\/wp-json\/wp\/v2\/posts\/20749\/revisions"}],"predecessor-version":[{"id":20751,"href":"http:\/\/enteculturalsantafesino.com.ar\/usina2\/wp-json\/wp\/v2\/posts\/20749\/revisions\/20751"}],"wp:featuredmedia":[{"embeddable":true,"href":"http:\/\/enteculturalsantafesino.com.ar\/usina2\/wp-json\/wp\/v2\/media\/20750"}],"wp:attachment":[{"href":"http:\/\/enteculturalsantafesino.com.ar\/usina2\/wp-json\/wp\/v2\/media?parent=20749"}],"wp:term":[{"taxonomy":"category","embeddable":true,"href":"http:\/\/enteculturalsantafesino.com.ar\/usina2\/wp-json\/wp\/v2\/categories?post=20749"},{"taxonomy":"post_tag","embeddable":true,"href":"http:\/\/enteculturalsantafesino.com.ar\/usina2\/wp-json\/wp\/v2\/tags?post=20749"}],"curies":[{"name":"wp","href":"https:\/\/api.w.org\/{rel}","templated":true}]}}