{"id":275,"date":"2011-08-05T17:21:41","date_gmt":"2011-08-05T17:21:41","guid":{"rendered":"http:\/\/entecultura.com.ar\/noticias\/?p=275"},"modified":"2011-08-05T17:21:41","modified_gmt":"2011-08-05T17:21:41","slug":"2da-feria-del-libro-en-maria-juana","status":"publish","type":"post","link":"http:\/\/enteculturalsantafesino.com.ar\/usina2\/2011\/08\/2da-feria-del-libro-en-maria-juana\/","title":{"rendered":"2da Feria del Libro en Mar\u00eda Juana"},"content":{"rendered":"<p><a href=\"http:\/\/enteregionalcultura.com.ar\/usina1\/wp-content\/uploads\/2011\/08\/maria-juana.png\" rel=\"lightbox[275]\"><img loading=\"lazy\" decoding=\"async\" class=\"alignright size-full wp-image-289\" title=\"maria juana\" src=\"http:\/\/enteregionalcultura.com.ar\/usina1\/wp-content\/uploads\/2011\/08\/maria-juana.png\" alt=\"\" width=\"160\" height=\"153\" \/><\/a>El \u00c1rea de Cultura y Educaci\u00f3n invita a visitar la \u201c2\u00aa Feria del Libro\u201d, Ediciones Cultura. El mismo se realizar\u00e1 en Sala de Cultura Ernesto S\u00e1bato, el d\u00eda viernes 22 de julio de 9 hs. a 12 hs. y de 15:30 hs. a 22 hs. y el d\u00eda s\u00e1bado 23 de julio de 17 hs. a 21 hs.<\/p>\n<p>En el mismo podr\u00e1n encontrar obras y enciclopedias para estudiantes, familias, ni\u00f1os, maestros,\u00a0 profesores y profesionales. Habr\u00e1 Talleres Literarios para ni\u00f1os con la escritora Mirna Paschetta.<\/p>\n<p>El d\u00eda s\u00e1bado 23 a las 19:30 hs. actuar\u00e1n el Coro de Ni\u00f1os y Grupo de Canto de la Comuna Local, se presentar\u00e1 el folleto literario \u201cLa Sabia Luci\u00e9rnaga\u201d\u00a0 de Alfredo Castelli y se descubrir\u00e1 la Placa que dar\u00e1 nombre al Sal\u00f3n de Artes Pl\u00e1sticas \u201cAdolfo Pell\u201d.<\/p>\n","protected":false},"excerpt":{"rendered":"<p>El \u00c1rea de Cultura y Educaci\u00f3n invita a visitar la \u201c2\u00aa Feria del Libro\u201d, Ediciones Cultura. El [&hellip;]<\/p>\n","protected":false},"author":3,"featured_media":0,"comment_status":"open","ping_status":"open","sticky":false,"template":"","format":"standard","meta":{"_jetpack_memberships_contains_paid_content":false,"footnotes":"","jetpack_publicize_message":"","jetpack_publicize_feature_enabled":true,"jetpack_social_post_already_shared":false,"jetpack_social_options":{"image_generator_settings":{"template":"highway","enabled":false}}},"categories":[15],"tags":[],"jetpack_publicize_connections":[],"jetpack_featured_media_url":"","jetpack_sharing_enabled":true,"_links":{"self":[{"href":"http:\/\/enteculturalsantafesino.com.ar\/usina2\/wp-json\/wp\/v2\/posts\/275"}],"collection":[{"href":"http:\/\/enteculturalsantafesino.com.ar\/usina2\/wp-json\/wp\/v2\/posts"}],"about":[{"href":"http:\/\/enteculturalsantafesino.com.ar\/usina2\/wp-json\/wp\/v2\/types\/post"}],"author":[{"embeddable":true,"href":"http:\/\/enteculturalsantafesino.com.ar\/usina2\/wp-json\/wp\/v2\/users\/3"}],"replies":[{"embeddable":true,"href":"http:\/\/enteculturalsantafesino.com.ar\/usina2\/wp-json\/wp\/v2\/comments?post=275"}],"version-history":[{"count":0,"href":"http:\/\/enteculturalsantafesino.com.ar\/usina2\/wp-json\/wp\/v2\/posts\/275\/revisions"}],"wp:attachment":[{"href":"http:\/\/enteculturalsantafesino.com.ar\/usina2\/wp-json\/wp\/v2\/media?parent=275"}],"wp:term":[{"taxonomy":"category","embeddable":true,"href":"http:\/\/enteculturalsantafesino.com.ar\/usina2\/wp-json\/wp\/v2\/categories?post=275"},{"taxonomy":"post_tag","embeddable":true,"href":"http:\/\/enteculturalsantafesino.com.ar\/usina2\/wp-json\/wp\/v2\/tags?post=275"}],"curies":[{"name":"wp","href":"https:\/\/api.w.org\/{rel}","templated":true}]}}