{"id":7991,"date":"2013-01-10T15:55:07","date_gmt":"2013-01-10T15:55:07","guid":{"rendered":"http:\/\/entecultura.com.ar\/noticias\/?p=7991"},"modified":"2013-01-10T15:55:07","modified_gmt":"2013-01-10T15:55:07","slug":"maria-juana-21-festival-de-ano-nuevo","status":"publish","type":"post","link":"http:\/\/enteculturalsantafesino.com.ar\/usina2\/2013\/01\/maria-juana-21-festival-de-ano-nuevo\/","title":{"rendered":"MAR\u00cdA JUANA: 21\u00b0 FESTIVAL DE A\u00d1O NUEVO"},"content":{"rendered":"<p align=\"justify\">Se llevar\u00e1 a cabo el s\u00e1bado 12 de Enero el 21\u00b0 Festival Folkl\u00f3rico de A\u00f1o Nuevo, el mismo <a href=\"http:\/\/enteregionalcultura.com.ar\/usina1\/wp-content\/uploads\/2013\/01\/maria-juana.jpg\" rel=\"lightbox[7991]\"><img loading=\"lazy\" decoding=\"async\" class=\"alignright size-full wp-image-7992\" title=\"maria juana\" src=\"http:\/\/enteregionalcultura.com.ar\/usina1\/wp-content\/uploads\/2013\/01\/maria-juana.jpg\" alt=\"\" width=\"192\" height=\"215\" \/><\/a><\/p>\n<p align=\"justify\">ha sido declarado de Inter\u00e9s Cultural Provincial. Este festival, uno de los primeros del a\u00f1o, es organizado por el Coro Comunal de Mar\u00eda Juana y cuenta con el Auspicio de la Comuna de Mar\u00eda Juana.<\/p>\n<p align=\"justify\">Como cada a\u00f1o el lugar elegido es el Anfiteatro de la Plaza Publica San Martin y por supuesto habr\u00e1 un servicio de buffet y comidas r\u00e1pidas. Los artistas invitados a participar de este festival son; CANTO RODADO (grupo folkl\u00f3rico de Mar\u00eda Juana) ganadores del Pre-Festival del Pescador y Pre-Festival de Villa Mar\u00eda, JULIETA MARUCCO de Ca\u00f1ada de G\u00f3mez quien fue una de las cantantes seleccionadas del programa \u00abCantando por un sue\u00f1o\u00bb, REJUNTE LOS NOGALES de la ciudad de San Jorge, grupo folkl\u00f3rico popular.<\/p>\n<p align=\"justify\">Adem\u00e1s de la m\u00fasica, este festival contara con la presencia de artistas invitados que le pondr\u00e1n el colorido de trajes y ritmos como el Ballet Comunal \u00abRa\u00edces de mi tierra\u00bb\u00a0 y del taller de Tango comunal.<\/p>\n<p align=\"justify\">Durante la noche habr\u00e1 un recordatorio con im\u00e1genes, mostrando los momentos vividos por los integrantes del coro en su viaje por Italia. <strong><em>El broche de oro har\u00e1 de este festival un evento internacional, con la presentaci\u00f3n de una delegaci\u00f3n Cultural Mexicana -Compartiendo Cultura-que representa a la Universidad de Quer\u00e9taro, con canto y bailes t\u00edpicos<\/em><\/strong>.<\/p>\n","protected":false},"excerpt":{"rendered":"<p>Se llevar\u00e1 a cabo el s\u00e1bado 12 de Enero el 21\u00b0 Festival Folkl\u00f3rico de A\u00f1o Nuevo, el [&hellip;]<\/p>\n","protected":false},"author":3,"featured_media":0,"comment_status":"open","ping_status":"open","sticky":false,"template":"","format":"standard","meta":{"_jetpack_memberships_contains_paid_content":false,"footnotes":"","jetpack_publicize_message":"","jetpack_publicize_feature_enabled":true,"jetpack_social_post_already_shared":false,"jetpack_social_options":{"image_generator_settings":{"template":"highway","enabled":false}}},"categories":[15],"tags":[],"jetpack_publicize_connections":[],"jetpack_featured_media_url":"","jetpack_sharing_enabled":true,"_links":{"self":[{"href":"http:\/\/enteculturalsantafesino.com.ar\/usina2\/wp-json\/wp\/v2\/posts\/7991"}],"collection":[{"href":"http:\/\/enteculturalsantafesino.com.ar\/usina2\/wp-json\/wp\/v2\/posts"}],"about":[{"href":"http:\/\/enteculturalsantafesino.com.ar\/usina2\/wp-json\/wp\/v2\/types\/post"}],"author":[{"embeddable":true,"href":"http:\/\/enteculturalsantafesino.com.ar\/usina2\/wp-json\/wp\/v2\/users\/3"}],"replies":[{"embeddable":true,"href":"http:\/\/enteculturalsantafesino.com.ar\/usina2\/wp-json\/wp\/v2\/comments?post=7991"}],"version-history":[{"count":0,"href":"http:\/\/enteculturalsantafesino.com.ar\/usina2\/wp-json\/wp\/v2\/posts\/7991\/revisions"}],"wp:attachment":[{"href":"http:\/\/enteculturalsantafesino.com.ar\/usina2\/wp-json\/wp\/v2\/media?parent=7991"}],"wp:term":[{"taxonomy":"category","embeddable":true,"href":"http:\/\/enteculturalsantafesino.com.ar\/usina2\/wp-json\/wp\/v2\/categories?post=7991"},{"taxonomy":"post_tag","embeddable":true,"href":"http:\/\/enteculturalsantafesino.com.ar\/usina2\/wp-json\/wp\/v2\/tags?post=7991"}],"curies":[{"name":"wp","href":"https:\/\/api.w.org\/{rel}","templated":true}]}}