{"id":8016,"date":"2013-01-13T21:35:09","date_gmt":"2013-01-13T21:35:09","guid":{"rendered":"http:\/\/entecultura.com.ar\/noticias\/?p=8016"},"modified":"2013-01-13T21:35:09","modified_gmt":"2013-01-13T21:35:09","slug":"compartiendo-cultura-llego-a-maria-juana","status":"publish","type":"post","link":"http:\/\/enteculturalsantafesino.com.ar\/usina2\/2013\/01\/compartiendo-cultura-llego-a-maria-juana\/","title":{"rendered":"\u00abCOMPARTIENDO CULTURA\u00bb LLEG\u00d3 A MAR\u00cdA JUANA"},"content":{"rendered":"<p align=\"justify\">Se llev\u00f3 en la noche del <strong>s\u00e1bado 12 de Enero en el marco del 21\u00b0 <a href=\"http:\/\/enteregionalcultura.com.ar\/usina1\/wp-content\/uploads\/2013\/01\/maria-juana-10.jpg\" rel=\"lightbox[8016]\"><img loading=\"lazy\" decoding=\"async\" class=\"alignright size-medium wp-image-8017\" title=\"maria juana 10\" src=\"http:\/\/enteregionalcultura.com.ar\/usina1\/wp-content\/uploads\/2013\/01\/maria-juana-10-300x168.jpg\" alt=\"\" width=\"300\" height=\"168\" \/><\/a><\/strong><\/p>\n<p align=\"justify\"><strong>Festival Folkl\u00f3rico de A\u00f1o Nuevo<\/strong>, el cual \u00a0fue\u00a0 declarado de Inter\u00e9s Cultural Provincial.<\/p>\n<p align=\"justify\">Este festival, uno de los primeros del a\u00f1o, es <em><strong>organizado por el Coro Comunal de Mar\u00eda Juana y cuenta con el Auspicio de la Comuna de Mar\u00eda Juana.<\/strong><\/em><\/p>\n<p align=\"justify\">Como cada a\u00f1o el lugar elegido es el <strong><em>Anfiteatro de la Plaza P\u00fablica San Martin.\u00a0<\/em><\/strong><\/p>\n<p align=\"justify\">Los artistas invitados a participar de este Festival fueron: <strong>CANTO RODADO (grupo folkl\u00f3rico de Mar\u00eda Juana)<a href=\"http:\/\/enteregionalcultura.com.ar\/usina1\/wp-content\/uploads\/2013\/01\/ma.-juana-1.jpg\" rel=\"lightbox[8016]\"><img loading=\"lazy\" decoding=\"async\" class=\"alignright size-medium wp-image-8018\" title=\"ma. juana 1\" src=\"http:\/\/enteregionalcultura.com.ar\/usina1\/wp-content\/uploads\/2013\/01\/ma.-juana-1-300x225.jpg\" alt=\"\" width=\"300\" height=\"225\" \/><\/a> ganadores del Pre-Festival del Pescador y Pre-Festival de Villa Mar\u00eda, JULIETA MARUCCO de Ca\u00f1ada de G\u00f3mez quien fue una de las cantantes seleccionadas del programa \u00abCantando por un sue\u00f1o\u00bb, REJUNTE LOS NOGALES de la ciudad de San Jorge, grupo folkl\u00f3rico popular.<\/strong><\/p>\n<p align=\"justify\">Adem\u00e1s de la m\u00fasica,\u00a0el Festival cont\u00f3 con la presencia\u00a0 de la Danza y toda su jerarqu\u00eda, a trav\u00e9s\u00a0del <strong>Ballet Comunal \u00abRa\u00edces de mi tierra\u00bb\u00a0 y del Taller de Tango Comunal<\/strong>.<\/p>\n<p align=\"justify\">La noche le di\u00f3 lugar a la emoci\u00f3n y al reconocimiento\u00a0al <strong>Coro Comunal<\/strong> quienes a trav\u00e9s de un video\u00a0, mostraron los momentos vividos por los integrantes\u00a0 en su viaje\u00a0a Italia.<\/p>\n<p align=\"justify\">Sobre el escenario del <strong>Festival de A\u00f1o Nuevo<\/strong> pas\u00f3 la propuesta del programa Cultural<strong><em> \u00abCompartiendo<a href=\"http:\/\/enteregionalcultura.com.ar\/usina1\/wp-content\/uploads\/2013\/01\/maria-juana-8.jpg\" rel=\"lightbox[8016]\"><img loading=\"lazy\" decoding=\"async\" class=\"alignright size-medium wp-image-8019\" title=\"maria juana 8\" src=\"http:\/\/enteregionalcultura.com.ar\/usina1\/wp-content\/uploads\/2013\/01\/maria-juana-8-300x225.jpg\" alt=\"\" width=\"300\" height=\"225\" \/><\/a> Cultura\u00bb (perteneciente al Ente de Cultura) <\/em><\/strong>con la presencia del<strong><em> Grupo de\u00a0<strong>Danzas Aut\u00f3ctonas <\/strong>y <strong>Tradicionales de Quer\u00e9taro (M\u00e9xico) <\/strong><\/em><\/strong>todo el folclore del pa\u00eds azteca deslumbr\u00f3 a los presentes y permiti\u00f3 el intercambio cultural en la comunidad perteneciente al Depto. Castellano.<\/p>\n<p align=\"justify\"><strong>La responsable del \u00c1rea de Cultura Prof. Romina Rodriguez Kern <em>\u00ab<\/em><\/strong><em>manifest\u00f3 su alegr\u00eda y agradeciemiento a la Delegaci\u00f3n de M\u00e9xico, resaltando el esfuerzo y acompa\u00f1amiento\u00a0del Coro Comunal, de Eduardo Abdo- Presidente Comunal\u00a0 y Alcides Calvo-Senador del Depto. Castellano\u00bb.<\/em><\/p>\n<p align=\"justify\"><em>\u00abSin lugar a dudas esto\u00a0es\u00a0el efuerzo de mucha gente a nivel local y regional que apostamos a la Cultura como herramienta primordial en la uni\u00f3n e integraci\u00f3n de los pueblos\u00bb<\/em><\/p>\n","protected":false},"excerpt":{"rendered":"<p>Se llev\u00f3 en la noche del s\u00e1bado 12 de Enero en el marco del 21\u00b0 Festival Folkl\u00f3rico [&hellip;]<\/p>\n","protected":false},"author":3,"featured_media":0,"comment_status":"open","ping_status":"open","sticky":false,"template":"","format":"standard","meta":{"_jetpack_memberships_contains_paid_content":false,"footnotes":"","jetpack_publicize_message":"","jetpack_publicize_feature_enabled":true,"jetpack_social_post_already_shared":false,"jetpack_social_options":{"image_generator_settings":{"template":"highway","enabled":false}}},"categories":[4,15],"tags":[21,22],"jetpack_publicize_connections":[],"jetpack_featured_media_url":"","jetpack_sharing_enabled":true,"_links":{"self":[{"href":"http:\/\/enteculturalsantafesino.com.ar\/usina2\/wp-json\/wp\/v2\/posts\/8016"}],"collection":[{"href":"http:\/\/enteculturalsantafesino.com.ar\/usina2\/wp-json\/wp\/v2\/posts"}],"about":[{"href":"http:\/\/enteculturalsantafesino.com.ar\/usina2\/wp-json\/wp\/v2\/types\/post"}],"author":[{"embeddable":true,"href":"http:\/\/enteculturalsantafesino.com.ar\/usina2\/wp-json\/wp\/v2\/users\/3"}],"replies":[{"embeddable":true,"href":"http:\/\/enteculturalsantafesino.com.ar\/usina2\/wp-json\/wp\/v2\/comments?post=8016"}],"version-history":[{"count":0,"href":"http:\/\/enteculturalsantafesino.com.ar\/usina2\/wp-json\/wp\/v2\/posts\/8016\/revisions"}],"wp:attachment":[{"href":"http:\/\/enteculturalsantafesino.com.ar\/usina2\/wp-json\/wp\/v2\/media?parent=8016"}],"wp:term":[{"taxonomy":"category","embeddable":true,"href":"http:\/\/enteculturalsantafesino.com.ar\/usina2\/wp-json\/wp\/v2\/categories?post=8016"},{"taxonomy":"post_tag","embeddable":true,"href":"http:\/\/enteculturalsantafesino.com.ar\/usina2\/wp-json\/wp\/v2\/tags?post=8016"}],"curies":[{"name":"wp","href":"https:\/\/api.w.org\/{rel}","templated":true}]}}