{"id":8046,"date":"2013-01-15T17:12:57","date_gmt":"2013-01-15T17:12:57","guid":{"rendered":"http:\/\/entecultura.com.ar\/noticias\/?p=8046"},"modified":"2013-01-15T17:12:57","modified_gmt":"2013-01-15T17:12:57","slug":"lehmann-acto-y-entrega-de-premios-concurso-arreglos-navidenos","status":"publish","type":"post","link":"http:\/\/enteculturalsantafesino.com.ar\/usina2\/2013\/01\/lehmann-acto-y-entrega-de-premios-concurso-arreglos-navidenos\/","title":{"rendered":"LEHMANN: ACTO Y ENTREGA DE PREMIOS CONCURSO ARREGLOS NAVIDE\u00d1OS"},"content":{"rendered":"<p>El \u00faltimo s\u00e1bado 12,\u00a0la Comisi\u00f3n de Cultura procedi\u00f3 a entregar los premios <a href=\"http:\/\/enteregionalcultura.com.ar\/usina1\/2013\/01\/lehmann-acto-y-entrega-de-premios-concurso-arreglos-navidenos\/presmios\/\"><img loading=\"lazy\" decoding=\"async\" class=\"alignright size-medium wp-image-8047\" alt=\"presmios\" src=\"http:\/\/enteregionalcultura.com.ar\/usina1\/wp-content\/uploads\/2013\/01\/presmios-300x225.jpg\" width=\"300\" height=\"225\" \/><\/a><\/p>\n<p>asignados en el concurso de \u00abarreglos navide\u00f1os\u00bb. El acto se llev\u00f3 a cabo en la que pr\u00f3ximamente ser\u00e1 nuestra nueva sede y, previamente, se dieron a conocer los criterios utilizados en la evaluaci\u00f3n de los trabajos. Los mismos fueron: Interpretaci\u00f3n del Esp\u00edritu Navide\u00f1o en el dise\u00f1o; simbolog\u00eda navide\u00f1a; armon\u00eda y color y, fundamentalmente, el trabajo artesanal desplegado en la confecci\u00f3n de los mismos. El jurado integrado por cuatro miembros que representaron al Club Moreno, a la Comuna, a la Comisi\u00f3n de cultura y el m\u00e1ximo artista pl\u00e1stico de la localidad,\u00a0 decidi\u00f3 seleccionar en primer lugar al adorno confeccionado por la Sra. Mar\u00eda Sol\u00eds; en segundo lugar al de la Sra. Teresa Imsant y en tercer lugar al de la Sra. Mar\u00eda Rosa Palmero. Felicitamos a las ganadoras y agradecemos en general a todos aquellos que participaron en el concurso. Esperamos lo sigan haciendo en cada una de las propuestas que hagamos. De esta manera la Comisi\u00f3n de Cultura encuentra respuesta en la comunidad a la que dedica su accionar.<\/p>\n","protected":false},"excerpt":{"rendered":"<p>El \u00faltimo s\u00e1bado 12,\u00a0la Comisi\u00f3n de Cultura procedi\u00f3 a entregar los premios asignados en el concurso de [&hellip;]<\/p>\n","protected":false},"author":3,"featured_media":0,"comment_status":"open","ping_status":"open","sticky":false,"template":"","format":"standard","meta":{"_jetpack_memberships_contains_paid_content":false,"footnotes":"","jetpack_publicize_message":"","jetpack_publicize_feature_enabled":true,"jetpack_social_post_already_shared":false,"jetpack_social_options":{"image_generator_settings":{"template":"highway","enabled":false}}},"categories":[2],"tags":[],"jetpack_publicize_connections":[],"jetpack_featured_media_url":"","jetpack_sharing_enabled":true,"_links":{"self":[{"href":"http:\/\/enteculturalsantafesino.com.ar\/usina2\/wp-json\/wp\/v2\/posts\/8046"}],"collection":[{"href":"http:\/\/enteculturalsantafesino.com.ar\/usina2\/wp-json\/wp\/v2\/posts"}],"about":[{"href":"http:\/\/enteculturalsantafesino.com.ar\/usina2\/wp-json\/wp\/v2\/types\/post"}],"author":[{"embeddable":true,"href":"http:\/\/enteculturalsantafesino.com.ar\/usina2\/wp-json\/wp\/v2\/users\/3"}],"replies":[{"embeddable":true,"href":"http:\/\/enteculturalsantafesino.com.ar\/usina2\/wp-json\/wp\/v2\/comments?post=8046"}],"version-history":[{"count":0,"href":"http:\/\/enteculturalsantafesino.com.ar\/usina2\/wp-json\/wp\/v2\/posts\/8046\/revisions"}],"wp:attachment":[{"href":"http:\/\/enteculturalsantafesino.com.ar\/usina2\/wp-json\/wp\/v2\/media?parent=8046"}],"wp:term":[{"taxonomy":"category","embeddable":true,"href":"http:\/\/enteculturalsantafesino.com.ar\/usina2\/wp-json\/wp\/v2\/categories?post=8046"},{"taxonomy":"post_tag","embeddable":true,"href":"http:\/\/enteculturalsantafesino.com.ar\/usina2\/wp-json\/wp\/v2\/tags?post=8046"}],"curies":[{"name":"wp","href":"https:\/\/api.w.org\/{rel}","templated":true}]}}