{"id":8151,"date":"2013-01-24T19:01:46","date_gmt":"2013-01-24T19:01:46","guid":{"rendered":"http:\/\/entecultura.com.ar\/noticias\/?p=8151"},"modified":"2013-01-24T19:01:46","modified_gmt":"2013-01-24T19:01:46","slug":"sastre-abierta-las-inscripciones-en-el-liceo-municipal","status":"publish","type":"post","link":"http:\/\/enteculturalsantafesino.com.ar\/usina2\/2013\/01\/sastre-abierta-las-inscripciones-en-el-liceo-municipal\/","title":{"rendered":"SASTRE: ABIERTA LAS INSCRIPCIONES EN EL LICEO MUNICIPAL"},"content":{"rendered":"<p>A partir del <strong>lunes 28<\/strong> se encuentran abiertas las inscripciones en el <em><strong>Liceo Municipal de Sastre<\/strong><\/em>.<a href=\"http:\/\/enteregionalcultura.com.ar\/usina1\/2013\/01\/sastre-abierta-las-inscripciones-en-el-liceo-municipal\/sastre-7\/\"><img loading=\"lazy\" decoding=\"async\" class=\"alignright size-full wp-image-8152\" alt=\"sastre\" src=\"http:\/\/enteregionalcultura.com.ar\/usina1\/wp-content\/uploads\/2013\/01\/sastre.jpg\" width=\"160\" height=\"160\" \/><\/a><\/p>\n<p>Para participar de las siguientes actividades: <em>Bastoneras, Banda de Iniciaci\u00f3n Musical, Karate, Taller de Teatro, Italiano, Ingl\u00e9s, Iniciacion a la Percusi\u00f3n, Canto, Coro, Taller de Arte, Danzas Cl\u00e1sicas, Danzas Folcl\u00f3ricas y Ritmos.<\/em><\/p>\n<p>Acerc\u00e1te al Liceo en el horario de 7 a 12 hs o al tel\u00e9fono 480875. Te esperamos!<\/p>\n","protected":false},"excerpt":{"rendered":"<p>A partir del lunes 28 se encuentran abiertas las inscripciones en el Liceo Municipal de Sastre. Para [&hellip;]<\/p>\n","protected":false},"author":3,"featured_media":0,"comment_status":"open","ping_status":"open","sticky":false,"template":"","format":"standard","meta":{"_jetpack_memberships_contains_paid_content":false,"footnotes":"","jetpack_publicize_message":"","jetpack_publicize_feature_enabled":true,"jetpack_social_post_already_shared":false,"jetpack_social_options":{"image_generator_settings":{"template":"highway","enabled":false}}},"categories":[18],"tags":[],"jetpack_publicize_connections":[],"jetpack_featured_media_url":"","jetpack_sharing_enabled":true,"_links":{"self":[{"href":"http:\/\/enteculturalsantafesino.com.ar\/usina2\/wp-json\/wp\/v2\/posts\/8151"}],"collection":[{"href":"http:\/\/enteculturalsantafesino.com.ar\/usina2\/wp-json\/wp\/v2\/posts"}],"about":[{"href":"http:\/\/enteculturalsantafesino.com.ar\/usina2\/wp-json\/wp\/v2\/types\/post"}],"author":[{"embeddable":true,"href":"http:\/\/enteculturalsantafesino.com.ar\/usina2\/wp-json\/wp\/v2\/users\/3"}],"replies":[{"embeddable":true,"href":"http:\/\/enteculturalsantafesino.com.ar\/usina2\/wp-json\/wp\/v2\/comments?post=8151"}],"version-history":[{"count":0,"href":"http:\/\/enteculturalsantafesino.com.ar\/usina2\/wp-json\/wp\/v2\/posts\/8151\/revisions"}],"wp:attachment":[{"href":"http:\/\/enteculturalsantafesino.com.ar\/usina2\/wp-json\/wp\/v2\/media?parent=8151"}],"wp:term":[{"taxonomy":"category","embeddable":true,"href":"http:\/\/enteculturalsantafesino.com.ar\/usina2\/wp-json\/wp\/v2\/categories?post=8151"},{"taxonomy":"post_tag","embeddable":true,"href":"http:\/\/enteculturalsantafesino.com.ar\/usina2\/wp-json\/wp\/v2\/tags?post=8151"}],"curies":[{"name":"wp","href":"https:\/\/api.w.org\/{rel}","templated":true}]}}