{"id":8220,"date":"2013-01-28T15:21:41","date_gmt":"2013-01-28T15:21:41","guid":{"rendered":"http:\/\/entecultura.com.ar\/noticias\/?p=8220"},"modified":"2013-01-28T15:21:41","modified_gmt":"2013-01-28T15:21:41","slug":"san-vicente-celebro-su-aniversario-compartiendo-cultura","status":"publish","type":"post","link":"http:\/\/enteculturalsantafesino.com.ar\/usina2\/2013\/01\/san-vicente-celebro-su-aniversario-compartiendo-cultura\/","title":{"rendered":"SAN VICENTE CELEBR\u00d3 SU ANIVERSARIO \u00abCOMPARTIENDO CULTURA\u00bb"},"content":{"rendered":"<p>En el marco de los 130 a\u00f1os de nuestra localidad, el pasado s\u00e1bado se llev\u00f3 <a href=\"http:\/\/enteregionalcultura.com.ar\/usina1\/2013\/01\/san-vicente-celebro-su-aniversario-compartiendo-cultura\/san-vicente-1\/\"><img loading=\"lazy\" decoding=\"async\" class=\"alignright size-medium wp-image-8221\" alt=\"san vicente 1\" src=\"http:\/\/enteregionalcultura.com.ar\/usina1\/wp-content\/uploads\/2013\/01\/san-vicente-1-300x200.jpg\" width=\"300\" height=\"200\" \/><\/a><\/p>\n<p>a cabo el Anfiteatro \u201cRub\u00e9n Jos\u00e9 Dei \u2013 Cas\u201d el Encuentro Internacional de Danzas organizado por la Comuna de San Vicente, su Secretar\u00eda de Cultura y la Escuela Comunal de Danzas Folcl\u00f3ricas \u201cEl Lucero\u201d. Mediante gestiones realizadas por el Sr. Mariano Villaruel, representante del Ente Regional de Cultura, se realiz\u00f3 el intercambio latinoamericano de culturas, tradiciones, bailes t\u00edpicos y canto junto a las delegaciones invitadas provenientes de M\u00e9xico y Venezuela. La emotiva noche cont\u00f3 con la participaci\u00f3n art\u00edstica y talentosa del Grupo de Danzas Folcl\u00f3ricas \u201cEl Lucero\u201d, Grupo de Danzas Aut\u00f3ctonas y Tradicionales del Estado de Quer\u00e9taro, de M\u00e9xico, Agrupaci\u00f3n Cultural \u201cHugo Palmar\u201d de Venezuela, Ballet \u201cSue\u00f1os de Estrella\u201d, Academia de Baile \u201cSilvia Su\u201d, Taller Comunal de Danzas Contempor\u00e1neas y Pe\u00f1a de Tango \u201cRE-FA-SI\u201d.<a href=\"http:\/\/enteregionalcultura.com.ar\/usina1\/2013\/01\/san-vicente-celebro-su-aniversario-compartiendo-cultura\/san-vicente-3-3\/\"><img loading=\"lazy\" decoding=\"async\" class=\"alignright size-medium wp-image-8222\" alt=\"SAN VICENTE 3\" src=\"http:\/\/enteregionalcultura.com.ar\/usina1\/wp-content\/uploads\/2013\/01\/SAN-VICENTE-3-300x200.jpg\" width=\"300\" height=\"200\" \/><\/a><\/p>\n<p>En medio de mucho ritmo, magia, alegr\u00eda y amor por la actuaci\u00f3n cada uno de los invitados brill\u00f3 en el\u00a0 escenario y el p\u00fablico presente celebr\u00f3 la iniciativa de vivir y compartir este hermanamiento que ser\u00e1 del recuerdo de muchos\u2026<\/p>\n<p>Finalmente, el Presidente Comunal Sr. Gustavo Racca destac\u00f3 la llegada de estos nobles artistas y reconoci\u00f3 el trabajo intenso llevado a cabo por profesores, padres y alumnos de los ballets locales para que el evento fuera maravilloso e inolvidable tal como sucedi\u00f3.<\/p>\n<p>Una vez m\u00e1s, felicitamos a la comunidad sanvicentina por acompa\u00f1ar este maravilloso encuentro y agradecemos la posibilidad de compartir sentimientos e identidades en una noche deslumbrante.<a href=\"http:\/\/enteregionalcultura.com.ar\/usina1\/2013\/01\/san-vicente-celebro-su-aniversario-compartiendo-cultura\/san-vicente-4-3\/\"><img loading=\"lazy\" decoding=\"async\" class=\"alignright size-medium wp-image-8223\" alt=\"SAN VICENTE 4\" src=\"http:\/\/enteregionalcultura.com.ar\/usina1\/wp-content\/uploads\/2013\/01\/SAN-VICENTE-4-300x200.jpg\" width=\"300\" height=\"200\" \/><\/a><\/p>\n<p>La <strong>Secretaria de Cultura de San Vicente- Carolina Gait\u00e1n<\/strong> manifestaba su alegr\u00eda y emoci\u00f3n: <em>\u00abEl\u00a0p\u00fablico\u00a0 permaneci\u00f3 hasta el \u00faltimo minuto y nos acompa\u00f1\u00f3 con sus c\u00e1lidos aplausos. San Vicente vivi\u00f3 uno de sus m\u00e1s importantes eventos en el marco de sus 130 a\u00f1os.<\/em><br \/>\n<em>El Ente Regional de Cultura, la union y la fuerza, posibilitaron que esta noche sea realmente inolvidable&#8230;Compartir cultura es crecer, es aprender, es disfrutar y es sobre todas las cosas, llevarse en el coraz\u00f3n, el recuerdo que deja la magia del encuentro con el otro.\u00bb<\/em><\/p>\n<p><em>Fuente: Fm 93.5 Radio San Vicente\/Foto:Flavia Taborra\/ Edici\u00f3n: Ente de Cultura<\/em><br \/>\n<em>\u00a0<\/em><\/p>\n","protected":false},"excerpt":{"rendered":"<p>En el marco de los 130 a\u00f1os de nuestra localidad, el pasado s\u00e1bado se llev\u00f3 a cabo [&hellip;]<\/p>\n","protected":false},"author":3,"featured_media":0,"comment_status":"open","ping_status":"open","sticky":false,"template":"","format":"standard","meta":{"_jetpack_memberships_contains_paid_content":false,"footnotes":"","jetpack_publicize_message":"","jetpack_publicize_feature_enabled":true,"jetpack_social_post_already_shared":false,"jetpack_social_options":{"image_generator_settings":{"template":"highway","enabled":false}}},"categories":[4,5],"tags":[21,22],"jetpack_publicize_connections":[],"jetpack_featured_media_url":"","jetpack_sharing_enabled":true,"_links":{"self":[{"href":"http:\/\/enteculturalsantafesino.com.ar\/usina2\/wp-json\/wp\/v2\/posts\/8220"}],"collection":[{"href":"http:\/\/enteculturalsantafesino.com.ar\/usina2\/wp-json\/wp\/v2\/posts"}],"about":[{"href":"http:\/\/enteculturalsantafesino.com.ar\/usina2\/wp-json\/wp\/v2\/types\/post"}],"author":[{"embeddable":true,"href":"http:\/\/enteculturalsantafesino.com.ar\/usina2\/wp-json\/wp\/v2\/users\/3"}],"replies":[{"embeddable":true,"href":"http:\/\/enteculturalsantafesino.com.ar\/usina2\/wp-json\/wp\/v2\/comments?post=8220"}],"version-history":[{"count":0,"href":"http:\/\/enteculturalsantafesino.com.ar\/usina2\/wp-json\/wp\/v2\/posts\/8220\/revisions"}],"wp:attachment":[{"href":"http:\/\/enteculturalsantafesino.com.ar\/usina2\/wp-json\/wp\/v2\/media?parent=8220"}],"wp:term":[{"taxonomy":"category","embeddable":true,"href":"http:\/\/enteculturalsantafesino.com.ar\/usina2\/wp-json\/wp\/v2\/categories?post=8220"},{"taxonomy":"post_tag","embeddable":true,"href":"http:\/\/enteculturalsantafesino.com.ar\/usina2\/wp-json\/wp\/v2\/tags?post=8220"}],"curies":[{"name":"wp","href":"https:\/\/api.w.org\/{rel}","templated":true}]}}