{"id":9585,"date":"2013-03-21T18:23:50","date_gmt":"2013-03-21T18:23:50","guid":{"rendered":"http:\/\/entecultura.com.ar\/usina2\/?p=9585"},"modified":"2013-03-21T18:23:50","modified_gmt":"2013-03-21T18:23:50","slug":"sunchales-se-sumo-formalmente-al-ente-cultural","status":"publish","type":"post","link":"http:\/\/enteculturalsantafesino.com.ar\/usina2\/2013\/03\/sunchales-se-sumo-formalmente-al-ente-cultural\/","title":{"rendered":"Sunchales se sum\u00f3 formalmente al Ente Cultural"},"content":{"rendered":"<div align=\"justify\">La <em><strong>Subsecretaria de Cultura y Educaci\u00f3n Marta Walker<\/strong><\/em>, <a href=\"http:\/\/enteculturalsantafesino.com.ar\/usina2\/wp-content\/uploads\/2013\/03\/REGIONALIZACION-EN-SUNCHALES.jpg\" rel=\"lightbox[9585]\"><img loading=\"lazy\" decoding=\"async\" class=\"size-medium wp-image-9587 alignright\" alt=\"REGIONALIZACION EN SUNCHALES\" src=\"http:\/\/enteculturalsantafesino.com.ar\/usina2\/wp-content\/uploads\/2013\/03\/REGIONALIZACION-EN-SUNCHALES-300x179.jpg\" width=\"300\" height=\"179\" \/><\/a><\/div>\n<div align=\"justify\">confirm\u00f3, formalmente mediante nota, su intenci\u00f3n de sumarse al <a href=\"http:\/\/www.enteculturalsantafesino.com.ar\">Ente Cultural<\/a>.Motivo por lo cual esta Asociaci\u00f3n Cultural ha aceptado la solicitud convirti\u00e9ndose en un nuevo adherente, con la finalidad de generar los espacios de promoci\u00f3n y difusi\u00f3n desde la tarea de \u201cregionalizaci\u00f3n\u201d a trav\u00e9s del desarrollo productivo y cultural de nuestras comunidades santafesinas.<\/p>\n<p>Dicho organismo posibilitar\u00e1 la interacci\u00f3n activa de los distintos organismos culturales de cada comunidad participante, logrando acuerdos y pol\u00edticas que reflejen una mayor y mejor jerarquizaci\u00f3n en las gestiones culturales.<\/p>\n<p><span style=\"text-decoration: underline;\">Sunchales<\/span><\/p>\n<\/div>\n<div align=\"justify\">\u00a0La ciudad de Sunchales est\u00e1 ubicada entre los 30\u00ba 57\u2019 de latitud Sur y 61\u00ba 35\u2019 de longitud Oeste, dentro del Departamento Castellanos, al noroeste de la provincia de Santa Fe, en la denominada \u201cPampa H\u00fameda de Argentina\u201d.<\/div>\n<p align=\"justify\">Las principales caracter\u00edsticas de esta regi\u00f3n son terrenos llanos, con una altura promedio entre los 95 y 100 metros sobre el nivel del mar y un promedio anual de lluvias de casi 1000 mil\u00edmetros. Se caracteriza por un clima templado, con veranos calurosos y h\u00famedos (temperaturas entre 18\u00b0 y 31\u00b0), e inviernos fr\u00edos y secos (temperaturas entre 6\u00b0 y 18\u00b0).<\/p>\n<p align=\"justify\">El desarrollo del ramal ferroviario que une al Puerto de Rosario con el Noroeste argentino fue uno de los hitos principales en la conformaci\u00f3n de la ciudad. De la misma manera, Sunchales es a\u00fan hoy una importante escala en el recorrido del tren Nuevo Central Argentino.<\/p>\n<p align=\"justify\">Sunchales se ubica tambi\u00e9n junto a otra importante v\u00eda de comunicaci\u00f3n terrestre como es la Ruta Nacional N\u00ba 34, que se inicia en la ciudad de Rosario y llega hasta el l\u00edmite internacional con Bolivia. Hacia el Oeste, circulando por la Ruta Provincial N\u00ba 280-S, es posible llegar a la provincia de C\u00f3rdoba, y desde all\u00ed a todo el Oeste y Sur del Pa\u00eds.<\/p>\n","protected":false},"excerpt":{"rendered":"<p>La Subsecretaria de Cultura y Educaci\u00f3n Marta Walker, confirm\u00f3, formalmente mediante nota, su intenci\u00f3n de sumarse al [&hellip;]<\/p>\n","protected":false},"author":3,"featured_media":9588,"comment_status":"closed","ping_status":"closed","sticky":false,"template":"","format":"standard","meta":{"_jetpack_memberships_contains_paid_content":false,"footnotes":"","jetpack_publicize_message":"","jetpack_publicize_feature_enabled":true,"jetpack_social_post_already_shared":false,"jetpack_social_options":{"image_generator_settings":{"template":"highway","enabled":false}}},"categories":[27],"tags":[],"jetpack_publicize_connections":[],"jetpack_featured_media_url":"http:\/\/enteculturalsantafesino.com.ar\/usina2\/wp-content\/uploads\/2013\/03\/escudo-de-sunchales.jpg","jetpack_sharing_enabled":true,"_links":{"self":[{"href":"http:\/\/enteculturalsantafesino.com.ar\/usina2\/wp-json\/wp\/v2\/posts\/9585"}],"collection":[{"href":"http:\/\/enteculturalsantafesino.com.ar\/usina2\/wp-json\/wp\/v2\/posts"}],"about":[{"href":"http:\/\/enteculturalsantafesino.com.ar\/usina2\/wp-json\/wp\/v2\/types\/post"}],"author":[{"embeddable":true,"href":"http:\/\/enteculturalsantafesino.com.ar\/usina2\/wp-json\/wp\/v2\/users\/3"}],"replies":[{"embeddable":true,"href":"http:\/\/enteculturalsantafesino.com.ar\/usina2\/wp-json\/wp\/v2\/comments?post=9585"}],"version-history":[{"count":0,"href":"http:\/\/enteculturalsantafesino.com.ar\/usina2\/wp-json\/wp\/v2\/posts\/9585\/revisions"}],"wp:featuredmedia":[{"embeddable":true,"href":"http:\/\/enteculturalsantafesino.com.ar\/usina2\/wp-json\/wp\/v2\/media\/9588"}],"wp:attachment":[{"href":"http:\/\/enteculturalsantafesino.com.ar\/usina2\/wp-json\/wp\/v2\/media?parent=9585"}],"wp:term":[{"taxonomy":"category","embeddable":true,"href":"http:\/\/enteculturalsantafesino.com.ar\/usina2\/wp-json\/wp\/v2\/categories?post=9585"},{"taxonomy":"post_tag","embeddable":true,"href":"http:\/\/enteculturalsantafesino.com.ar\/usina2\/wp-json\/wp\/v2\/tags?post=9585"}],"curies":[{"name":"wp","href":"https:\/\/api.w.org\/{rel}","templated":true}]}}