{"id":9592,"date":"2013-03-22T17:16:10","date_gmt":"2013-03-22T17:16:10","guid":{"rendered":"http:\/\/entecultura.com.ar\/usina2\/?p=9592"},"modified":"2013-03-22T23:05:33","modified_gmt":"2013-03-22T23:05:33","slug":"lehmann-visita-las-localidades-de-tacural-eusebia-y-aldao","status":"publish","type":"post","link":"http:\/\/enteculturalsantafesino.com.ar\/usina2\/2013\/03\/lehmann-visita-las-localidades-de-tacural-eusebia-y-aldao\/","title":{"rendered":"Lehmann visita a las localidades de Tacural,Eusebia y Aldao"},"content":{"rendered":"<p style=\"text-align: left;\">Prosiguiendo con la consigna de regionalizar la cultura en la provincia de <a href=\"http:\/\/enteculturalsantafesino.com.ar\/usina2\/wp-content\/uploads\/2013\/03\/VISITA-TACURAL-2.jpg\" rel=\"lightbox[9592]\"><img loading=\"lazy\" decoding=\"async\" class=\"size-medium wp-image-9594 alignright\" alt=\"VISITA TACURAL 2\" src=\"http:\/\/enteculturalsantafesino.com.ar\/usina2\/wp-content\/uploads\/2013\/03\/VISITA-TACURAL-2-300x225.jpg\" width=\"300\" height=\"225\" \/><\/a><\/p>\n<p style=\"text-align: left;\">Santa Fe, y atendiendo a sus obligaciones como n\u00facleo encabezador de la llamada <i>Usina Cultural II<\/i> del proyecto\u00a0 del <a href=\"http:\/\/enteculturalsantafesino.com.ar\">Ente Regional de Cultura<\/a>, integrantes de la Comisi\u00f3n de Cultura de Lehmann visitaron esta ma\u00f1ana\u00a0 tres nuevas localidades de la zona.<\/p>\n<p style=\"text-align: left;\">En la oportunidad \u2013 Valentina Verino, Mar\u00eda Rosa Rudolf y Antonio Calder\u00f3n- fueron recibidos en Tacural por la Sra. Stella de Sola, referente cultural de la localidad, quien se mostr\u00f3 sumamente interesada en el proyecto en curso y las posibilidades que el mismo genera para su pueblo.\u00a0 Id\u00e9ntico inter\u00e9s demostr\u00f3 Caterina, a cargo del \u00e1rea cultura en la Comuna de Eusebia, quien tambi\u00e9n nos manifest\u00f3 su prop\u00f3sito de acompa\u00f1ar este proyecto que impactar\u00e1 en su localidad.<a href=\"http:\/\/enteculturalsantafesino.com.ar\/usina2\/wp-content\/uploads\/2013\/03\/VISITA-TACURAL-3.jpg\" rel=\"lightbox[9592]\"><img loading=\"lazy\" decoding=\"async\" class=\"size-medium wp-image-9595 alignright\" alt=\"VISITA TACURAL 3\" src=\"http:\/\/enteculturalsantafesino.com.ar\/usina2\/wp-content\/uploads\/2013\/03\/VISITA-TACURAL-3-300x225.jpg\" width=\"300\" height=\"225\" \/><\/a><\/p>\n<p style=\"text-align: left;\">Por \u00faltimo, fuimos recibidos en Aldao por el Presidente Comunal Sr. Hugo Michelini, a quien tambi\u00e9n transmitimos los pormenores del proyecto citado y, como era de esperar, comprendi\u00f3 su valor y las posibilidades que genera para la Comuna que\u00a0 preside.<em>La Comisi\u00f3n de Cultura de Lehmann agradece la predisposici\u00f3n a todas las localdades visitadas.<\/em><\/p>\n<p style=\"text-align: left;\">.<\/p>\n","protected":false},"excerpt":{"rendered":"<p>Prosiguiendo con la consigna de regionalizar la cultura en la provincia de Santa Fe, y atendiendo a [&hellip;]<\/p>\n","protected":false},"author":3,"featured_media":0,"comment_status":"closed","ping_status":"closed","sticky":false,"template":"","format":"standard","meta":{"_jetpack_memberships_contains_paid_content":false,"footnotes":"","jetpack_publicize_message":"","jetpack_publicize_feature_enabled":true,"jetpack_social_post_already_shared":false,"jetpack_social_options":{"image_generator_settings":{"template":"highway","enabled":false}}},"categories":[2],"tags":[],"jetpack_publicize_connections":[],"jetpack_featured_media_url":"","jetpack_sharing_enabled":true,"_links":{"self":[{"href":"http:\/\/enteculturalsantafesino.com.ar\/usina2\/wp-json\/wp\/v2\/posts\/9592"}],"collection":[{"href":"http:\/\/enteculturalsantafesino.com.ar\/usina2\/wp-json\/wp\/v2\/posts"}],"about":[{"href":"http:\/\/enteculturalsantafesino.com.ar\/usina2\/wp-json\/wp\/v2\/types\/post"}],"author":[{"embeddable":true,"href":"http:\/\/enteculturalsantafesino.com.ar\/usina2\/wp-json\/wp\/v2\/users\/3"}],"replies":[{"embeddable":true,"href":"http:\/\/enteculturalsantafesino.com.ar\/usina2\/wp-json\/wp\/v2\/comments?post=9592"}],"version-history":[{"count":0,"href":"http:\/\/enteculturalsantafesino.com.ar\/usina2\/wp-json\/wp\/v2\/posts\/9592\/revisions"}],"wp:attachment":[{"href":"http:\/\/enteculturalsantafesino.com.ar\/usina2\/wp-json\/wp\/v2\/media?parent=9592"}],"wp:term":[{"taxonomy":"category","embeddable":true,"href":"http:\/\/enteculturalsantafesino.com.ar\/usina2\/wp-json\/wp\/v2\/categories?post=9592"},{"taxonomy":"post_tag","embeddable":true,"href":"http:\/\/enteculturalsantafesino.com.ar\/usina2\/wp-json\/wp\/v2\/tags?post=9592"}],"curies":[{"name":"wp","href":"https:\/\/api.w.org\/{rel}","templated":true}]}}