{"id":9602,"date":"2013-03-23T00:35:18","date_gmt":"2013-03-23T00:35:18","guid":{"rendered":"http:\/\/entecultura.com.ar\/usina2\/?p=9602"},"modified":"2013-03-23T06:30:00","modified_gmt":"2013-03-23T06:30:00","slug":"san-vicente-acto-por-malvinas","status":"publish","type":"post","link":"http:\/\/enteculturalsantafesino.com.ar\/usina2\/2013\/03\/san-vicente-acto-por-malvinas\/","title":{"rendered":"San Vicente: Acto por Malvinas"},"content":{"rendered":"<p>La Secretar\u00eda de Cultura de la Comuna de San Vicente invita al acto en<a href=\"http:\/\/enteculturalsantafesino.com.ar\/usina2\/wp-content\/uploads\/2013\/03\/monumentoamalvinas-300x205.png\" rel=\"lightbox[9602]\"><img loading=\"lazy\" decoding=\"async\" class=\"size-full wp-image-9603 alignright\" alt=\"monumentoamalvinas-300x205\" src=\"http:\/\/enteculturalsantafesino.com.ar\/usina2\/wp-content\/uploads\/2013\/03\/monumentoamalvinas-300x205.png\" width=\"300\" height=\"205\" \/><\/a><\/p>\n<p>conmemoraci\u00f3n al d\u00eda del Veterano y de los ca\u00eddos en Malvinas, que se llevar\u00e1 a cabo el pr\u00f3ximo martes 2 de abril, desde las 18.30 hs, frente a la Parroquia San Vicente de Pa\u00fal.<\/p>\n<p>Desde all\u00ed se dar\u00e1 comienzo con la \u201cMarcha de las Antorchas\u201d que culminar\u00e1 en el monumento en honor a nuestros veteranos y ca\u00eddos en la guerra.<\/p>\n<p>El acto se realizar\u00e1 a las 19.00 hs \u00a0en el mismo monumento.<\/p>\n","protected":false},"excerpt":{"rendered":"<p>La Secretar\u00eda de Cultura de la Comuna de San Vicente invita al acto en conmemoraci\u00f3n al d\u00eda [&hellip;]<\/p>\n","protected":false},"author":3,"featured_media":0,"comment_status":"closed","ping_status":"closed","sticky":false,"template":"","format":"standard","meta":{"_jetpack_memberships_contains_paid_content":false,"footnotes":"","jetpack_publicize_message":"","jetpack_publicize_feature_enabled":true,"jetpack_social_post_already_shared":false,"jetpack_social_options":{"image_generator_settings":{"template":"highway","enabled":false}}},"categories":[5],"tags":[],"jetpack_publicize_connections":[],"jetpack_featured_media_url":"","jetpack_sharing_enabled":true,"_links":{"self":[{"href":"http:\/\/enteculturalsantafesino.com.ar\/usina2\/wp-json\/wp\/v2\/posts\/9602"}],"collection":[{"href":"http:\/\/enteculturalsantafesino.com.ar\/usina2\/wp-json\/wp\/v2\/posts"}],"about":[{"href":"http:\/\/enteculturalsantafesino.com.ar\/usina2\/wp-json\/wp\/v2\/types\/post"}],"author":[{"embeddable":true,"href":"http:\/\/enteculturalsantafesino.com.ar\/usina2\/wp-json\/wp\/v2\/users\/3"}],"replies":[{"embeddable":true,"href":"http:\/\/enteculturalsantafesino.com.ar\/usina2\/wp-json\/wp\/v2\/comments?post=9602"}],"version-history":[{"count":0,"href":"http:\/\/enteculturalsantafesino.com.ar\/usina2\/wp-json\/wp\/v2\/posts\/9602\/revisions"}],"wp:attachment":[{"href":"http:\/\/enteculturalsantafesino.com.ar\/usina2\/wp-json\/wp\/v2\/media?parent=9602"}],"wp:term":[{"taxonomy":"category","embeddable":true,"href":"http:\/\/enteculturalsantafesino.com.ar\/usina2\/wp-json\/wp\/v2\/categories?post=9602"},{"taxonomy":"post_tag","embeddable":true,"href":"http:\/\/enteculturalsantafesino.com.ar\/usina2\/wp-json\/wp\/v2\/tags?post=9602"}],"curies":[{"name":"wp","href":"https:\/\/api.w.org\/{rel}","templated":true}]}}