{"id":9771,"date":"2013-04-09T17:22:33","date_gmt":"2013-04-09T17:22:33","guid":{"rendered":"http:\/\/entecultura.com.ar\/usina2\/?p=9771"},"modified":"2013-04-09T17:22:33","modified_gmt":"2013-04-09T17:22:33","slug":"sunchales-acto-inicio-de-actividades-del-liceo-municipal","status":"publish","type":"post","link":"http:\/\/enteculturalsantafesino.com.ar\/usina2\/2013\/04\/sunchales-acto-inicio-de-actividades-del-liceo-municipal\/","title":{"rendered":"Sunchales: Acto inicio de actividades del Liceo Municipal."},"content":{"rendered":"<p><a href=\"http:\/\/enteculturalsantafesino.com.ar\/usina2\/wp-content\/uploads\/2013\/04\/LICEO-SUNCHALES..jpg\" rel=\"lightbox[9771]\"><img loading=\"lazy\" decoding=\"async\" class=\"size-medium wp-image-9772 alignright\" alt=\"LICEO SUNCHALES.\" src=\"http:\/\/enteculturalsantafesino.com.ar\/usina2\/wp-content\/uploads\/2013\/04\/LICEO-SUNCHALES.-300x176.jpg\" width=\"300\" height=\"176\" \/><\/a>La Municipalidad de Sunchales desde la <em>Subsecretar\u00eda de Educaci\u00f3n y Cultura<\/em> invita a toda la comunidad a participar del acto inicio de actividades del Liceo Municipal, a llevarse a cabo el pr\u00f3ximo domingo 14 de abril, a partir de la hora 19, en instalaciones de las Ex Cocheras Rotania Espacio Cultural.<\/p>\n<p>En la apertura de dicha ceremonia, los presentes podr\u00e1n disfrutar de una demostraci\u00f3n de expresiones art\u00edsticas musicales, corporales y visuales. Adem\u00e1s, se realizar\u00e1 un recorrido por las renovadas instalaciones del Liceo Municipal.<\/p>\n<p>&nbsp;<\/p>\n","protected":false},"excerpt":{"rendered":"<p>La Municipalidad de Sunchales desde la Subsecretar\u00eda de Educaci\u00f3n y Cultura invita a toda la comunidad a [&hellip;]<\/p>\n","protected":false},"author":3,"featured_media":0,"comment_status":"closed","ping_status":"closed","sticky":false,"template":"","format":"standard","meta":{"_jetpack_memberships_contains_paid_content":false,"footnotes":"","jetpack_publicize_message":"","jetpack_publicize_feature_enabled":true,"jetpack_social_post_already_shared":false,"jetpack_social_options":{"image_generator_settings":{"template":"highway","enabled":false}}},"categories":[27],"tags":[],"jetpack_publicize_connections":[],"jetpack_featured_media_url":"","jetpack_sharing_enabled":true,"_links":{"self":[{"href":"http:\/\/enteculturalsantafesino.com.ar\/usina2\/wp-json\/wp\/v2\/posts\/9771"}],"collection":[{"href":"http:\/\/enteculturalsantafesino.com.ar\/usina2\/wp-json\/wp\/v2\/posts"}],"about":[{"href":"http:\/\/enteculturalsantafesino.com.ar\/usina2\/wp-json\/wp\/v2\/types\/post"}],"author":[{"embeddable":true,"href":"http:\/\/enteculturalsantafesino.com.ar\/usina2\/wp-json\/wp\/v2\/users\/3"}],"replies":[{"embeddable":true,"href":"http:\/\/enteculturalsantafesino.com.ar\/usina2\/wp-json\/wp\/v2\/comments?post=9771"}],"version-history":[{"count":0,"href":"http:\/\/enteculturalsantafesino.com.ar\/usina2\/wp-json\/wp\/v2\/posts\/9771\/revisions"}],"wp:attachment":[{"href":"http:\/\/enteculturalsantafesino.com.ar\/usina2\/wp-json\/wp\/v2\/media?parent=9771"}],"wp:term":[{"taxonomy":"category","embeddable":true,"href":"http:\/\/enteculturalsantafesino.com.ar\/usina2\/wp-json\/wp\/v2\/categories?post=9771"},{"taxonomy":"post_tag","embeddable":true,"href":"http:\/\/enteculturalsantafesino.com.ar\/usina2\/wp-json\/wp\/v2\/tags?post=9771"}],"curies":[{"name":"wp","href":"https:\/\/api.w.org\/{rel}","templated":true}]}}