{"id":9774,"date":"2013-04-09T17:26:11","date_gmt":"2013-04-09T17:26:11","guid":{"rendered":"http:\/\/entecultura.com.ar\/usina2\/?p=9774"},"modified":"2013-04-09T17:26:11","modified_gmt":"2013-04-09T17:26:11","slug":"sunchales-el-municipio-desarrollara-el-proyecto-cultural-aulas-y-salas","status":"publish","type":"post","link":"http:\/\/enteculturalsantafesino.com.ar\/usina2\/2013\/04\/sunchales-el-municipio-desarrollara-el-proyecto-cultural-aulas-y-salas\/","title":{"rendered":"Sunchales: El municipio desarrollar\u00e1 el proyecto cultural \u201cAulas y Salas\u201d"},"content":{"rendered":"<p><a href=\"http:\/\/enteculturalsantafesino.com.ar\/usina2\/wp-content\/uploads\/2013\/04\/sunchales-2.jpg\" rel=\"lightbox[9774]\"><img loading=\"lazy\" decoding=\"async\" class=\"size-medium wp-image-9775 alignright\" alt=\"sunchales 2\" src=\"http:\/\/enteculturalsantafesino.com.ar\/usina2\/wp-content\/uploads\/2013\/04\/sunchales-2-300x225.jpg\" width=\"300\" height=\"225\" \/><\/a>La Municipalidad de Sunchales desde la Subsecretar\u00eda de Educaci\u00f3n y la Direcci\u00f3n de\u00a0Educaci\u00f3n informa a toda la comunidad que el gobierno local comenzar\u00e1 a desarrollar en la ciudad el proyecto cultural \u2013 escolar \u201cAulas y Salas\u201d, en conjunto con el Museo y Archivo Hist\u00f3rico Municipal \u201cBasilio Donato\u201d.<\/p>\n<p>A trav\u00e9s de las distintas actividades que este proyecto propone, el Museo local dispondr\u00e1 sus instalaciones, y se preparar\u00e1 para recibir a los alumnos del nivel primario de nuestra ciudad, con el <em>objetivo de que los ni\u00f1os conozcan la historia de Sunchales de manera interactiva, diferente y enriquecedora.<\/em><\/p>\n<p>En este sentido, con la ejecuci\u00f3n de este programa cultural, el principal fin del municipio es impulsar al Museo local a que comience a trabajar con p\u00fablicos singulares, y se pretende, adem\u00e1s, que las instituciones educativas ampl\u00eden las experiencias pedag\u00f3gicas en las salas de museos.<\/p>\n","protected":false},"excerpt":{"rendered":"<p>La Municipalidad de Sunchales desde la Subsecretar\u00eda de Educaci\u00f3n y la Direcci\u00f3n de\u00a0Educaci\u00f3n informa a toda la [&hellip;]<\/p>\n","protected":false},"author":3,"featured_media":0,"comment_status":"closed","ping_status":"closed","sticky":false,"template":"","format":"standard","meta":{"_jetpack_memberships_contains_paid_content":false,"footnotes":"","jetpack_publicize_message":"","jetpack_publicize_feature_enabled":true,"jetpack_social_post_already_shared":false,"jetpack_social_options":{"image_generator_settings":{"template":"highway","enabled":false}}},"categories":[27],"tags":[],"jetpack_publicize_connections":[],"jetpack_featured_media_url":"","jetpack_sharing_enabled":true,"_links":{"self":[{"href":"http:\/\/enteculturalsantafesino.com.ar\/usina2\/wp-json\/wp\/v2\/posts\/9774"}],"collection":[{"href":"http:\/\/enteculturalsantafesino.com.ar\/usina2\/wp-json\/wp\/v2\/posts"}],"about":[{"href":"http:\/\/enteculturalsantafesino.com.ar\/usina2\/wp-json\/wp\/v2\/types\/post"}],"author":[{"embeddable":true,"href":"http:\/\/enteculturalsantafesino.com.ar\/usina2\/wp-json\/wp\/v2\/users\/3"}],"replies":[{"embeddable":true,"href":"http:\/\/enteculturalsantafesino.com.ar\/usina2\/wp-json\/wp\/v2\/comments?post=9774"}],"version-history":[{"count":0,"href":"http:\/\/enteculturalsantafesino.com.ar\/usina2\/wp-json\/wp\/v2\/posts\/9774\/revisions"}],"wp:attachment":[{"href":"http:\/\/enteculturalsantafesino.com.ar\/usina2\/wp-json\/wp\/v2\/media?parent=9774"}],"wp:term":[{"taxonomy":"category","embeddable":true,"href":"http:\/\/enteculturalsantafesino.com.ar\/usina2\/wp-json\/wp\/v2\/categories?post=9774"},{"taxonomy":"post_tag","embeddable":true,"href":"http:\/\/enteculturalsantafesino.com.ar\/usina2\/wp-json\/wp\/v2\/tags?post=9774"}],"curies":[{"name":"wp","href":"https:\/\/api.w.org\/{rel}","templated":true}]}}