{"id":9779,"date":"2013-04-09T21:38:18","date_gmt":"2013-04-09T21:38:18","guid":{"rendered":"http:\/\/entecultura.com.ar\/usina2\/?p=9779"},"modified":"2013-04-09T21:43:32","modified_gmt":"2013-04-09T21:43:32","slug":"maria-juana-seminario-de-simbolos-nacionales-y-organizacion-de-actos-escolares","status":"publish","type":"post","link":"http:\/\/enteculturalsantafesino.com.ar\/usina2\/2013\/04\/maria-juana-seminario-de-simbolos-nacionales-y-organizacion-de-actos-escolares\/","title":{"rendered":"Mar\u00eda Juana: Seminario de S\u00edmbolos Nacionales y Organizaci\u00f3n de Actos Escolares"},"content":{"rendered":"<div id=\"id_516487fe68c1a8c17392738\">\n<div id=\"id_516487fe68c1a8c17392738\">El <strong>Ente Cultural<\/strong> invita a docentes, alumnos de carreras docentes y personal<a href=\"http:\/\/enteculturalsantafesino.com.ar\/usina2\/wp-content\/uploads\/2013\/04\/2013-afiche-simbolos.jpg\" rel=\"lightbox[9779]\"><img loading=\"lazy\" decoding=\"async\" class=\"size-medium wp-image-9780 alignright\" alt=\"2013 afiche simbolos\" src=\"http:\/\/enteculturalsantafesino.com.ar\/usina2\/wp-content\/uploads\/2013\/04\/2013-afiche-simbolos-300x174.jpg\" width=\"300\" height=\"174\" \/><\/a><\/div>\n<div>de instituciones que trabajen en Ceremonial al:<\/div>\n<div><strong>\u00abSeminario de\u00a0S\u00edmbolos Nacionales y Organizaci\u00f3n de Actos Escolares\u00a0e Institucionales.\u00bb<\/strong><\/div>\n<div><\/div>\n<div>En el a\u00f1o del Bicentenario de la Asamblea del a\u00f1o XIII y por la revalorizaci\u00f3n de la identidad nacional.<\/div>\n<div><\/div>\n<div><strong> Estructura:<\/strong> 1 jornada<\/div>\n<div><strong> Fecha de realizaci\u00f3n:<\/strong> S\u00e1bado 20 de abril<\/div>\n<div><strong>Horarios:<\/strong> Acreditaci\u00f3n de 8 a 8:30 hs<\/div>\n<div><strong> Inicio:<\/strong> 9hs\u00a0\u00a0\u00a0\u00a0 <strong>Finalizaci\u00f3n:<\/strong> 18 hs.<\/div>\n<div><strong> Lugar de realizaci\u00f3n:<\/strong> Sala de Cultura \u00abErnesto S\u00e1bato\u00bb Mitre N\u00ba 580- Mar\u00eda Juana &#8211; Comuna de Mar\u00eda Juana<\/div>\n<div><strong>Aranceles de inscripci\u00f3n:\u00a0<\/strong> $100 si pagan antes del 15 de abril y $150 hasta el d\u00eda del seminario. (Podr\u00e1n abonarlo en el \u00c1rea de Cultura de su localidad) (incluye coffee-break \u2013 almuerzo &#8211; material de apoyo \u2013 apuntes \u2013 certificado de asistencia &#8211; sorteos) \u00a0 <em><strong>Inscripciones: desde el 4\u00a0al 15 de abril.<\/strong><\/em><\/div>\n<\/div>\n","protected":false},"excerpt":{"rendered":"<p>El Ente Cultural invita a docentes, alumnos de carreras docentes y personal de instituciones que trabajen en [&hellip;]<\/p>\n","protected":false},"author":3,"featured_media":0,"comment_status":"closed","ping_status":"closed","sticky":false,"template":"","format":"standard","meta":{"_jetpack_memberships_contains_paid_content":false,"footnotes":"","jetpack_publicize_message":"","jetpack_publicize_feature_enabled":true,"jetpack_social_post_already_shared":false,"jetpack_social_options":{"image_generator_settings":{"template":"highway","enabled":false}}},"categories":[28,15],"tags":[],"jetpack_publicize_connections":[],"jetpack_featured_media_url":"","jetpack_sharing_enabled":true,"_links":{"self":[{"href":"http:\/\/enteculturalsantafesino.com.ar\/usina2\/wp-json\/wp\/v2\/posts\/9779"}],"collection":[{"href":"http:\/\/enteculturalsantafesino.com.ar\/usina2\/wp-json\/wp\/v2\/posts"}],"about":[{"href":"http:\/\/enteculturalsantafesino.com.ar\/usina2\/wp-json\/wp\/v2\/types\/post"}],"author":[{"embeddable":true,"href":"http:\/\/enteculturalsantafesino.com.ar\/usina2\/wp-json\/wp\/v2\/users\/3"}],"replies":[{"embeddable":true,"href":"http:\/\/enteculturalsantafesino.com.ar\/usina2\/wp-json\/wp\/v2\/comments?post=9779"}],"version-history":[{"count":0,"href":"http:\/\/enteculturalsantafesino.com.ar\/usina2\/wp-json\/wp\/v2\/posts\/9779\/revisions"}],"wp:attachment":[{"href":"http:\/\/enteculturalsantafesino.com.ar\/usina2\/wp-json\/wp\/v2\/media?parent=9779"}],"wp:term":[{"taxonomy":"category","embeddable":true,"href":"http:\/\/enteculturalsantafesino.com.ar\/usina2\/wp-json\/wp\/v2\/categories?post=9779"},{"taxonomy":"post_tag","embeddable":true,"href":"http:\/\/enteculturalsantafesino.com.ar\/usina2\/wp-json\/wp\/v2\/tags?post=9779"}],"curies":[{"name":"wp","href":"https:\/\/api.w.org\/{rel}","templated":true}]}}