{"id":9784,"date":"2013-04-10T13:52:56","date_gmt":"2013-04-10T13:52:56","guid":{"rendered":"http:\/\/entecultura.com.ar\/usina2\/?p=9784"},"modified":"2013-04-10T14:18:06","modified_gmt":"2013-04-10T14:18:06","slug":"lehmann-cultura-de-lehmann-visito-ramona","status":"publish","type":"post","link":"http:\/\/enteculturalsantafesino.com.ar\/usina2\/2013\/04\/lehmann-cultura-de-lehmann-visito-ramona\/","title":{"rendered":"Lehmann: Ente Cultural lleg\u00f3 a Ramona."},"content":{"rendered":"<p><a href=\"http:\/\/enteculturalsantafesino.com.ar\/usina2\/wp-content\/uploads\/2013\/04\/visita-a-Ramona.jpg\" rel=\"lightbox[9784]\"><img loading=\"lazy\" decoding=\"async\" class=\"size-medium wp-image-9789 alignright\" alt=\"visita a Ramona\" src=\"http:\/\/enteculturalsantafesino.com.ar\/usina2\/wp-content\/uploads\/2013\/04\/visita-a-Ramona-300x168.jpg\" width=\"300\" height=\"168\" \/><\/a>El martes 9 en horas de la ma\u00f1ana integrantes de la <i>Comisi\u00f3n de Cultura<\/i> de Lehmann visitaron la localidad de Ramona.En la ocasi\u00f3n \u2013 <i>Josefina Verino, Sandra Gonz\u00e1lez y Mar\u00eda Rosa Rudolf<\/i> &#8211; fueron recibidas por el Presidente Comunal <i>CEFERINO MONDINO<\/i>\u00a0 y el responsable del \u00e1rea de cultura Maximiliano Depetris.<\/p>\n<p>La entrevista se prolong\u00f3 por espacio de una hora y la tem\u00e1tica gir\u00f3 en torno a actividades y propuestas en com\u00fan entre ambas localidades, proyecci\u00f3n regional de las mismas y, fundamentalmente, la importancia de involucrarse dentro del <strong>ENTE DE CULTURA,<\/strong> de cuya USINA CULTURAL II Lehmann es cabecera. Se destaca el car\u00e1cter enriquecedor del encuentro y las posibilidades concretas que el intercambio promete habida cuenta de que, como reza la expresi\u00f3n: \u201cde la cultura todos somos parte\u201d.<\/p>\n","protected":false},"excerpt":{"rendered":"<p>El martes 9 en horas de la ma\u00f1ana integrantes de la Comisi\u00f3n de Cultura de Lehmann visitaron [&hellip;]<\/p>\n","protected":false},"author":3,"featured_media":0,"comment_status":"closed","ping_status":"closed","sticky":false,"template":"","format":"standard","meta":{"_jetpack_memberships_contains_paid_content":false,"footnotes":"","jetpack_publicize_message":"","jetpack_publicize_feature_enabled":true,"jetpack_social_post_already_shared":false,"jetpack_social_options":{"image_generator_settings":{"template":"highway","enabled":false}}},"categories":[2],"tags":[],"jetpack_publicize_connections":[],"jetpack_featured_media_url":"","jetpack_sharing_enabled":true,"_links":{"self":[{"href":"http:\/\/enteculturalsantafesino.com.ar\/usina2\/wp-json\/wp\/v2\/posts\/9784"}],"collection":[{"href":"http:\/\/enteculturalsantafesino.com.ar\/usina2\/wp-json\/wp\/v2\/posts"}],"about":[{"href":"http:\/\/enteculturalsantafesino.com.ar\/usina2\/wp-json\/wp\/v2\/types\/post"}],"author":[{"embeddable":true,"href":"http:\/\/enteculturalsantafesino.com.ar\/usina2\/wp-json\/wp\/v2\/users\/3"}],"replies":[{"embeddable":true,"href":"http:\/\/enteculturalsantafesino.com.ar\/usina2\/wp-json\/wp\/v2\/comments?post=9784"}],"version-history":[{"count":0,"href":"http:\/\/enteculturalsantafesino.com.ar\/usina2\/wp-json\/wp\/v2\/posts\/9784\/revisions"}],"wp:attachment":[{"href":"http:\/\/enteculturalsantafesino.com.ar\/usina2\/wp-json\/wp\/v2\/media?parent=9784"}],"wp:term":[{"taxonomy":"category","embeddable":true,"href":"http:\/\/enteculturalsantafesino.com.ar\/usina2\/wp-json\/wp\/v2\/categories?post=9784"},{"taxonomy":"post_tag","embeddable":true,"href":"http:\/\/enteculturalsantafesino.com.ar\/usina2\/wp-json\/wp\/v2\/tags?post=9784"}],"curies":[{"name":"wp","href":"https:\/\/api.w.org\/{rel}","templated":true}]}}