{"id":10323,"date":"2016-04-19T11:28:19","date_gmt":"2016-04-19T11:28:19","guid":{"rendered":"http:\/\/entecultura.com.ar\/usina3\/?p=10323"},"modified":"2016-04-19T11:28:19","modified_gmt":"2016-04-19T11:28:19","slug":"la-usina-iii-norte-realizara-su-reunion-mensual-en-arroyo-seco","status":"publish","type":"post","link":"http:\/\/enteculturalsantafesino.com.ar\/usina3\/2016\/04\/la-usina-iii-norte-realizara-su-reunion-mensual-en-arroyo-seco\/","title":{"rendered":"La Usina III (norte) realizar\u00e1 su reuni\u00f3n mensual en Arroyo Seco"},"content":{"rendered":"<p>El\u00a0<b>Ente Cultural Santafesino<\/b>\u00a0informa que durante la jornada\u00a0del <strong>jueves 21\u00a0<\/strong>en el <strong>Centro Cultural\u00a0Guillermo Furlong\u00a0<\/strong>partir<b>\u00a0<\/b>de las <strong>18:30hs<\/strong>\u00a0en la ciudad\u00a0de <strong>Arroyo Seco<\/strong>\u00a0se llevar\u00e1 a cabo la <strong>primera<\/strong>\u00a0<strong>reuni\u00f3n mensual\u00a0<\/strong>de la<strong>\u00a0Usina III (norte)\u00a0.<\/strong><\/p>\n<div><em>El\u00a0<strong>Ente Cultural<\/strong>\u00a0posibilita la interacci\u00f3n activa de los distintos organismos culturales de cada comunidad participante, logrando acuerdos y pol\u00edticas que reflejen una mayor y mejor jerarquizaci\u00f3n en las gestiones culturales.<\/em><\/div>\n<div><em>\u00a0<\/em><\/div>\n<div><em>Establecer una herramienta de comunicaci\u00f3n que permita la relaci\u00f3n y vinculaci\u00f3n, proyectando actividades entre los organismos de cultura interesados en sumarse a dicho.<\/em><\/div>\n","protected":false},"excerpt":{"rendered":"<p>El\u00a0Ente Cultural Santafesino\u00a0informa que durante la jornada\u00a0del jueves 21\u00a0en el Centro Cultural\u00a0Guillermo Furlong\u00a0partir\u00a0de las 18:30hs\u00a0en la ciudad\u00a0de [&hellip;]<\/p>\n","protected":false},"author":3,"featured_media":10326,"comment_status":"open","ping_status":"open","sticky":false,"template":"","format":"standard","meta":{"_jetpack_memberships_contains_paid_content":false,"footnotes":"","jetpack_publicize_message":"","jetpack_publicize_feature_enabled":true,"jetpack_social_post_already_shared":true,"jetpack_social_options":{"image_generator_settings":{"template":"highway","enabled":false}}},"categories":[19,4],"tags":[],"jetpack_publicize_connections":[],"jetpack_featured_media_url":"http:\/\/enteculturalsantafesino.com.ar\/usina3\/wp-content\/uploads\/2016\/04\/13020428_1107438829297425_923157327_n.jpg","jetpack_sharing_enabled":true,"_links":{"self":[{"href":"http:\/\/enteculturalsantafesino.com.ar\/usina3\/wp-json\/wp\/v2\/posts\/10323"}],"collection":[{"href":"http:\/\/enteculturalsantafesino.com.ar\/usina3\/wp-json\/wp\/v2\/posts"}],"about":[{"href":"http:\/\/enteculturalsantafesino.com.ar\/usina3\/wp-json\/wp\/v2\/types\/post"}],"author":[{"embeddable":true,"href":"http:\/\/enteculturalsantafesino.com.ar\/usina3\/wp-json\/wp\/v2\/users\/3"}],"replies":[{"embeddable":true,"href":"http:\/\/enteculturalsantafesino.com.ar\/usina3\/wp-json\/wp\/v2\/comments?post=10323"}],"version-history":[{"count":0,"href":"http:\/\/enteculturalsantafesino.com.ar\/usina3\/wp-json\/wp\/v2\/posts\/10323\/revisions"}],"wp:featuredmedia":[{"embeddable":true,"href":"http:\/\/enteculturalsantafesino.com.ar\/usina3\/wp-json\/wp\/v2\/media\/10326"}],"wp:attachment":[{"href":"http:\/\/enteculturalsantafesino.com.ar\/usina3\/wp-json\/wp\/v2\/media?parent=10323"}],"wp:term":[{"taxonomy":"category","embeddable":true,"href":"http:\/\/enteculturalsantafesino.com.ar\/usina3\/wp-json\/wp\/v2\/categories?post=10323"},{"taxonomy":"post_tag","embeddable":true,"href":"http:\/\/enteculturalsantafesino.com.ar\/usina3\/wp-json\/wp\/v2\/tags?post=10323"}],"curies":[{"name":"wp","href":"https:\/\/api.w.org\/{rel}","templated":true}]}}