{"id":10327,"date":"2016-04-20T03:14:23","date_gmt":"2016-04-20T03:14:23","guid":{"rendered":"http:\/\/entecultura.com.ar\/usina3\/?p=10327"},"modified":"2016-04-20T03:41:37","modified_gmt":"2016-04-20T03:41:37","slug":"en-la-localidad-de-maria-teresa-se-reunio-la-usina-iii-sur","status":"publish","type":"post","link":"http:\/\/enteculturalsantafesino.com.ar\/usina3\/2016\/04\/en-la-localidad-de-maria-teresa-se-reunio-la-usina-iii-sur\/","title":{"rendered":"En la localidad de Mar\u00eda Teresa se reuni\u00f3 la Usina III (sur)"},"content":{"rendered":"<p>En el <strong>Centro Cultural de Mar\u00eda Teresa<\/strong>, siendo recibidos por la <strong>Secretaria de Cultura local M\u00f3nica Dio\u00a0<\/strong>y por los\u00a0<strong>Directores de la Usina III (sur) Lic Sandra Maidana y Prof. Marcela Arrieta<\/strong>, se llev\u00f3 a cabo la primera reuni\u00f3n mensual perteneciente al <strong>Ente Cultural Santafesino<\/strong>, con el objeto de planificar actividades y organizar lineamientos de trabajo.<\/p>\n<p>Del encuentro participaron Secretarios, Directores y referentes Culturales de las comunidades de: <em>Mar\u00eda Teresa, Ca\u00f1ada del Ucle, Chovet, Los Quirquinchos,\u00a0Wheelwright y Hughes.<\/em><\/p>\n<p>La ma\u00f1ana comenz\u00f3 con una\u00a0apertura art\u00edstica por parte de m\u00fasicos locales y la presencia de la bailarina de Danza \u00c1rabe oriunda de Chovet, Maria Isabel Franetovich<\/p>\n<p>Se establecieron distintas fechas proyectando el primer semestre y cumpliendo con el objetivo de\u00a0\u201cregionalizar culturalmente\u201d cada Usina santafesina.<\/p>\n<p>Se detallaron los programas existentes para el a\u00f1o y el comienzo de <strong>\u201cForma y Color\u201d<\/strong> (exposici\u00f3n de pinturas) en <strong>Hughes\u00a0el 28 y 29 de Mayo .<\/strong><\/p>\n<p><strong>Cooltura<\/strong>\u00a0se llevar\u00e1 a cabo el <strong>12 de junio en Wheelwright.<\/strong> Adem\u00e1s, del 29\/8 al 4\/9 se desarrollar\u00e1 el <strong>Cabildo Cultural Santafesino<\/strong> con la tem\u00e1tica de m\u00fasica; la convocatoria para \u201c<strong>Clave de Cuento\u201d<\/strong> y <strong>\u201cDe Pueblo en Pueblo\u201d<\/strong> para escritores de la localidad, <strong>\u201cHacelo Corto\u201d<\/strong> (cortometrajes); <strong>\u201cEl Teatro y la Historia\u201d<\/strong>, <strong>\u201cSalve Argentina\u201d<\/strong> (26\/6 en Chovet Danzas folcl\u00f3ricas), y la <strong>Gira del Ballet Folclorico Nacional durante el mes de octubre<\/strong>, entre otros trabajos y diagramaciones que se ir\u00e1n dando a conocer con el transcurrir de los d\u00edas.<\/p>\n<p><em><strong>Pr\u00f3xima reuni\u00f3n: Viernes 20 de mayo en Los Quirquinchos<\/strong><\/em><\/p>\n<p>&nbsp;<\/p>\n","protected":false},"excerpt":{"rendered":"<p>En el Centro Cultural de Mar\u00eda Teresa, siendo recibidos por la Secretaria de Cultura local M\u00f3nica Dio\u00a0y [&hellip;]<\/p>\n","protected":false},"author":3,"featured_media":10328,"comment_status":"open","ping_status":"open","sticky":false,"template":"","format":"standard","meta":{"_jetpack_memberships_contains_paid_content":false,"footnotes":"","jetpack_publicize_message":"","jetpack_publicize_feature_enabled":true,"jetpack_social_post_already_shared":true,"jetpack_social_options":{"image_generator_settings":{"template":"highway","enabled":false}}},"categories":[8],"tags":[],"jetpack_publicize_connections":[],"jetpack_featured_media_url":"http:\/\/enteculturalsantafesino.com.ar\/usina3\/wp-content\/uploads\/2016\/04\/13059766_199732787079535_1401124298_n.jpg","jetpack_sharing_enabled":true,"_links":{"self":[{"href":"http:\/\/enteculturalsantafesino.com.ar\/usina3\/wp-json\/wp\/v2\/posts\/10327"}],"collection":[{"href":"http:\/\/enteculturalsantafesino.com.ar\/usina3\/wp-json\/wp\/v2\/posts"}],"about":[{"href":"http:\/\/enteculturalsantafesino.com.ar\/usina3\/wp-json\/wp\/v2\/types\/post"}],"author":[{"embeddable":true,"href":"http:\/\/enteculturalsantafesino.com.ar\/usina3\/wp-json\/wp\/v2\/users\/3"}],"replies":[{"embeddable":true,"href":"http:\/\/enteculturalsantafesino.com.ar\/usina3\/wp-json\/wp\/v2\/comments?post=10327"}],"version-history":[{"count":0,"href":"http:\/\/enteculturalsantafesino.com.ar\/usina3\/wp-json\/wp\/v2\/posts\/10327\/revisions"}],"wp:featuredmedia":[{"embeddable":true,"href":"http:\/\/enteculturalsantafesino.com.ar\/usina3\/wp-json\/wp\/v2\/media\/10328"}],"wp:attachment":[{"href":"http:\/\/enteculturalsantafesino.com.ar\/usina3\/wp-json\/wp\/v2\/media?parent=10327"}],"wp:term":[{"taxonomy":"category","embeddable":true,"href":"http:\/\/enteculturalsantafesino.com.ar\/usina3\/wp-json\/wp\/v2\/categories?post=10327"},{"taxonomy":"post_tag","embeddable":true,"href":"http:\/\/enteculturalsantafesino.com.ar\/usina3\/wp-json\/wp\/v2\/tags?post=10327"}],"curies":[{"name":"wp","href":"https:\/\/api.w.org\/{rel}","templated":true}]}}