{"id":10331,"date":"2016-04-20T18:28:36","date_gmt":"2016-04-20T18:28:36","guid":{"rendered":"http:\/\/entecultura.com.ar\/usina3\/?p=10331"},"modified":"2016-04-20T18:33:24","modified_gmt":"2016-04-20T18:33:24","slug":"la-muestras-imagenes-de-mi-pueblo-llega-a-chovet","status":"publish","type":"post","link":"http:\/\/enteculturalsantafesino.com.ar\/usina3\/2016\/04\/la-muestras-imagenes-de-mi-pueblo-llega-a-chovet\/","title":{"rendered":"La Muestra \u00abIm\u00e1genes de mi Pueblo\u00bb llega a Chovet"},"content":{"rendered":"<div class=\"elements-box mt-20\">\n<p>La <strong>Comuna de Chovet<\/strong>\u00a0 y el <strong>Ente Cultural Santafesino<\/strong> invitan a presenciar la <strong>Muestra Itinerante \u00abIm\u00e1genes de mi Pueblo\u00bb<\/strong>\u00a0la cual se expondr\u00e1 en la <strong>Fiesta Aniversario<\/strong> de la comunidad ubicada en el sur santafesino; los d\u00edas\u00a0<strong>23 y 24 de abril.\u00a0<\/strong><\/p>\n<div class=\"elements-box mt-20\">\n<p>A partir de las\u00a0<strong>16 hs<\/strong> \u00a0se llevar\u00e1 a cabo la apertura de dicho\u00a0proyecto, que tiene por finalidad dar a conocer y \u00a0promover, a trav\u00e9s de im\u00e1genes del pasado y del presente las distintas localidades que integran al\u00a0<strong>Ente Cultural Santafesino<\/strong>.<\/p>\n<p>Dicha propuesta recorre desde el a\u00f1o\u00a02015 todo el mapa territorial-cultural de la provincia de Santa Fe, exponiendo la diversidad que posee nuestro territorio provincial en sus paisajes, riquezas, idiosincrasia etc.<\/p>\n<p><strong>\u201cIm\u00e1genes de mi Pueblo\u201d\u00a0<\/strong>cuenta con material de informaci\u00f3n hist\u00f3rica, geogr\u00e1fica y productiva de las siguientes comunidades:\u00a0<em>Ca\u00f1ada de G\u00f3mez, Bouquet, Montes de Oca, Tortugas, Los Cardos, El Tr\u00e9bol, San Jorge, San Genaro, Mar\u00eda Susana,<\/em> <em>Lehmann, San Vicente, Sastre, Mar\u00eda Juana, San Martin de las Escobas, Felicia, Ramona, Colonia Aldao, Bella Italia, Esperanza, Moises Villes, Pilar, Nuevo Torino, Sarmiento, Ca\u00f1ada del Ucle, Mar\u00eda Teresa, San Gregorio, Wheelwright, Carreras, G\u00f6deken, Santa Rosa de Calchines, Arroyo Leyes, Recreo, Suardi, Ceres, San Guillermo, Monte Oscuridad, Ambrosetti, Tostado, Gato Colorado, Villa Minetti, Romang, Alejandra y Malabrigo\u00a0<\/em><\/p>\n<\/div>\n<\/div>\n","protected":false},"excerpt":{"rendered":"<p>La Comuna de Chovet\u00a0 y el Ente Cultural Santafesino invitan a presenciar la Muestra Itinerante \u00abIm\u00e1genes de [&hellip;]<\/p>\n","protected":false},"author":3,"featured_media":10332,"comment_status":"open","ping_status":"open","sticky":false,"template":"","format":"standard","meta":{"_jetpack_memberships_contains_paid_content":false,"footnotes":"","jetpack_publicize_message":"","jetpack_publicize_feature_enabled":true,"jetpack_social_post_already_shared":true,"jetpack_social_options":{"image_generator_settings":{"template":"highway","enabled":false}}},"categories":[20,4],"tags":[],"jetpack_publicize_connections":[],"jetpack_featured_media_url":"http:\/\/enteculturalsantafesino.com.ar\/usina3\/wp-content\/uploads\/2016\/04\/IMG_0287.jpg","jetpack_sharing_enabled":true,"_links":{"self":[{"href":"http:\/\/enteculturalsantafesino.com.ar\/usina3\/wp-json\/wp\/v2\/posts\/10331"}],"collection":[{"href":"http:\/\/enteculturalsantafesino.com.ar\/usina3\/wp-json\/wp\/v2\/posts"}],"about":[{"href":"http:\/\/enteculturalsantafesino.com.ar\/usina3\/wp-json\/wp\/v2\/types\/post"}],"author":[{"embeddable":true,"href":"http:\/\/enteculturalsantafesino.com.ar\/usina3\/wp-json\/wp\/v2\/users\/3"}],"replies":[{"embeddable":true,"href":"http:\/\/enteculturalsantafesino.com.ar\/usina3\/wp-json\/wp\/v2\/comments?post=10331"}],"version-history":[{"count":0,"href":"http:\/\/enteculturalsantafesino.com.ar\/usina3\/wp-json\/wp\/v2\/posts\/10331\/revisions"}],"wp:featuredmedia":[{"embeddable":true,"href":"http:\/\/enteculturalsantafesino.com.ar\/usina3\/wp-json\/wp\/v2\/media\/10332"}],"wp:attachment":[{"href":"http:\/\/enteculturalsantafesino.com.ar\/usina3\/wp-json\/wp\/v2\/media?parent=10331"}],"wp:term":[{"taxonomy":"category","embeddable":true,"href":"http:\/\/enteculturalsantafesino.com.ar\/usina3\/wp-json\/wp\/v2\/categories?post=10331"},{"taxonomy":"post_tag","embeddable":true,"href":"http:\/\/enteculturalsantafesino.com.ar\/usina3\/wp-json\/wp\/v2\/tags?post=10331"}],"curies":[{"name":"wp","href":"https:\/\/api.w.org\/{rel}","templated":true}]}}