{"id":10584,"date":"2016-06-30T17:19:24","date_gmt":"2016-06-30T17:19:24","guid":{"rendered":"http:\/\/entecultura.com.ar\/usina3\/?p=10584"},"modified":"2016-06-30T17:19:24","modified_gmt":"2016-06-30T17:19:24","slug":"festejar-se-extiende-la-convocatoria-hasta-el-11-de-julio","status":"publish","type":"post","link":"http:\/\/enteculturalsantafesino.com.ar\/usina3\/2016\/06\/festejar-se-extiende-la-convocatoria-hasta-el-11-de-julio\/","title":{"rendered":"Festejar: se extiende la convocatoria hasta el 11 de julio"},"content":{"rendered":"<p>El programa busca estimular el desarrollo de las celebraciones populares y conectar los festejos de todo el pa\u00eds.<\/p>\n<p>El plazo para inscribirse en <strong>Festejar<\/strong> \u2013el programa que busca estimular el desarrollo de las celebraciones populares\u2013 se extendi\u00f3 hasta el 11 de julio. La idea detr\u00e1s de la iniciativa es conectar los festejos de todo el pa\u00eds como nuevos escenarios para la circulaci\u00f3n de artistas, y as\u00ed potenciar sus capacidades de gesti\u00f3n local.<\/p>\n<p>A trav\u00e9s de herramientas como la capacitaci\u00f3n obligatoria en gesti\u00f3n, producci\u00f3n art\u00edstica y organizaci\u00f3n de eventos; la asistencia art\u00edstica (incluyendo Organismos estables); y la asistencia escenot\u00e9cnica (sonido, luces y estructuras de escenario a escala de cada categor\u00eda), el programa pretende fomentar el desarrollo de las econom\u00edas regionales, la valoraci\u00f3n del patrimonio inmaterial y el turismo cultural en toda la Rep\u00fablica Argentina.<\/p>\n<p>La inscripci\u00f3n es para eventos a realizarse entre los meses de agosto de 2016 y enero de 2017 inclusive, dentro de las siguientes categor\u00edas: festival de convocatoria grande (M\u00e1s de 10.000 asistentes), festival de convocatoria mediana (Hasta 10.000 asistentes) y festival de convocatoria peque\u00f1a (Hasta 5.000 asistentes).<\/p>\n<p><strong>Festejar<\/strong> es una iniciativa de articulaci\u00f3n interministerial, del <strong>Ministerio de Cultura<\/strong>, en interacci\u00f3n con el <strong>Ministerio de Turismo de la Naci\u00f3n.\u00a0<\/strong><\/p>\n<p>Pod\u00e9s inscribirte y ver m\u00e1s informaci\u00f3n <a href=\"http:\/\/convocatorias.cultura.gob.ar\/festejar\/formulario\">ac\u00e1.<\/a><\/p>\n<p><strong>\u00a0<\/strong><\/p>\n","protected":false},"excerpt":{"rendered":"<p>El programa busca estimular el desarrollo de las celebraciones populares y conectar los festejos de todo el [&hellip;]<\/p>\n","protected":false},"author":3,"featured_media":10585,"comment_status":"open","ping_status":"open","sticky":false,"template":"","format":"standard","meta":{"_jetpack_memberships_contains_paid_content":false,"footnotes":"","jetpack_publicize_message":"","jetpack_publicize_feature_enabled":true,"jetpack_social_post_already_shared":true,"jetpack_social_options":{"image_generator_settings":{"template":"highway","enabled":false}}},"categories":[1],"tags":[],"jetpack_publicize_connections":[],"jetpack_featured_media_url":"http:\/\/enteculturalsantafesino.com.ar\/usina3\/wp-content\/uploads\/2016\/06\/archivo_20160531030759_175.png","jetpack_sharing_enabled":true,"_links":{"self":[{"href":"http:\/\/enteculturalsantafesino.com.ar\/usina3\/wp-json\/wp\/v2\/posts\/10584"}],"collection":[{"href":"http:\/\/enteculturalsantafesino.com.ar\/usina3\/wp-json\/wp\/v2\/posts"}],"about":[{"href":"http:\/\/enteculturalsantafesino.com.ar\/usina3\/wp-json\/wp\/v2\/types\/post"}],"author":[{"embeddable":true,"href":"http:\/\/enteculturalsantafesino.com.ar\/usina3\/wp-json\/wp\/v2\/users\/3"}],"replies":[{"embeddable":true,"href":"http:\/\/enteculturalsantafesino.com.ar\/usina3\/wp-json\/wp\/v2\/comments?post=10584"}],"version-history":[{"count":0,"href":"http:\/\/enteculturalsantafesino.com.ar\/usina3\/wp-json\/wp\/v2\/posts\/10584\/revisions"}],"wp:featuredmedia":[{"embeddable":true,"href":"http:\/\/enteculturalsantafesino.com.ar\/usina3\/wp-json\/wp\/v2\/media\/10585"}],"wp:attachment":[{"href":"http:\/\/enteculturalsantafesino.com.ar\/usina3\/wp-json\/wp\/v2\/media?parent=10584"}],"wp:term":[{"taxonomy":"category","embeddable":true,"href":"http:\/\/enteculturalsantafesino.com.ar\/usina3\/wp-json\/wp\/v2\/categories?post=10584"},{"taxonomy":"post_tag","embeddable":true,"href":"http:\/\/enteculturalsantafesino.com.ar\/usina3\/wp-json\/wp\/v2\/tags?post=10584"}],"curies":[{"name":"wp","href":"https:\/\/api.w.org\/{rel}","templated":true}]}}