{"id":10647,"date":"2016-07-23T17:26:12","date_gmt":"2016-07-23T17:26:12","guid":{"rendered":"http:\/\/entecultura.com.ar\/usina3\/?p=10647"},"modified":"2016-07-24T14:54:02","modified_gmt":"2016-07-24T14:54:02","slug":"el-salve-argentina-tuvo-su-ensayo-en-santa-teresa","status":"publish","type":"post","link":"http:\/\/enteculturalsantafesino.com.ar\/usina3\/2016\/07\/el-salve-argentina-tuvo-su-ensayo-en-santa-teresa\/","title":{"rendered":"El \u00abSalve Argentina\u00bb tuvo su ensayo en Santa Teresa"},"content":{"rendered":"\n\t\t<style type=\"text\/css\">\n\t\t\t#gallery-1 {\n\t\t\t\tmargin: auto;\n\t\t\t}\n\t\t\t#gallery-1 .gallery-item {\n\t\t\t\tfloat: left;\n\t\t\t\tmargin-top: 10px;\n\t\t\t\ttext-align: center;\n\t\t\t\twidth: 25%;\n\t\t\t}\n\t\t\t#gallery-1 img {\n\t\t\t\tborder: 2px solid #cfcfcf;\n\t\t\t}\n\t\t\t#gallery-1 .gallery-caption {\n\t\t\t\tmargin-left: 0;\n\t\t\t}\n\t\t\t\/* see gallery_shortcode() in wp-includes\/media.php *\/\n\t\t<\/style>\n\t\t<div id='gallery-1' class='gallery galleryid-10647 gallery-columns-4 gallery-size-thumbnail'><dl class='gallery-item'>\n\t\t\t<dt class='gallery-icon landscape'>\n\t\t\t\t<a href='http:\/\/enteculturalsantafesino.com.ar\/usina3\/2016\/07\/el-salve-argentina-tuvo-su-ensayo-en-santa-teresa\/13823168_256553964730750_1580388888_n\/'><img loading=\"lazy\" decoding=\"async\" width=\"150\" height=\"150\" src=\"http:\/\/enteculturalsantafesino.com.ar\/usina3\/wp-content\/uploads\/2016\/07\/13823168_256553964730750_1580388888_n-150x150.jpg\" class=\"attachment-thumbnail size-thumbnail\" alt=\"\" srcset=\"http:\/\/enteculturalsantafesino.com.ar\/usina3\/wp-content\/uploads\/2016\/07\/13823168_256553964730750_1580388888_n-150x150.jpg 150w, http:\/\/enteculturalsantafesino.com.ar\/usina3\/wp-content\/uploads\/2016\/07\/13823168_256553964730750_1580388888_n-53x53.jpg 53w\" sizes=\"(max-width: 150px) 100vw, 150px\" \/><\/a>\n\t\t\t<\/dt><\/dl><dl class='gallery-item'>\n\t\t\t<dt class='gallery-icon landscape'>\n\t\t\t\t<a href='http:\/\/enteculturalsantafesino.com.ar\/usina3\/2016\/07\/el-salve-argentina-tuvo-su-ensayo-en-santa-teresa\/13819877_256553891397424_1734221556_n\/'><img loading=\"lazy\" decoding=\"async\" width=\"150\" height=\"150\" src=\"http:\/\/enteculturalsantafesino.com.ar\/usina3\/wp-content\/uploads\/2016\/07\/13819877_256553891397424_1734221556_n-150x150.jpg\" class=\"attachment-thumbnail size-thumbnail\" alt=\"\" srcset=\"http:\/\/enteculturalsantafesino.com.ar\/usina3\/wp-content\/uploads\/2016\/07\/13819877_256553891397424_1734221556_n-150x150.jpg 150w, http:\/\/enteculturalsantafesino.com.ar\/usina3\/wp-content\/uploads\/2016\/07\/13819877_256553891397424_1734221556_n-53x53.jpg 53w\" sizes=\"(max-width: 150px) 100vw, 150px\" \/><\/a>\n\t\t\t<\/dt><\/dl><dl class='gallery-item'>\n\t\t\t<dt class='gallery-icon landscape'>\n\t\t\t\t<a href='http:\/\/enteculturalsantafesino.com.ar\/usina3\/2016\/07\/el-salve-argentina-tuvo-su-ensayo-en-santa-teresa\/13817095_256553961397417_1569843685_n\/'><img loading=\"lazy\" decoding=\"async\" width=\"150\" height=\"150\" src=\"http:\/\/enteculturalsantafesino.com.ar\/usina3\/wp-content\/uploads\/2016\/07\/13817095_256553961397417_1569843685_n-150x150.jpg\" class=\"attachment-thumbnail size-thumbnail\" alt=\"\" srcset=\"http:\/\/enteculturalsantafesino.com.ar\/usina3\/wp-content\/uploads\/2016\/07\/13817095_256553961397417_1569843685_n-150x150.jpg 150w, http:\/\/enteculturalsantafesino.com.ar\/usina3\/wp-content\/uploads\/2016\/07\/13817095_256553961397417_1569843685_n-53x53.jpg 53w\" sizes=\"(max-width: 150px) 100vw, 150px\" \/><\/a>\n\t\t\t<\/dt><\/dl><dl class='gallery-item'>\n\t\t\t<dt class='gallery-icon landscape'>\n\t\t\t\t<a href='http:\/\/enteculturalsantafesino.com.ar\/usina3\/2016\/07\/el-salve-argentina-tuvo-su-ensayo-en-santa-teresa\/13817285_256553841397429_898122140_n\/'><img loading=\"lazy\" decoding=\"async\" width=\"150\" height=\"150\" src=\"http:\/\/enteculturalsantafesino.com.ar\/usina3\/wp-content\/uploads\/2016\/07\/13817285_256553841397429_898122140_n-150x150.jpg\" class=\"attachment-thumbnail size-thumbnail\" alt=\"\" srcset=\"http:\/\/enteculturalsantafesino.com.ar\/usina3\/wp-content\/uploads\/2016\/07\/13817285_256553841397429_898122140_n-150x150.jpg 150w, http:\/\/enteculturalsantafesino.com.ar\/usina3\/wp-content\/uploads\/2016\/07\/13817285_256553841397429_898122140_n-53x53.jpg 53w\" sizes=\"(max-width: 150px) 100vw, 150px\" \/><\/a>\n\t\t\t<\/dt><\/dl><br style=\"clear: both\" \/>\n\t\t<\/div>\n\n<p>Durante la jornada del <strong>s\u00e1bado 23<\/strong>\u00a0desde las <strong>9hs<\/strong> en la <strong>Casa de la Cultura<\/strong> de la localidad de <strong>Santa Teresa<\/strong><b>\u00a0<\/b>se continu\u00f3 con los ensayos correspondientes a la <strong>Usina III\u00a0<\/strong>(norte) de la obra integral <strong>\u201cSalve Argentina\u201d<\/strong><\/p>\n<p><em>La misma es un espect\u00e1culo armado en base a canciones, danzas, im\u00e1genes y textos, ofreciendo un recorrido por nuestra historia en el marco de los 200 a\u00f1os de la Independencia de la Patria.<\/em><\/p>\n<p><strong>\u00a0\u201cSalve Argentina\u201d<\/strong>\u00a0se encuentra coordinada por el <strong>Ente Cultural Santafesino<\/strong> y auspiciada por la <strong>Diputada Provincial Claudia Giaccone<\/strong>.<\/p>\n<p>La misma estar\u00e1 integrada por artistas de las distintas localidades que integran a las 7 Usinas Culturales, reafirmando nuestro sentir nacional , el significado del \u201clegado\u201d de nuestra cultura local, regional, provincial y nacional.<\/p>\n<p>La Coordinaci\u00f3n del Proyecto est\u00e1 a cargo de la <strong>Profesora Romina Rodriguez Kern<\/strong> y del <strong>Prof.<\/strong>\u00a0<strong>C\u00e9sar Hern\u00e1ndez<\/strong>, recorriendo las distintas \u201csedes de ensayo\u201d disponiendo de la coreograf\u00eda\u00a0originando de esta forma una escena por cada territorio cultural.<\/p>\n<p>Durante el ensayo se cont\u00f3 con la presencia del <strong>Presidente Comunal Javier Menotti<\/strong>,el\u00a0<strong>Secretario de Cultura local<\/strong> <strong>Daniel Gallo Cisterna y el representante cultural de Carmen del Sauce Sr. Guillermo Massa.<\/strong><\/p>\n<p>La<strong>\u00a0Prof. Romina Rodriguez Kern <\/strong>manifest\u00f3 que ya se encuentra en el tramo final de este recorrido cultural el cual permiti\u00f3 unir a trav\u00e9s de la danza a las distintas Usinas Culturales. <em>\u00abSin lugar a dudas esta obra permitir\u00e1 no solo hacer un repaso por los doscientos a\u00f1os de nuestra historia nacional, sino tambi\u00e9n un revelamiento directo con bailarines del interior de la provincia, los cuales aceptaron este desaf\u00edo de llevar adelante una obra que los tendr\u00e1 como protagonistas\u00bb<\/em><\/p>\n","protected":false},"excerpt":{"rendered":"<p>Durante la jornada del s\u00e1bado 23\u00a0desde las 9hs en la Casa de la Cultura de la localidad [&hellip;]<\/p>\n","protected":false},"author":3,"featured_media":10648,"comment_status":"open","ping_status":"open","sticky":false,"template":"","format":"standard","meta":{"_jetpack_memberships_contains_paid_content":false,"footnotes":"","jetpack_publicize_message":"","jetpack_publicize_feature_enabled":true,"jetpack_social_post_already_shared":true,"jetpack_social_options":{"image_generator_settings":{"template":"highway","enabled":false}}},"categories":[4,15],"tags":[],"jetpack_publicize_connections":[],"jetpack_featured_media_url":"http:\/\/enteculturalsantafesino.com.ar\/usina3\/wp-content\/uploads\/2016\/07\/13817285_256553841397429_898122140_n.jpg","jetpack_sharing_enabled":true,"_links":{"self":[{"href":"http:\/\/enteculturalsantafesino.com.ar\/usina3\/wp-json\/wp\/v2\/posts\/10647"}],"collection":[{"href":"http:\/\/enteculturalsantafesino.com.ar\/usina3\/wp-json\/wp\/v2\/posts"}],"about":[{"href":"http:\/\/enteculturalsantafesino.com.ar\/usina3\/wp-json\/wp\/v2\/types\/post"}],"author":[{"embeddable":true,"href":"http:\/\/enteculturalsantafesino.com.ar\/usina3\/wp-json\/wp\/v2\/users\/3"}],"replies":[{"embeddable":true,"href":"http:\/\/enteculturalsantafesino.com.ar\/usina3\/wp-json\/wp\/v2\/comments?post=10647"}],"version-history":[{"count":0,"href":"http:\/\/enteculturalsantafesino.com.ar\/usina3\/wp-json\/wp\/v2\/posts\/10647\/revisions"}],"wp:featuredmedia":[{"embeddable":true,"href":"http:\/\/enteculturalsantafesino.com.ar\/usina3\/wp-json\/wp\/v2\/media\/10648"}],"wp:attachment":[{"href":"http:\/\/enteculturalsantafesino.com.ar\/usina3\/wp-json\/wp\/v2\/media?parent=10647"}],"wp:term":[{"taxonomy":"category","embeddable":true,"href":"http:\/\/enteculturalsantafesino.com.ar\/usina3\/wp-json\/wp\/v2\/categories?post=10647"},{"taxonomy":"post_tag","embeddable":true,"href":"http:\/\/enteculturalsantafesino.com.ar\/usina3\/wp-json\/wp\/v2\/tags?post=10647"}],"curies":[{"name":"wp","href":"https:\/\/api.w.org\/{rel}","templated":true}]}}