{"id":10663,"date":"2016-07-25T10:22:49","date_gmt":"2016-07-25T10:22:49","guid":{"rendered":"http:\/\/entecultura.com.ar\/usina3\/?p=10663"},"modified":"2016-07-25T10:24:41","modified_gmt":"2016-07-25T10:24:41","slug":"10663","status":"publish","type":"post","link":"http:\/\/enteculturalsantafesino.com.ar\/usina3\/2016\/07\/10663\/","title":{"rendered":"Se vivi\u00f3 una noche de \u00abCoolTURA\u00bb en la comunidad de Acebal"},"content":{"rendered":"\n\t\t<style type=\"text\/css\">\n\t\t\t#gallery-1 {\n\t\t\t\tmargin: auto;\n\t\t\t}\n\t\t\t#gallery-1 .gallery-item {\n\t\t\t\tfloat: left;\n\t\t\t\tmargin-top: 10px;\n\t\t\t\ttext-align: center;\n\t\t\t\twidth: 20%;\n\t\t\t}\n\t\t\t#gallery-1 img {\n\t\t\t\tborder: 2px solid #cfcfcf;\n\t\t\t}\n\t\t\t#gallery-1 .gallery-caption {\n\t\t\t\tmargin-left: 0;\n\t\t\t}\n\t\t\t\/* see gallery_shortcode() in wp-includes\/media.php *\/\n\t\t<\/style>\n\t\t<div id='gallery-1' class='gallery galleryid-10663 gallery-columns-5 gallery-size-thumbnail'><dl class='gallery-item'>\n\t\t\t<dt class='gallery-icon landscape'>\n\t\t\t\t<a href='http:\/\/enteculturalsantafesino.com.ar\/usina3\/2016\/07\/10663\/img_7251\/'><img loading=\"lazy\" decoding=\"async\" width=\"150\" height=\"150\" src=\"http:\/\/enteculturalsantafesino.com.ar\/usina3\/wp-content\/uploads\/2016\/07\/IMG_7251-150x150.jpg\" class=\"attachment-thumbnail size-thumbnail\" alt=\"\" srcset=\"http:\/\/enteculturalsantafesino.com.ar\/usina3\/wp-content\/uploads\/2016\/07\/IMG_7251-150x150.jpg 150w, http:\/\/enteculturalsantafesino.com.ar\/usina3\/wp-content\/uploads\/2016\/07\/IMG_7251-53x53.jpg 53w\" sizes=\"(max-width: 150px) 100vw, 150px\" \/><\/a>\n\t\t\t<\/dt><\/dl><dl class='gallery-item'>\n\t\t\t<dt class='gallery-icon landscape'>\n\t\t\t\t<a href='http:\/\/enteculturalsantafesino.com.ar\/usina3\/2016\/07\/10663\/img_7255\/'><img loading=\"lazy\" decoding=\"async\" width=\"150\" height=\"150\" src=\"http:\/\/enteculturalsantafesino.com.ar\/usina3\/wp-content\/uploads\/2016\/07\/IMG_7255-150x150.jpg\" class=\"attachment-thumbnail size-thumbnail\" alt=\"\" srcset=\"http:\/\/enteculturalsantafesino.com.ar\/usina3\/wp-content\/uploads\/2016\/07\/IMG_7255-150x150.jpg 150w, http:\/\/enteculturalsantafesino.com.ar\/usina3\/wp-content\/uploads\/2016\/07\/IMG_7255-53x53.jpg 53w\" sizes=\"(max-width: 150px) 100vw, 150px\" \/><\/a>\n\t\t\t<\/dt><\/dl><dl class='gallery-item'>\n\t\t\t<dt class='gallery-icon landscape'>\n\t\t\t\t<a href='http:\/\/enteculturalsantafesino.com.ar\/usina3\/2016\/07\/10663\/img_7287\/'><img loading=\"lazy\" decoding=\"async\" width=\"150\" height=\"150\" src=\"http:\/\/enteculturalsantafesino.com.ar\/usina3\/wp-content\/uploads\/2016\/07\/IMG_7287-150x150.jpg\" class=\"attachment-thumbnail size-thumbnail\" alt=\"\" srcset=\"http:\/\/enteculturalsantafesino.com.ar\/usina3\/wp-content\/uploads\/2016\/07\/IMG_7287-150x150.jpg 150w, http:\/\/enteculturalsantafesino.com.ar\/usina3\/wp-content\/uploads\/2016\/07\/IMG_7287-53x53.jpg 53w\" sizes=\"(max-width: 150px) 100vw, 150px\" \/><\/a>\n\t\t\t<\/dt><\/dl><dl class='gallery-item'>\n\t\t\t<dt class='gallery-icon landscape'>\n\t\t\t\t<a href='http:\/\/enteculturalsantafesino.com.ar\/usina3\/2016\/07\/10663\/img_7162\/'><img loading=\"lazy\" decoding=\"async\" width=\"150\" height=\"150\" src=\"http:\/\/enteculturalsantafesino.com.ar\/usina3\/wp-content\/uploads\/2016\/07\/IMG_7162-150x150.jpg\" class=\"attachment-thumbnail size-thumbnail\" alt=\"\" srcset=\"http:\/\/enteculturalsantafesino.com.ar\/usina3\/wp-content\/uploads\/2016\/07\/IMG_7162-150x150.jpg 150w, http:\/\/enteculturalsantafesino.com.ar\/usina3\/wp-content\/uploads\/2016\/07\/IMG_7162-53x53.jpg 53w\" sizes=\"(max-width: 150px) 100vw, 150px\" \/><\/a>\n\t\t\t<\/dt><\/dl><dl class='gallery-item'>\n\t\t\t<dt class='gallery-icon landscape'>\n\t\t\t\t<a href='http:\/\/enteculturalsantafesino.com.ar\/usina3\/2016\/07\/10663\/img_7201\/'><img loading=\"lazy\" decoding=\"async\" width=\"150\" height=\"150\" src=\"http:\/\/enteculturalsantafesino.com.ar\/usina3\/wp-content\/uploads\/2016\/07\/IMG_7201-150x150.jpg\" class=\"attachment-thumbnail size-thumbnail\" alt=\"\" srcset=\"http:\/\/enteculturalsantafesino.com.ar\/usina3\/wp-content\/uploads\/2016\/07\/IMG_7201-150x150.jpg 150w, http:\/\/enteculturalsantafesino.com.ar\/usina3\/wp-content\/uploads\/2016\/07\/IMG_7201-53x53.jpg 53w\" sizes=\"(max-width: 150px) 100vw, 150px\" \/><\/a>\n\t\t\t<\/dt><\/dl><br style=\"clear: both\" \/><dl class='gallery-item'>\n\t\t\t<dt class='gallery-icon landscape'>\n\t\t\t\t<a href='http:\/\/enteculturalsantafesino.com.ar\/usina3\/2016\/07\/10663\/img_7098\/'><img loading=\"lazy\" decoding=\"async\" width=\"150\" height=\"150\" src=\"http:\/\/enteculturalsantafesino.com.ar\/usina3\/wp-content\/uploads\/2016\/07\/IMG_7098-150x150.jpg\" class=\"attachment-thumbnail size-thumbnail\" alt=\"\" srcset=\"http:\/\/enteculturalsantafesino.com.ar\/usina3\/wp-content\/uploads\/2016\/07\/IMG_7098-150x150.jpg 150w, http:\/\/enteculturalsantafesino.com.ar\/usina3\/wp-content\/uploads\/2016\/07\/IMG_7098-53x53.jpg 53w\" sizes=\"(max-width: 150px) 100vw, 150px\" \/><\/a>\n\t\t\t<\/dt><\/dl><dl class='gallery-item'>\n\t\t\t<dt class='gallery-icon landscape'>\n\t\t\t\t<a href='http:\/\/enteculturalsantafesino.com.ar\/usina3\/2016\/07\/10663\/img_7123\/'><img loading=\"lazy\" decoding=\"async\" width=\"150\" height=\"150\" src=\"http:\/\/enteculturalsantafesino.com.ar\/usina3\/wp-content\/uploads\/2016\/07\/IMG_7123-150x150.jpg\" class=\"attachment-thumbnail size-thumbnail\" alt=\"\" srcset=\"http:\/\/enteculturalsantafesino.com.ar\/usina3\/wp-content\/uploads\/2016\/07\/IMG_7123-150x150.jpg 150w, http:\/\/enteculturalsantafesino.com.ar\/usina3\/wp-content\/uploads\/2016\/07\/IMG_7123-53x53.jpg 53w\" sizes=\"(max-width: 150px) 100vw, 150px\" \/><\/a>\n\t\t\t<\/dt><\/dl><dl class='gallery-item'>\n\t\t\t<dt class='gallery-icon landscape'>\n\t\t\t\t<a href='http:\/\/enteculturalsantafesino.com.ar\/usina3\/2016\/07\/10663\/img_7126\/'><img loading=\"lazy\" decoding=\"async\" width=\"150\" height=\"150\" src=\"http:\/\/enteculturalsantafesino.com.ar\/usina3\/wp-content\/uploads\/2016\/07\/IMG_7126-150x150.jpg\" class=\"attachment-thumbnail size-thumbnail\" alt=\"\" srcset=\"http:\/\/enteculturalsantafesino.com.ar\/usina3\/wp-content\/uploads\/2016\/07\/IMG_7126-150x150.jpg 150w, http:\/\/enteculturalsantafesino.com.ar\/usina3\/wp-content\/uploads\/2016\/07\/IMG_7126-53x53.jpg 53w\" sizes=\"(max-width: 150px) 100vw, 150px\" \/><\/a>\n\t\t\t<\/dt><\/dl><dl class='gallery-item'>\n\t\t\t<dt class='gallery-icon landscape'>\n\t\t\t\t<a href='http:\/\/enteculturalsantafesino.com.ar\/usina3\/2016\/07\/10663\/img_7316\/'><img loading=\"lazy\" decoding=\"async\" width=\"150\" height=\"150\" src=\"http:\/\/enteculturalsantafesino.com.ar\/usina3\/wp-content\/uploads\/2016\/07\/IMG_7316-150x150.jpg\" class=\"attachment-thumbnail size-thumbnail\" alt=\"\" srcset=\"http:\/\/enteculturalsantafesino.com.ar\/usina3\/wp-content\/uploads\/2016\/07\/IMG_7316-150x150.jpg 150w, http:\/\/enteculturalsantafesino.com.ar\/usina3\/wp-content\/uploads\/2016\/07\/IMG_7316-53x53.jpg 53w\" sizes=\"(max-width: 150px) 100vw, 150px\" \/><\/a>\n\t\t\t<\/dt><\/dl><dl class='gallery-item'>\n\t\t\t<dt class='gallery-icon landscape'>\n\t\t\t\t<a href='http:\/\/enteculturalsantafesino.com.ar\/usina3\/2016\/07\/10663\/img_7249\/'><img loading=\"lazy\" decoding=\"async\" width=\"150\" height=\"150\" src=\"http:\/\/enteculturalsantafesino.com.ar\/usina3\/wp-content\/uploads\/2016\/07\/IMG_7249-150x150.jpg\" class=\"attachment-thumbnail size-thumbnail\" alt=\"\" srcset=\"http:\/\/enteculturalsantafesino.com.ar\/usina3\/wp-content\/uploads\/2016\/07\/IMG_7249-150x150.jpg 150w, http:\/\/enteculturalsantafesino.com.ar\/usina3\/wp-content\/uploads\/2016\/07\/IMG_7249-53x53.jpg 53w\" sizes=\"(max-width: 150px) 100vw, 150px\" \/><\/a>\n\t\t\t<\/dt><\/dl><br style=\"clear: both\" \/>\n\t\t<\/div>\n\n<p>El \u00faltimo\u00a0<b>domingo 24<\/b>\u00a0en la comunidad de<strong>\u00a0Acebal<\/strong>, se llev\u00f3 a cabo el programa\u00a0promovido por el <strong>Ente Cultural Santafesino<\/strong>, el cual ofrece a los artesanos y dise\u00f1adores de las distintas Usinas Culturales, exponer\u00a0sus trabajos dentro de un proceso de desarrollo del contenido del dise\u00f1o y\u00a0del beneficio colectivo de sus resultados.<\/p>\n<p>Desde las <strong>17hs<\/strong> la <strong>Sociedad Italiana\u00a0<\/strong>estuvo colmada de p\u00fablico permiti\u00e9ndose disfrutar de una noche de elegancia,\u00a0distinci\u00f3n\u00a0y creatividad.<\/p>\n<p>De <strong>\u201cCOOLtura\u201d<\/strong> participaron el <em>Presidente Comunal Daniel Siliano, el Secretario de Cultura local y Director de la Usina III (norte) Franco Pietrani y la Diputada Provincial Claudia Giaccone<\/em><\/p>\n<p><em><span class=\"text_exposed_show\">El Programa basa su acci\u00f3n en dos etapas: la primera se desarrolla con la difusi\u00f3n y desarrollo de Exposiciones a trav\u00e9s de Desfiles, que permitir\u00e1n la promoci\u00f3n y el registro de cada participante local, dentro de una regi\u00f3n (Usina II) al \u00e1mbito provincial. El fruto material de este proceso de aprendizaje es la colecci\u00f3n provincial.<\/span><\/em><\/p>\n<div class=\"_li\">\n<div id=\"globalContainer\" class=\"uiContextualLayerParent\">\n<div id=\"content\" class=\"fb_content clearfix\" data-referrer=\"content\">\n<div id=\"mainContainer\">\n<div id=\"contentCol\" class=\"clearfix hasRightCol\">\n<div id=\"contentArea\">\n<div id=\"pagelet_timeline_main_column\" class=\"_5h60\" data-gt=\"{&quot;profile_owner&quot;:&quot;366785636701539&quot;,&quot;ref&quot;:&quot;timeline:timeline&quot;}\" data-referrer=\"pagelet_timeline_main_column\">\n<div id=\"PagesTimelineTabController_366785636701539\" data-referrer=\"PagesTimelineTabController_366785636701539\">\n<div class=\"_5ay5\">\n<div class=\"_5onm\">\n<div class=\"clearfix\">\n<div class=\"_4bl7 _5onn\">\n<div id=\"PagePostsPagelet_366785636701539\" data-referrer=\"PagePostsPagelet_366785636701539\">\n<div class=\"_5ay5\">\n<div id=\"PagePostsSectionPagelet-366785636701539-0\" data-referrer=\"PagePostsSectionPagelet-366785636701539-0\">\n<div class=\"_1k4h _5ay5\">\n<div class=\"_5sem\">\n<div id=\"tl_unit_2122411258528973070\" class=\"_2d10\">\n<div id=\"u_ps_jsonp_7_0_1\" class=\"timelineUnitContainer\" data-gt=\"{&quot;action_type&quot;:&quot;1&quot;,&quot;aggregation_id&quot;:&quot;774977342549031&quot;,&quot;aggregation_time&quot;:&quot;1414419199&quot;,&quot;actor&quot;:&quot;366785636701539&quot;,&quot;creator&quot;:&quot;366785636701539&quot;,&quot;pagestimeline&quot;:&quot;1&quot;,&quot;payload_type&quot;:&quot;6&quot;,&quot;eventtime&quot;:&quot;1414426989&quot;,&quot;viewerid&quot;:&quot;100000890148656&quot;,&quot;profileownerid&quot;:&quot;366785636701539&quot;,&quot;unitimpressionid&quot;:&quot;b9256722&quot;,&quot;contentid&quot;:&quot;2122411258528973070&quot;,&quot;timeline_unit_type&quot;:&quot;AddPhotosUnit&quot;,&quot;timewindowsize&quot;:&quot;3&quot;,&quot;query_type&quot;:&quot;36&quot;,&quot;contextwindowstart&quot;:&quot;0&quot;,&quot;contextwindowend&quot;:&quot;1414825199&quot;}\" data-time=\"1414419199\">\n<div class=\"aboveUnitContent\">\n<div class=\"userContentWrapper\">\n<div class=\"text_exposed_root text_exposed\"><em><span class=\"text_exposed_show\">La segunda fase se genera en el \u00e1mbito virtual generando una Galer\u00eda Virtual de estrategias y colecciones productivas que permitan difundir y originar redes culturales y comerciales, en b\u00fasqueda de jerarquizaci\u00f3n y capacitaci\u00f3n en cada uno de los participantes.<\/span><\/em><\/div>\n<\/div>\n<\/div>\n<\/div>\n<div class=\"text_exposed_root text_exposed\"><\/div>\n<\/div>\n<\/div>\n<div class=\"text_exposed_root text_exposed\">El <strong>Presidente Comunal Daniel Siliano<\/strong> agradeci\u00f3 y felicit\u00f3 al \u00e1rea de cultura por generar estos espacios de promoci\u00f3n y de integraci\u00f3n con toda una regi\u00f3n que se muestra movilizada desde el Ente Cultural Santafesino.<\/div>\n<\/div>\n<div class=\"text_exposed_root text_exposed\"><\/div>\n<div class=\"_1k4h _5ay5\">\n<div class=\"_5sem\">\n<div class=\"text_exposed_root text_exposed\">Por su parte la <strong>legisladora provincial Claudia Giaccone<\/strong>\u00a0destac\u00f3 la importancia de este programa el cual posibilita difundir a todos los dise\u00f1adores, microemprendedores y en especial a todas esas costureras que produjeron\u00a0desde su talento e imaginaci\u00f3n el vestido o traje que hemos\u00a0lucido en los eventos de nuestros pueblos\u00bb. <em>\u00abCoolTURA es la vidriera de tantas fuentes de trabajo distribuidas en todo nuestro territorio provincial\u00bb.<\/em><\/div>\n<div class=\"text_exposed_root text_exposed\"><\/div>\n<div id=\"tl_unit_2122411258528973070\" class=\"_2d10\">\n<div id=\"u_ps_jsonp_7_0_1\" class=\"timelineUnitContainer\" data-gt=\"{&quot;action_type&quot;:&quot;1&quot;,&quot;aggregation_id&quot;:&quot;774977342549031&quot;,&quot;aggregation_time&quot;:&quot;1414419199&quot;,&quot;actor&quot;:&quot;366785636701539&quot;,&quot;creator&quot;:&quot;366785636701539&quot;,&quot;pagestimeline&quot;:&quot;1&quot;,&quot;payload_type&quot;:&quot;6&quot;,&quot;eventtime&quot;:&quot;1414426989&quot;,&quot;viewerid&quot;:&quot;100000890148656&quot;,&quot;profileownerid&quot;:&quot;366785636701539&quot;,&quot;unitimpressionid&quot;:&quot;b9256722&quot;,&quot;contentid&quot;:&quot;2122411258528973070&quot;,&quot;timeline_unit_type&quot;:&quot;AddPhotosUnit&quot;,&quot;timewindowsize&quot;:&quot;3&quot;,&quot;query_type&quot;:&quot;36&quot;,&quot;contextwindowstart&quot;:&quot;0&quot;,&quot;contextwindowend&quot;:&quot;1414825199&quot;}\" data-time=\"1414419199\">\n<div class=\"aboveUnitContent\">\n<div class=\"userContentWrapper\">\n<div class=\"text_exposed_root text_exposed\"><strong>\u201cCOOLtura\u201d<\/strong>\u00a0paso por <strong>Acebal<\/strong>\u00a0con una gran participaci\u00f3n y puesta en escena de toda la Usina III (norte)<strong>, <\/strong>permitiendo promover y difundir todo el potencial creativo y art\u00edstico.<\/div>\n<div class=\"text_exposed_root text_exposed\"><\/div>\n<div class=\"text_exposed_root text_exposed\"><strong>\u201cCOOLtura\u201d<\/strong> sigue recorriendo toda Santa Fe, reivindicando el trabajo cotidiano de cada vecino que habita\u00a0los pueblos y ciudades que forman parte del <em>\u201cinterior del interior\u201d<\/em>santafesino.<\/div>\n<\/div>\n<\/div>\n<\/div>\n<\/div>\n<\/div>\n<\/div>\n<\/div>\n<\/div>\n<\/div>\n<\/div>\n<\/div>\n<\/div>\n<\/div>\n<\/div>\n<\/div>\n<\/div>\n<\/div>\n<\/div>\n<\/div>\n<\/div>\n<\/div>\n","protected":false},"excerpt":{"rendered":"<p>El \u00faltimo\u00a0domingo 24\u00a0en la comunidad de\u00a0Acebal, se llev\u00f3 a cabo el programa\u00a0promovido por el Ente Cultural Santafesino, [&hellip;]<\/p>\n","protected":false},"author":3,"featured_media":10671,"comment_status":"open","ping_status":"open","sticky":false,"template":"","format":"standard","meta":{"_jetpack_memberships_contains_paid_content":false,"footnotes":"","jetpack_publicize_message":"","jetpack_publicize_feature_enabled":true,"jetpack_social_post_already_shared":true,"jetpack_social_options":{"image_generator_settings":{"template":"highway","enabled":false}}},"categories":[14,4],"tags":[],"jetpack_publicize_connections":[],"jetpack_featured_media_url":"http:\/\/enteculturalsantafesino.com.ar\/usina3\/wp-content\/uploads\/2016\/07\/IMG_7287.jpg","jetpack_sharing_enabled":true,"_links":{"self":[{"href":"http:\/\/enteculturalsantafesino.com.ar\/usina3\/wp-json\/wp\/v2\/posts\/10663"}],"collection":[{"href":"http:\/\/enteculturalsantafesino.com.ar\/usina3\/wp-json\/wp\/v2\/posts"}],"about":[{"href":"http:\/\/enteculturalsantafesino.com.ar\/usina3\/wp-json\/wp\/v2\/types\/post"}],"author":[{"embeddable":true,"href":"http:\/\/enteculturalsantafesino.com.ar\/usina3\/wp-json\/wp\/v2\/users\/3"}],"replies":[{"embeddable":true,"href":"http:\/\/enteculturalsantafesino.com.ar\/usina3\/wp-json\/wp\/v2\/comments?post=10663"}],"version-history":[{"count":0,"href":"http:\/\/enteculturalsantafesino.com.ar\/usina3\/wp-json\/wp\/v2\/posts\/10663\/revisions"}],"wp:featuredmedia":[{"embeddable":true,"href":"http:\/\/enteculturalsantafesino.com.ar\/usina3\/wp-json\/wp\/v2\/media\/10671"}],"wp:attachment":[{"href":"http:\/\/enteculturalsantafesino.com.ar\/usina3\/wp-json\/wp\/v2\/media?parent=10663"}],"wp:term":[{"taxonomy":"category","embeddable":true,"href":"http:\/\/enteculturalsantafesino.com.ar\/usina3\/wp-json\/wp\/v2\/categories?post=10663"},{"taxonomy":"post_tag","embeddable":true,"href":"http:\/\/enteculturalsantafesino.com.ar\/usina3\/wp-json\/wp\/v2\/tags?post=10663"}],"curies":[{"name":"wp","href":"https:\/\/api.w.org\/{rel}","templated":true}]}}