{"id":10888,"date":"2016-10-02T16:43:58","date_gmt":"2016-10-02T16:43:58","guid":{"rendered":"http:\/\/entecultura.com.ar\/usina3\/?p=10888"},"modified":"2016-10-02T16:43:58","modified_gmt":"2016-10-02T16:43:58","slug":"la-capital-provincial-de-la-poesia-recibio-al-ciclo-historias-de-poetas-santafesinos","status":"publish","type":"post","link":"http:\/\/enteculturalsantafesino.com.ar\/usina3\/2016\/10\/la-capital-provincial-de-la-poesia-recibio-al-ciclo-historias-de-poetas-santafesinos\/","title":{"rendered":"La \u00abCapital Provincial de la Poes\u00eda\u00bb recibi\u00f3 al ciclo \u00abHistorias de Poetas Santafesinos\u00bb"},"content":{"rendered":"\n\t\t<style type=\"text\/css\">\n\t\t\t#gallery-1 {\n\t\t\t\tmargin: auto;\n\t\t\t}\n\t\t\t#gallery-1 .gallery-item {\n\t\t\t\tfloat: left;\n\t\t\t\tmargin-top: 10px;\n\t\t\t\ttext-align: center;\n\t\t\t\twidth: 33%;\n\t\t\t}\n\t\t\t#gallery-1 img {\n\t\t\t\tborder: 2px solid #cfcfcf;\n\t\t\t}\n\t\t\t#gallery-1 .gallery-caption {\n\t\t\t\tmargin-left: 0;\n\t\t\t}\n\t\t\t\/* see gallery_shortcode() in wp-includes\/media.php *\/\n\t\t<\/style>\n\t\t<div id='gallery-1' class='gallery galleryid-10888 gallery-columns-3 gallery-size-thumbnail'><dl class='gallery-item'>\n\t\t\t<dt class='gallery-icon landscape'>\n\t\t\t\t<a href='http:\/\/enteculturalsantafesino.com.ar\/usina3\/2016\/10\/la-capital-provincial-de-la-poesia-recibio-al-ciclo-historias-de-poetas-santafesinos\/14585516_297162904003189_337344626_n-2\/'><img loading=\"lazy\" decoding=\"async\" width=\"150\" height=\"150\" src=\"http:\/\/enteculturalsantafesino.com.ar\/usina3\/wp-content\/uploads\/2016\/10\/14585516_297162904003189_337344626_n-1-150x150.jpg\" class=\"attachment-thumbnail size-thumbnail\" alt=\"\" srcset=\"http:\/\/enteculturalsantafesino.com.ar\/usina3\/wp-content\/uploads\/2016\/10\/14585516_297162904003189_337344626_n-1-150x150.jpg 150w, http:\/\/enteculturalsantafesino.com.ar\/usina3\/wp-content\/uploads\/2016\/10\/14585516_297162904003189_337344626_n-1-53x53.jpg 53w\" sizes=\"(max-width: 150px) 100vw, 150px\" \/><\/a>\n\t\t\t<\/dt><\/dl><dl class='gallery-item'>\n\t\t\t<dt class='gallery-icon landscape'>\n\t\t\t\t<a href='http:\/\/enteculturalsantafesino.com.ar\/usina3\/2016\/10\/la-capital-provincial-de-la-poesia-recibio-al-ciclo-historias-de-poetas-santafesinos\/14528449_297162910669855_2034234861_n\/'><img loading=\"lazy\" decoding=\"async\" width=\"150\" height=\"150\" src=\"http:\/\/enteculturalsantafesino.com.ar\/usina3\/wp-content\/uploads\/2016\/10\/14528449_297162910669855_2034234861_n-150x150.jpg\" class=\"attachment-thumbnail size-thumbnail\" alt=\"\" srcset=\"http:\/\/enteculturalsantafesino.com.ar\/usina3\/wp-content\/uploads\/2016\/10\/14528449_297162910669855_2034234861_n-150x150.jpg 150w, http:\/\/enteculturalsantafesino.com.ar\/usina3\/wp-content\/uploads\/2016\/10\/14528449_297162910669855_2034234861_n-53x53.jpg 53w\" sizes=\"(max-width: 150px) 100vw, 150px\" \/><\/a>\n\t\t\t<\/dt><\/dl><dl class='gallery-item'>\n\t\t\t<dt class='gallery-icon landscape'>\n\t\t\t\t<a href='http:\/\/enteculturalsantafesino.com.ar\/usina3\/2016\/10\/la-capital-provincial-de-la-poesia-recibio-al-ciclo-historias-de-poetas-santafesinos\/14585433_297162924003187_829255908_n\/'><img loading=\"lazy\" decoding=\"async\" width=\"150\" height=\"150\" src=\"http:\/\/enteculturalsantafesino.com.ar\/usina3\/wp-content\/uploads\/2016\/10\/14585433_297162924003187_829255908_n-150x150.jpg\" class=\"attachment-thumbnail size-thumbnail\" alt=\"\" srcset=\"http:\/\/enteculturalsantafesino.com.ar\/usina3\/wp-content\/uploads\/2016\/10\/14585433_297162924003187_829255908_n-150x150.jpg 150w, http:\/\/enteculturalsantafesino.com.ar\/usina3\/wp-content\/uploads\/2016\/10\/14585433_297162924003187_829255908_n-53x53.jpg 53w\" sizes=\"(max-width: 150px) 100vw, 150px\" \/><\/a>\n\t\t\t<\/dt><\/dl><br style=\"clear: both\" \/>\n\t\t<\/div>\n\n<blockquote><p>\u00abEl poeta es un hombre como todos, un alba\u00f1il que construye su muro: un constructor de puertas y ventanas\u00bb<\/p><\/blockquote>\n<p>A trav\u00e9s del auspicio de la <strong>Diputada Provincial Claudia Giaccone<\/strong>\u00a0y la coordinaci\u00f3n del destacado escritor\u00a0<strong>Yamil Dora,<\/strong>\u00a0continua recorriendo todo el territorio santafesino el ciclo denominado<strong> \u00abHistorias de Poetas Santafesinos\u00bb<\/strong><\/p>\n<p>El \u00faltimo <strong>viernes 30<\/strong> en la \u00a0<strong>Biblioteca Popular Malet<\/strong>\u00a0de la localidad de<strong> Acebal, <\/strong>se present\u00f3 el poeta\u00a0rosarino\u00a0<strong>Eduardo D\u2019Anna.<\/strong><\/p>\n<p>A la <em><strong>\u00abCapital Provincial de la Poes\u00eda\u00bb<\/strong> <\/em>lleg\u00f3 el <strong>Presidente del Ente Cultural santafesino Leonardo Carroza<\/strong>, quien junto al <strong>Secretario de Cultura y Director de la Usina III Franco Pietrani<\/strong> recibieron a todos los presentes y amantes de la poes\u00eda.<\/p>\n<p>El <strong>Secretario de Cultura local<\/strong> agradeci\u00f3 y destac\u00f3 este programa, el cual es innovador y federal, posibilitando llegar a cada rinc\u00f3n santafesino a trav\u00e9s de la poes\u00eda, descubriendo en letras, dedicaci\u00f3n y pasi\u00f3n, miles de historias de gente com\u00fan y corriente.<\/p>\n<p>El <strong>casildense Yamil Dora<\/strong> se\u00f1al\u00f3 que este ciclo hoy tiene muchas solicitudes por parte de poetas santafesinos que se encuentran viviendo fuera de nuestra provincia y nos permite llegar al interior santafesino descubriendo muchos talentos y herramientas para que la poes\u00eda sea la protagonista a partir de ahora.<\/p>\n<p>Dicha propuesta cuenta entre sus objetivos, <em>llevar a las Bibliotecas Populares del interior provincial a poetas consagrados nacidos en territorio santafesino para que cuenten la historia de su desarrollo como poeta, interactuando con escritores y lectores de la regi\u00f3n y reconociendo\u00a0a nuestros poetas difundiendo\u00a0su obra.<\/em><\/p>\n<p><strong>Eduardo D\u2019Anna:<\/strong><\/p>\n<p><em>Abogado,\u00a0poeta,\u00a0ensayista,\u00a0traductor,\u00a0dramaturgo,\u00a0narrador\u00a0y\u00a0profesor\u00a0nacido en\u00a0Rosario,\u00a0provincia de Santa Fe,\u00a0Argentina, en\u00a01947.<\/em><\/p>\n<p>Dirigi\u00f3 la revista literaria\u00a0<em>\u00abPar\u00e1bolas\u00bb<\/em>\u00a0entre 1965 y 1966 y en 1967 public\u00f3 su primer libro de poemas:\u00a0<em>\u201cMuy muy que digamos\u201d<\/em>(Ensayo Cultural, Bs. As.)<\/p>\n<p>En 1968, junto a Elvio y Francisco Gandolfo y Sammy Wolpin, comenzaron a publicar la famosa revista\u00a0<em>\u00abEl lagrimal trifurca\u00bb<\/em>, que durar\u00eda hasta 1976 y que agrupar\u00eda tambi\u00e9n a Hugo Diz y Sergio Kern. Con el sello de esta revista, fueron apareciendo sus poemarios\u00a0<em>\u201cAventuras con usted\u201d<\/em>\u00a0(1975),\u00a0<em>\u201cCarne de la flaca\u201d<\/em>\u00a0(1978) y\u00a0<em>\u201cA la intemperie\u201d<\/em>\u00a0(1982), mientras practicaba la abogac\u00eda tras recibirse en 1971.<\/p>\n<p>Desde 1972 hasta 1980 fue docente teatral, en una experiencia inaudita para los colegios medios de la \u00e9poca, en la\u00a0<a href=\"https:\/\/es.wikipedia.org\/wiki\/Escuela_Superior_de_Comercio_Libertador_General_San_Mart%C3%ADn\">Escuela Superior de Comercio de Rosario<\/a>.<\/p>\n<p>En 1985, la Municipalidad de Rosario public\u00f3 \u201cCalendas Argentinas\u201d, descubriendo luego que su carta org\u00e1nica no le permit\u00eda comercializar la edici\u00f3n, la que se reparti\u00f3 en bibliotecas e instituciones culturales del pa\u00eds.<\/p>\n<p>&nbsp;<\/p>\n<p>D\u2019Anna integr\u00f3 tambi\u00e9n \u201cLos mejores poemas de la poes\u00eda argentina\u201d de J. C. Martini Real (Corregidor, Bs. As., 1974), \u201cAntolog\u00eda de la poes\u00eda argentina\u201d de R. G. Aguirre (Fausto, Bs. As. 1979), \u201cEl amor en la poes\u00eda argentina\u201d de E. Romano (Andr\u00f3meda, Bs. As. 1976), y otras.<\/p>\n<p>Poemas suyos han sido traducidos al alem\u00e1n y al griego moderno.<\/p>\n<p>D\u2019Anna es asimismo traductor, habi\u00e9ndose dedicado a la obra de W. B. Yeats y Manuel Bandeira.<\/p>\n<p>Como cr\u00edtico, se ha especializado en la literatura de su ciudad, preparando la hasta ahora \u00fanica historia literaria de la misma (\u201cLa literatura de Rosario\u201d, Fundaci\u00f3n Ross, Rosario, 3 v. 1990-91).<\/p>\n<p>.<\/p>\n","protected":false},"excerpt":{"rendered":"<p>\u00abEl poeta es un hombre como todos, un alba\u00f1il que construye su muro: un constructor de puertas [&hellip;]<\/p>\n","protected":false},"author":3,"featured_media":10890,"comment_status":"open","ping_status":"open","sticky":false,"template":"","format":"standard","meta":{"_jetpack_memberships_contains_paid_content":false,"footnotes":"","jetpack_publicize_message":"","jetpack_publicize_feature_enabled":true,"jetpack_social_post_already_shared":true,"jetpack_social_options":{"image_generator_settings":{"template":"highway","enabled":false}}},"categories":[14,4],"tags":[],"jetpack_publicize_connections":[],"jetpack_featured_media_url":"http:\/\/enteculturalsantafesino.com.ar\/usina3\/wp-content\/uploads\/2016\/10\/14585433_297162924003187_829255908_n.jpg","jetpack_sharing_enabled":true,"_links":{"self":[{"href":"http:\/\/enteculturalsantafesino.com.ar\/usina3\/wp-json\/wp\/v2\/posts\/10888"}],"collection":[{"href":"http:\/\/enteculturalsantafesino.com.ar\/usina3\/wp-json\/wp\/v2\/posts"}],"about":[{"href":"http:\/\/enteculturalsantafesino.com.ar\/usina3\/wp-json\/wp\/v2\/types\/post"}],"author":[{"embeddable":true,"href":"http:\/\/enteculturalsantafesino.com.ar\/usina3\/wp-json\/wp\/v2\/users\/3"}],"replies":[{"embeddable":true,"href":"http:\/\/enteculturalsantafesino.com.ar\/usina3\/wp-json\/wp\/v2\/comments?post=10888"}],"version-history":[{"count":0,"href":"http:\/\/enteculturalsantafesino.com.ar\/usina3\/wp-json\/wp\/v2\/posts\/10888\/revisions"}],"wp:featuredmedia":[{"embeddable":true,"href":"http:\/\/enteculturalsantafesino.com.ar\/usina3\/wp-json\/wp\/v2\/media\/10890"}],"wp:attachment":[{"href":"http:\/\/enteculturalsantafesino.com.ar\/usina3\/wp-json\/wp\/v2\/media?parent=10888"}],"wp:term":[{"taxonomy":"category","embeddable":true,"href":"http:\/\/enteculturalsantafesino.com.ar\/usina3\/wp-json\/wp\/v2\/categories?post=10888"},{"taxonomy":"post_tag","embeddable":true,"href":"http:\/\/enteculturalsantafesino.com.ar\/usina3\/wp-json\/wp\/v2\/tags?post=10888"}],"curies":[{"name":"wp","href":"https:\/\/api.w.org\/{rel}","templated":true}]}}