{"id":10928,"date":"2016-10-22T17:02:50","date_gmt":"2016-10-22T17:02:50","guid":{"rendered":"http:\/\/entecultura.com.ar\/usina3\/?p=10928"},"modified":"2016-10-22T17:03:39","modified_gmt":"2016-10-22T17:03:39","slug":"la-muestra-itinerante-imagenes-de-mi-pueblo-visito-carreras","status":"publish","type":"post","link":"http:\/\/enteculturalsantafesino.com.ar\/usina3\/2016\/10\/la-muestra-itinerante-imagenes-de-mi-pueblo-visito-carreras\/","title":{"rendered":"La Muestra Itinerante \u201cIm\u00e1genes de mi Pueblo\u201d visit\u00f3 Carreras"},"content":{"rendered":"\n\t\t<style type=\"text\/css\">\n\t\t\t#gallery-1 {\n\t\t\t\tmargin: auto;\n\t\t\t}\n\t\t\t#gallery-1 .gallery-item {\n\t\t\t\tfloat: left;\n\t\t\t\tmargin-top: 10px;\n\t\t\t\ttext-align: center;\n\t\t\t\twidth: 25%;\n\t\t\t}\n\t\t\t#gallery-1 img {\n\t\t\t\tborder: 2px solid #cfcfcf;\n\t\t\t}\n\t\t\t#gallery-1 .gallery-caption {\n\t\t\t\tmargin-left: 0;\n\t\t\t}\n\t\t\t\/* see gallery_shortcode() in wp-includes\/media.php *\/\n\t\t<\/style>\n\t\t<div id='gallery-1' class='gallery galleryid-10928 gallery-columns-4 gallery-size-thumbnail'><dl class='gallery-item'>\n\t\t\t<dt class='gallery-icon portrait'>\n\t\t\t\t<a href='http:\/\/enteculturalsantafesino.com.ar\/usina3\/2016\/10\/la-muestra-itinerante-imagenes-de-mi-pueblo-visito-carreras\/14800676_308926909493455_240186585_n-1\/'><img loading=\"lazy\" decoding=\"async\" width=\"150\" height=\"150\" src=\"http:\/\/enteculturalsantafesino.com.ar\/usina3\/wp-content\/uploads\/2016\/10\/14800676_308926909493455_240186585_n-1-150x150.jpg\" class=\"attachment-thumbnail size-thumbnail\" alt=\"\" srcset=\"http:\/\/enteculturalsantafesino.com.ar\/usina3\/wp-content\/uploads\/2016\/10\/14800676_308926909493455_240186585_n-1-150x150.jpg 150w, http:\/\/enteculturalsantafesino.com.ar\/usina3\/wp-content\/uploads\/2016\/10\/14800676_308926909493455_240186585_n-1-53x53.jpg 53w\" sizes=\"(max-width: 150px) 100vw, 150px\" \/><\/a>\n\t\t\t<\/dt><\/dl><dl class='gallery-item'>\n\t\t\t<dt class='gallery-icon landscape'>\n\t\t\t\t<a href='http:\/\/enteculturalsantafesino.com.ar\/usina3\/2016\/10\/la-muestra-itinerante-imagenes-de-mi-pueblo-visito-carreras\/14805469_308955309490615_1293590216_n\/'><img loading=\"lazy\" decoding=\"async\" width=\"150\" height=\"150\" src=\"http:\/\/enteculturalsantafesino.com.ar\/usina3\/wp-content\/uploads\/2016\/10\/14805469_308955309490615_1293590216_n-150x150.jpg\" class=\"attachment-thumbnail size-thumbnail\" alt=\"\" srcset=\"http:\/\/enteculturalsantafesino.com.ar\/usina3\/wp-content\/uploads\/2016\/10\/14805469_308955309490615_1293590216_n-150x150.jpg 150w, http:\/\/enteculturalsantafesino.com.ar\/usina3\/wp-content\/uploads\/2016\/10\/14805469_308955309490615_1293590216_n-53x53.jpg 53w\" sizes=\"(max-width: 150px) 100vw, 150px\" \/><\/a>\n\t\t\t<\/dt><\/dl><dl class='gallery-item'>\n\t\t\t<dt class='gallery-icon landscape'>\n\t\t\t\t<a href='http:\/\/enteculturalsantafesino.com.ar\/usina3\/2016\/10\/la-muestra-itinerante-imagenes-de-mi-pueblo-visito-carreras\/14797392_308926829493463_825049188_n-2\/'><img loading=\"lazy\" decoding=\"async\" width=\"150\" height=\"150\" src=\"http:\/\/enteculturalsantafesino.com.ar\/usina3\/wp-content\/uploads\/2016\/10\/14797392_308926829493463_825049188_n-2-150x150.jpg\" class=\"attachment-thumbnail size-thumbnail\" alt=\"\" srcset=\"http:\/\/enteculturalsantafesino.com.ar\/usina3\/wp-content\/uploads\/2016\/10\/14797392_308926829493463_825049188_n-2-150x150.jpg 150w, http:\/\/enteculturalsantafesino.com.ar\/usina3\/wp-content\/uploads\/2016\/10\/14797392_308926829493463_825049188_n-2-53x53.jpg 53w\" sizes=\"(max-width: 150px) 100vw, 150px\" \/><\/a>\n\t\t\t<\/dt><\/dl><dl class='gallery-item'>\n\t\t\t<dt class='gallery-icon portrait'>\n\t\t\t\t<a href='http:\/\/enteculturalsantafesino.com.ar\/usina3\/2016\/10\/la-muestra-itinerante-imagenes-de-mi-pueblo-visito-carreras\/14801241_308888869497259_1217840222_n\/'><img loading=\"lazy\" decoding=\"async\" width=\"150\" height=\"150\" src=\"http:\/\/enteculturalsantafesino.com.ar\/usina3\/wp-content\/uploads\/2016\/10\/14801241_308888869497259_1217840222_n-150x150.jpg\" class=\"attachment-thumbnail size-thumbnail\" alt=\"\" srcset=\"http:\/\/enteculturalsantafesino.com.ar\/usina3\/wp-content\/uploads\/2016\/10\/14801241_308888869497259_1217840222_n-150x150.jpg 150w, http:\/\/enteculturalsantafesino.com.ar\/usina3\/wp-content\/uploads\/2016\/10\/14801241_308888869497259_1217840222_n-53x53.jpg 53w\" sizes=\"(max-width: 150px) 100vw, 150px\" \/><\/a>\n\t\t\t<\/dt><\/dl><br style=\"clear: both\" \/>\n\t\t<\/div>\n\n<p>Se expuso durante el <strong>viernes 21<\/strong>\u00a0en la sede comunal de <strong>Carreras.<\/strong><\/p>\n<div class=\"elements-box mt-20\">\n<p>Dicho\u00a0proyecto tiene por finalidad dar a conocer y \u00a0promover, a trav\u00e9s de im\u00e1genes del pasado y del presente las distintas localidades que integran al\u00a0<strong>Ente Cultural Santafesino<\/strong>.<\/p>\n<p>Dicha propuesta recorre desde el a\u00f1o\u00a02015 todo el mapa territorial-cultural de la provincia de Santa Fe, exponiendo la diversidad que posee nuestro territorio provincial en sus paisajes, riquezas, idiosincrasia etc.<\/p>\n<p><strong>\u201cIm\u00e1genes de mi Pueblo\u201d\u00a0<\/strong>cuenta con material de informaci\u00f3n hist\u00f3rica, geogr\u00e1fica y productiva de las siguientes comunidades:\u00a0<em>Ca\u00f1ada de G\u00f3mez, Bouquet, Montes de Oca, Tortugas, Los Cardos, El Tr\u00e9bol, San Jorge, San Genaro, Mar\u00eda Susana,<\/em> <em>Lehmann, San Vicente, Sastre, Mar\u00eda Juana, San Martin de las Escobas, Felicia, Ramona, Colonia Aldao, Bella Italia, Esperanza, Moises Villes, Pilar, Nuevo Torino, Sarmiento, Ca\u00f1ada del Ucle, Mar\u00eda Teresa, San Gregorio, Wheelwright, Carreras, G\u00f6deken, Santa Rosa de Calchines, Arroyo Leyes, Recreo, Suardi, Ceres, San Guillermo, Monte Oscuridad, Ambrosetti, Tostado, Gato Colorado, Villa Minetti, Romang, Alejandra y Malabrigo\u00a0<\/em><\/p>\n<\/div>\n","protected":false},"excerpt":{"rendered":"<p>Se expuso durante el viernes 21\u00a0en la sede comunal de Carreras. Dicho\u00a0proyecto tiene por finalidad dar a [&hellip;]<\/p>\n","protected":false},"author":3,"featured_media":10931,"comment_status":"open","ping_status":"open","sticky":false,"template":"","format":"standard","meta":{"_jetpack_memberships_contains_paid_content":false,"footnotes":"","jetpack_publicize_message":"","jetpack_publicize_feature_enabled":true,"jetpack_social_post_already_shared":true,"jetpack_social_options":{"image_generator_settings":{"template":"highway","enabled":false}}},"categories":[10],"tags":[],"jetpack_publicize_connections":[],"jetpack_featured_media_url":"http:\/\/enteculturalsantafesino.com.ar\/usina3\/wp-content\/uploads\/2016\/10\/14797392_308926829493463_825049188_n-1.jpg","jetpack_sharing_enabled":true,"_links":{"self":[{"href":"http:\/\/enteculturalsantafesino.com.ar\/usina3\/wp-json\/wp\/v2\/posts\/10928"}],"collection":[{"href":"http:\/\/enteculturalsantafesino.com.ar\/usina3\/wp-json\/wp\/v2\/posts"}],"about":[{"href":"http:\/\/enteculturalsantafesino.com.ar\/usina3\/wp-json\/wp\/v2\/types\/post"}],"author":[{"embeddable":true,"href":"http:\/\/enteculturalsantafesino.com.ar\/usina3\/wp-json\/wp\/v2\/users\/3"}],"replies":[{"embeddable":true,"href":"http:\/\/enteculturalsantafesino.com.ar\/usina3\/wp-json\/wp\/v2\/comments?post=10928"}],"version-history":[{"count":1,"href":"http:\/\/enteculturalsantafesino.com.ar\/usina3\/wp-json\/wp\/v2\/posts\/10928\/revisions"}],"predecessor-version":[{"id":10936,"href":"http:\/\/enteculturalsantafesino.com.ar\/usina3\/wp-json\/wp\/v2\/posts\/10928\/revisions\/10936"}],"wp:featuredmedia":[{"embeddable":true,"href":"http:\/\/enteculturalsantafesino.com.ar\/usina3\/wp-json\/wp\/v2\/media\/10931"}],"wp:attachment":[{"href":"http:\/\/enteculturalsantafesino.com.ar\/usina3\/wp-json\/wp\/v2\/media?parent=10928"}],"wp:term":[{"taxonomy":"category","embeddable":true,"href":"http:\/\/enteculturalsantafesino.com.ar\/usina3\/wp-json\/wp\/v2\/categories?post=10928"},{"taxonomy":"post_tag","embeddable":true,"href":"http:\/\/enteculturalsantafesino.com.ar\/usina3\/wp-json\/wp\/v2\/tags?post=10928"}],"curies":[{"name":"wp","href":"https:\/\/api.w.org\/{rel}","templated":true}]}}