{"id":11350,"date":"2017-06-05T22:16:21","date_gmt":"2017-06-05T22:16:21","guid":{"rendered":"http:\/\/enteculturalsantafesino.com.ar\/usina3\/?p=11350"},"modified":"2017-06-06T15:01:00","modified_gmt":"2017-06-06T15:01:00","slug":"la-compania-nacional-de-danza-contemporanea-llega-al-interior-santafesino","status":"publish","type":"post","link":"http:\/\/enteculturalsantafesino.com.ar\/usina3\/2017\/06\/la-compania-nacional-de-danza-contemporanea-llega-al-interior-santafesino\/","title":{"rendered":"La \u00abCompa\u00f1\u00eda Nacional de Danza Contempor\u00e1nea\u00bb llega al interior santafesino"},"content":{"rendered":"<blockquote><p><strong>Un nuevo elenco nacional se presenta en comunidades santafesinas<\/strong><\/p><\/blockquote>\n<p>A trav\u00e9s de las gestiones llevadas a cabo\u00a0ante el\u00a0<strong>Ministerio de Cultura de la\u00a0<\/strong><b>Naci\u00f3n<\/b>\u00a0por el\u00a0<strong>Ente Cultural Santafesino<\/strong>\u00a0y la <strong>Diputada\u00a0Provincial\u00a0<\/strong><strong>Claudia Giaccone,<\/strong> \u00a0el prestigioso elenco nacional llega con una maravillosa propuesta art\u00edstica y capacitaciones a las comunidades de: <strong>Casilda,<\/strong> <strong>Villa Mugueta, Acebal <\/strong>e<strong> Ybarlucea<br \/>\n<\/strong><\/p>\n<p>Con el fin de compartir y seguir potenciando el esp\u00edritu cooperativo y federal del <strong>Ente Cultural Santafesino<\/strong>, <strong>la Compa\u00f1ia Nacional de Danza Contempor\u00e1nea <\/strong>llevar\u00e1 a cabo una gira desde el<strong> lunes 12 al jueves 15 de junio <\/strong>en las siguientes localidades:<\/p>\n<p><strong>Martes 13 de junio a las 21.30.<\/strong> Sociedad Espa\u00f1ola. Independencia al 100, Villa Mugueta<\/p>\n<p><strong>Jueves 15 de junio a las 21.30.<\/strong> Biblioteca Julio Mignio. San Martin 1078, Ibarlucea.<\/p>\n<p>Funci\u00f3n de la Compa\u00f1\u00eda Nacional de Danza Contempor\u00e1nea donde interpretar\u00e1 sus reconocidos trabajos coreogr\u00e1ficos \u00ab8 pies\u00bb y \u00abTensi\u00f3n Espacial\u00bb.<\/p>\n<p><strong>Capacitaciones:<\/strong><\/p>\n<p><strong>Lunes 12 de 17 a 19.<\/strong> Teatro Municipal Dante Alighieri-Espa\u00f1a 1910 (Casilda).<\/p>\n<p><strong>Mi\u00e9rcoles 14 de junio de 11 a 13, de 14 a 16 y de 17 a 19.<\/strong> Sociedad Italiana Direcci\u00f3n: Azurmendi 345 &#8211; (Acebal)<\/p>\n<p><strong>Jueves 15 de junio de 10 a 12 y de 13 a 15.<\/strong> Biblioteca Julio Mignio, San Mart\u00edn 1078 (Ibarlucea).<\/p>\n<p><strong>La Compa\u00f1\u00eda Nacional de Danza Contempor\u00e1nea, en el marco de la gira por la provincia de Santa Fe, ofrecer\u00e1 una serie de seminarios de perfeccionamiento en danza a cargo de sus integrantes, entre ellos la directora, Margarita Fern\u00e1ndez.<\/strong><\/p>\n<p><em>Creada en sus inicios con los nombres de \u201cNuevos Rumbos\u201d y posteriormente como \u201cCompa\u00f1\u00eda Nacional de Danza Contempor\u00e1nea Cultura Naci\u00f3n\u201d, la misma se fund\u00f3 con el objetivo de promover la inclusi\u00f3n de la danza contempor\u00e1nea en la sociedad, y para darle la oportunidad a la sociedad contempor\u00e1nea argentina de expresarse, conmoverse y verse representada (con sus problem\u00e1ticas, sus historias, sus diversas voces y visiones) a trav\u00e9s de este arte. Propagando, adem\u00e1s, los valores esenciales de comunicaci\u00f3n, democracia, unidad, respeto, tolerancia, sociabilidad, trabajo colectivo, responsabilidad, participaci\u00f3n y libertad de expresi\u00f3n.<\/em><\/p>\n<p><em>La entonces Secretar\u00eda de Cultura de Presidencia de la Naci\u00f3n Argentina, observando la trayectoria art\u00edstica individual de los bailarines y su desempe\u00f1o grupal, valorando los resultados obtenidos y destacando los objetivos iniciales que como grupo humano tuvieron, decidi\u00f3 contratar a seis de esos artistas (Victoria Hidalgo, Bettina Quint\u00e1, Wanda Ram\u00edrez, Ernesto Chac\u00f3n Oribe, Pablo Fermani y Jack Syzard) para integrar y definirse con el nombre definitivo de \u201cCompa\u00f1\u00eda Nacional de Danza Contempor\u00e1nea\u201d, hecho realmente auspicioso para la danza argentina.<\/em><\/p>\n<p><em>Este grupo inicial permiti\u00f3 superar las urgencias culturales m\u00e1s inmediatas mientras se trabajaba, se instrumentaba y planificaba los objetivos a largo plazo.<\/em><\/p>\n<p><em>La Compa\u00f1\u00eda Nacional de Danza Contempor\u00e1nea cuenta y contar\u00e1 con un repertorio propio creado por core\u00f3grafos nacionales y por los mismos integrantes, reflejando la realidad y cubriendo las necesidades culturales del \u201caqu\u00ed y ahora\u201d. Ofreciendo un producto a la sociedad y, al mismo tiempo, escuchando lo que la sociedad pide. Innovando en las formas de expresar nuestra identidad nacional contempor\u00e1nea y convirti\u00e9ndose en custodio de las distintas corrientes creativas de la Argentina.<\/em><\/p>\n","protected":false},"excerpt":{"rendered":"<p>Un nuevo elenco nacional se presenta en comunidades santafesinas A trav\u00e9s de las gestiones llevadas a cabo\u00a0ante [&hellip;]<\/p>\n","protected":false},"author":3,"featured_media":11351,"comment_status":"open","ping_status":"open","sticky":false,"template":"","format":"standard","meta":{"_jetpack_memberships_contains_paid_content":false,"footnotes":"","jetpack_publicize_message":"","jetpack_publicize_feature_enabled":true,"jetpack_social_post_already_shared":true,"jetpack_social_options":{"image_generator_settings":{"template":"highway","enabled":false}}},"categories":[14,4,27],"tags":[],"jetpack_publicize_connections":[],"jetpack_featured_media_url":"http:\/\/enteculturalsantafesino.com.ar\/usina3\/wp-content\/uploads\/2017\/06\/COMPA\u00d1IA-DE-DANZA-CONTEMPORANEA-2-BIS.jpg","jetpack_sharing_enabled":true,"_links":{"self":[{"href":"http:\/\/enteculturalsantafesino.com.ar\/usina3\/wp-json\/wp\/v2\/posts\/11350"}],"collection":[{"href":"http:\/\/enteculturalsantafesino.com.ar\/usina3\/wp-json\/wp\/v2\/posts"}],"about":[{"href":"http:\/\/enteculturalsantafesino.com.ar\/usina3\/wp-json\/wp\/v2\/types\/post"}],"author":[{"embeddable":true,"href":"http:\/\/enteculturalsantafesino.com.ar\/usina3\/wp-json\/wp\/v2\/users\/3"}],"replies":[{"embeddable":true,"href":"http:\/\/enteculturalsantafesino.com.ar\/usina3\/wp-json\/wp\/v2\/comments?post=11350"}],"version-history":[{"count":4,"href":"http:\/\/enteculturalsantafesino.com.ar\/usina3\/wp-json\/wp\/v2\/posts\/11350\/revisions"}],"predecessor-version":[{"id":11355,"href":"http:\/\/enteculturalsantafesino.com.ar\/usina3\/wp-json\/wp\/v2\/posts\/11350\/revisions\/11355"}],"wp:featuredmedia":[{"embeddable":true,"href":"http:\/\/enteculturalsantafesino.com.ar\/usina3\/wp-json\/wp\/v2\/media\/11351"}],"wp:attachment":[{"href":"http:\/\/enteculturalsantafesino.com.ar\/usina3\/wp-json\/wp\/v2\/media?parent=11350"}],"wp:term":[{"taxonomy":"category","embeddable":true,"href":"http:\/\/enteculturalsantafesino.com.ar\/usina3\/wp-json\/wp\/v2\/categories?post=11350"},{"taxonomy":"post_tag","embeddable":true,"href":"http:\/\/enteculturalsantafesino.com.ar\/usina3\/wp-json\/wp\/v2\/tags?post=11350"}],"curies":[{"name":"wp","href":"https:\/\/api.w.org\/{rel}","templated":true}]}}