{"id":11356,"date":"2017-06-08T16:49:48","date_gmt":"2017-06-08T16:49:48","guid":{"rendered":"http:\/\/enteculturalsantafesino.com.ar\/usina3\/?p=11356"},"modified":"2017-06-08T16:49:48","modified_gmt":"2017-06-08T16:49:48","slug":"importante-reunion-en-juncal-de-las-comunidades-pertenecientes-a-la-usina-iii-sur","status":"publish","type":"post","link":"http:\/\/enteculturalsantafesino.com.ar\/usina3\/2017\/06\/importante-reunion-en-juncal-de-las-comunidades-pertenecientes-a-la-usina-iii-sur\/","title":{"rendered":"Importante reuni\u00f3n en Juncal de las comunidades pertenecientes a la Usina III (sur)"},"content":{"rendered":"<p>Durante la jornada del <strong>mi\u00e9rcoles 7 <\/strong>en la comunidad de <strong>Juncal <\/strong>se llev\u00f3 a cabo una nueva reuni\u00f3n de la <strong>Usina Cultural III<\/strong> <strong>(sur)<\/strong> con motivo de continuar con el proceso de desarrollo de los distintos programas a llevarse a cabo durante el corriente a\u00f1o.<\/p>\n<p>El <strong>Director de la Usina Lic. Leonardo Carrozza<\/strong> coordin\u00f3 el encuentro en el cual participaron los<strong> Secretarios de Cultura de las comunidades de:\u00a0 Juncal, Carreras, Wheelwright, Hughes y Maximo Paz<\/strong><\/p>\n<p>En la reuni\u00f3n se informo sobre la nueva adhesi\u00f3n de la comunidad de Villada y avanz\u00f3 en la concreci\u00f3n de los programas \u00abForma y Color\u00bb y \u00abCoolTURA\u00bb.<\/p>\n<p><strong>Carrozza <\/strong>destac\u00f3 la favorable participaci\u00f3n de todas la comunidades de su Usina, se\u00f1alando que ya avanzan en la organizaci\u00f3n de las instancias locales y regionales del <em>\u201cTorneo provincial de Bolitas\u201d <\/em>y del resto de los programas como:<em> \u201cCooltura\u201d, \u201cDe Pueblo en Pueblo\u201d, \u00abFrancotrinadores\u00bb, \u00abHistorias de Poetas Santafesinos\u00bb, \u201cClave de Cuento\u201d, \u201cCompartiendo Cultura\u00bb y \u00abOjos de Santa Fe\u00bb<br \/>\n<\/em><\/p>\n<p>La<strong> Usina III<\/strong> <strong>(sur)<\/strong> se encuentra integarda por: <em>Ca\u00f1ada del Ucle<\/em><br \/>\n<em>Mar\u00eda Teresa, Carreras, Wheelwright, G\u00f6deken, Labordeboy, <\/em><br \/>\n<em>Hughes, Los Quirquinchos, Maximo Paz, Juncal y Villada.<\/em><\/p>\n<p><strong>El ECS es un organismo cultural que promueve las pol\u00edticas culturales de las comunidades de la provincia de Santa Fe, que posibilita la interacci\u00f3n activa de los distintos organismos culturales de cada comunidad participante, logrando acuerdos y pol\u00edticas que reflejen una mayor y mejor jerarquizaci\u00f3n en las gestiones culturales.<\/strong><\/p>\n","protected":false},"excerpt":{"rendered":"<p>Durante la jornada del mi\u00e9rcoles 7 en la comunidad de Juncal se llev\u00f3 a cabo una nueva [&hellip;]<\/p>\n","protected":false},"author":3,"featured_media":11357,"comment_status":"open","ping_status":"open","sticky":false,"template":"","format":"standard","meta":{"_jetpack_memberships_contains_paid_content":false,"footnotes":"","jetpack_publicize_message":"","jetpack_publicize_feature_enabled":true,"jetpack_social_post_already_shared":true,"jetpack_social_options":{"image_generator_settings":{"template":"highway","enabled":false}}},"categories":[33],"tags":[],"jetpack_publicize_connections":[],"jetpack_featured_media_url":"http:\/\/enteculturalsantafesino.com.ar\/usina3\/wp-content\/uploads\/2017\/06\/18985548_426893231030155_37953395_n.jpg","jetpack_sharing_enabled":true,"_links":{"self":[{"href":"http:\/\/enteculturalsantafesino.com.ar\/usina3\/wp-json\/wp\/v2\/posts\/11356"}],"collection":[{"href":"http:\/\/enteculturalsantafesino.com.ar\/usina3\/wp-json\/wp\/v2\/posts"}],"about":[{"href":"http:\/\/enteculturalsantafesino.com.ar\/usina3\/wp-json\/wp\/v2\/types\/post"}],"author":[{"embeddable":true,"href":"http:\/\/enteculturalsantafesino.com.ar\/usina3\/wp-json\/wp\/v2\/users\/3"}],"replies":[{"embeddable":true,"href":"http:\/\/enteculturalsantafesino.com.ar\/usina3\/wp-json\/wp\/v2\/comments?post=11356"}],"version-history":[{"count":1,"href":"http:\/\/enteculturalsantafesino.com.ar\/usina3\/wp-json\/wp\/v2\/posts\/11356\/revisions"}],"predecessor-version":[{"id":11358,"href":"http:\/\/enteculturalsantafesino.com.ar\/usina3\/wp-json\/wp\/v2\/posts\/11356\/revisions\/11358"}],"wp:featuredmedia":[{"embeddable":true,"href":"http:\/\/enteculturalsantafesino.com.ar\/usina3\/wp-json\/wp\/v2\/media\/11357"}],"wp:attachment":[{"href":"http:\/\/enteculturalsantafesino.com.ar\/usina3\/wp-json\/wp\/v2\/media?parent=11356"}],"wp:term":[{"taxonomy":"category","embeddable":true,"href":"http:\/\/enteculturalsantafesino.com.ar\/usina3\/wp-json\/wp\/v2\/categories?post=11356"},{"taxonomy":"post_tag","embeddable":true,"href":"http:\/\/enteculturalsantafesino.com.ar\/usina3\/wp-json\/wp\/v2\/tags?post=11356"}],"curies":[{"name":"wp","href":"https:\/\/api.w.org\/{rel}","templated":true}]}}