{"id":11366,"date":"2017-06-09T19:24:36","date_gmt":"2017-06-09T19:24:36","guid":{"rendered":"http:\/\/enteculturalsantafesino.com.ar\/usina3\/?p=11366"},"modified":"2017-06-09T19:24:36","modified_gmt":"2017-06-09T19:24:36","slug":"la-localidad-de-villada-adhirio-al-ente-cultural-santafesino","status":"publish","type":"post","link":"http:\/\/enteculturalsantafesino.com.ar\/usina3\/2017\/06\/la-localidad-de-villada-adhirio-al-ente-cultural-santafesino\/","title":{"rendered":"La localidad de Villada adhiri\u00f3 al Ente Cultural Santafesino"},"content":{"rendered":"<p>El <strong>Presidente de la Sociedad Espa\u00f1ola Sr Gabriel Gesse<\/strong><strong>, <\/strong>mediante nota de\u00a0solicitud\u00a0fundamentan la incorporaci\u00f3n de la localidad de<strong> Villada<i>,<\/i><a href=\"http:\/\/www.facebook.com\/comuna.deramona.5#!\/ComunaDeRamona?fref=ts\">\u00a0<\/a><\/strong>comprometi\u00e9ndose junto al resto de los integrantes de la<strong> Usina III<\/strong> a cumplir con los quehaceres culturales, imbuidos en el precepto de \u201centramado regional, pluralista y democr\u00e1tico\u201d.<\/p>\n<p>Motivo por lo cual el <strong>Ente Cultural Santafesino<\/strong> ha aceptado la solicitud convirti\u00e9ndose en un nuevo adherente, con la finalidad de generar los espacios de promoci\u00f3n y difusi\u00f3n desde la tarea de \u201cregionalizaci\u00f3n\u201d a trav\u00e9s del desarrollo productivo y cultural de nuestras comunidades santafesinas.<\/p>\n<p><strong>Villada:<\/strong> Se ubica sobre el km 700 de la Ruta Nacional 33, a 12 km de Firmat, a 43 km de Casilda (Cabecera Departamental) y a 95 km de Rosario.<\/p>\n<p>El Ferrocarril Oeste Santafesino fue determinante en el desarrollo de la regi\u00f3n donde se sit\u00faa Villada. En el a\u00f1o 1888 se habilit\u00f3 el tercer ramal que llegaba hasta Melincu\u00e9, fue justamente el 19 de agosto de 1888, cuando se realiz\u00f3 el viaje inaugural del tren. De esta forma qued\u00f3 habilitada por primera vez la estaci\u00f3n del ferrocarril, con el nombre de Villada.<\/p>\n<p>Es por eso que hoy se toma ese d\u00eda como la fecha de fundaci\u00f3n del pueblo Villada.<\/p>\n","protected":false},"excerpt":{"rendered":"<p>El Presidente de la Sociedad Espa\u00f1ola Sr Gabriel Gesse, mediante nota de\u00a0solicitud\u00a0fundamentan la incorporaci\u00f3n de la localidad [&hellip;]<\/p>\n","protected":false},"author":3,"featured_media":11367,"comment_status":"open","ping_status":"open","sticky":false,"template":"","format":"standard","meta":{"_jetpack_memberships_contains_paid_content":false,"footnotes":"","jetpack_publicize_message":"","jetpack_publicize_feature_enabled":true,"jetpack_social_post_already_shared":true,"jetpack_social_options":{"image_generator_settings":{"template":"highway","enabled":false}}},"categories":[34],"tags":[],"jetpack_publicize_connections":[],"jetpack_featured_media_url":"http:\/\/enteculturalsantafesino.com.ar\/usina3\/wp-content\/uploads\/2017\/06\/VILLADA.jpg","jetpack_sharing_enabled":true,"_links":{"self":[{"href":"http:\/\/enteculturalsantafesino.com.ar\/usina3\/wp-json\/wp\/v2\/posts\/11366"}],"collection":[{"href":"http:\/\/enteculturalsantafesino.com.ar\/usina3\/wp-json\/wp\/v2\/posts"}],"about":[{"href":"http:\/\/enteculturalsantafesino.com.ar\/usina3\/wp-json\/wp\/v2\/types\/post"}],"author":[{"embeddable":true,"href":"http:\/\/enteculturalsantafesino.com.ar\/usina3\/wp-json\/wp\/v2\/users\/3"}],"replies":[{"embeddable":true,"href":"http:\/\/enteculturalsantafesino.com.ar\/usina3\/wp-json\/wp\/v2\/comments?post=11366"}],"version-history":[{"count":1,"href":"http:\/\/enteculturalsantafesino.com.ar\/usina3\/wp-json\/wp\/v2\/posts\/11366\/revisions"}],"predecessor-version":[{"id":11368,"href":"http:\/\/enteculturalsantafesino.com.ar\/usina3\/wp-json\/wp\/v2\/posts\/11366\/revisions\/11368"}],"wp:featuredmedia":[{"embeddable":true,"href":"http:\/\/enteculturalsantafesino.com.ar\/usina3\/wp-json\/wp\/v2\/media\/11367"}],"wp:attachment":[{"href":"http:\/\/enteculturalsantafesino.com.ar\/usina3\/wp-json\/wp\/v2\/media?parent=11366"}],"wp:term":[{"taxonomy":"category","embeddable":true,"href":"http:\/\/enteculturalsantafesino.com.ar\/usina3\/wp-json\/wp\/v2\/categories?post=11366"},{"taxonomy":"post_tag","embeddable":true,"href":"http:\/\/enteculturalsantafesino.com.ar\/usina3\/wp-json\/wp\/v2\/tags?post=11366"}],"curies":[{"name":"wp","href":"https:\/\/api.w.org\/{rel}","templated":true}]}}