{"id":11384,"date":"2017-06-14T15:05:39","date_gmt":"2017-06-14T15:05:39","guid":{"rendered":"http:\/\/enteculturalsantafesino.com.ar\/usina3\/?p=11384"},"modified":"2017-06-14T15:05:39","modified_gmt":"2017-06-14T15:05:39","slug":"en-villa-mugueta-se-vivio-una-imponente-funcion-de-la-cia-nacional-de-danza-contemporanea","status":"publish","type":"post","link":"http:\/\/enteculturalsantafesino.com.ar\/usina3\/2017\/06\/en-villa-mugueta-se-vivio-una-imponente-funcion-de-la-cia-nacional-de-danza-contemporanea\/","title":{"rendered":"En Villa Mugueta se vivi\u00f3 una imponente funci\u00f3n de la C\u00eda Nacional de Danza Contempor\u00e1nea"},"content":{"rendered":"\n\t\t<style type=\"text\/css\">\n\t\t\t#gallery-1 {\n\t\t\t\tmargin: auto;\n\t\t\t}\n\t\t\t#gallery-1 .gallery-item {\n\t\t\t\tfloat: left;\n\t\t\t\tmargin-top: 10px;\n\t\t\t\ttext-align: center;\n\t\t\t\twidth: 25%;\n\t\t\t}\n\t\t\t#gallery-1 img {\n\t\t\t\tborder: 2px solid #cfcfcf;\n\t\t\t}\n\t\t\t#gallery-1 .gallery-caption {\n\t\t\t\tmargin-left: 0;\n\t\t\t}\n\t\t\t\/* see gallery_shortcode() in wp-includes\/media.php *\/\n\t\t<\/style>\n\t\t<div id='gallery-1' class='gallery galleryid-11384 gallery-columns-4 gallery-size-thumbnail'><dl class='gallery-item'>\n\t\t\t<dt class='gallery-icon landscape'>\n\t\t\t\t<a href='http:\/\/enteculturalsantafesino.com.ar\/usina3\/2017\/06\/en-villa-mugueta-se-vivio-una-imponente-funcion-de-la-cia-nacional-de-danza-contemporanea\/img_5260\/'><img loading=\"lazy\" decoding=\"async\" width=\"150\" height=\"150\" src=\"http:\/\/enteculturalsantafesino.com.ar\/usina3\/wp-content\/uploads\/2017\/06\/IMG_5260-150x150.jpg\" class=\"attachment-thumbnail size-thumbnail\" alt=\"\" srcset=\"http:\/\/enteculturalsantafesino.com.ar\/usina3\/wp-content\/uploads\/2017\/06\/IMG_5260-150x150.jpg 150w, http:\/\/enteculturalsantafesino.com.ar\/usina3\/wp-content\/uploads\/2017\/06\/IMG_5260-53x53.jpg 53w\" sizes=\"(max-width: 150px) 100vw, 150px\" \/><\/a>\n\t\t\t<\/dt><\/dl><dl class='gallery-item'>\n\t\t\t<dt class='gallery-icon landscape'>\n\t\t\t\t<a href='http:\/\/enteculturalsantafesino.com.ar\/usina3\/2017\/06\/en-villa-mugueta-se-vivio-una-imponente-funcion-de-la-cia-nacional-de-danza-contemporanea\/img_5176\/'><img loading=\"lazy\" decoding=\"async\" width=\"150\" height=\"150\" src=\"http:\/\/enteculturalsantafesino.com.ar\/usina3\/wp-content\/uploads\/2017\/06\/IMG_5176-150x150.jpg\" class=\"attachment-thumbnail size-thumbnail\" alt=\"\" srcset=\"http:\/\/enteculturalsantafesino.com.ar\/usina3\/wp-content\/uploads\/2017\/06\/IMG_5176-150x150.jpg 150w, http:\/\/enteculturalsantafesino.com.ar\/usina3\/wp-content\/uploads\/2017\/06\/IMG_5176-53x53.jpg 53w\" sizes=\"(max-width: 150px) 100vw, 150px\" \/><\/a>\n\t\t\t<\/dt><\/dl><dl class='gallery-item'>\n\t\t\t<dt class='gallery-icon landscape'>\n\t\t\t\t<a href='http:\/\/enteculturalsantafesino.com.ar\/usina3\/2017\/06\/en-villa-mugueta-se-vivio-una-imponente-funcion-de-la-cia-nacional-de-danza-contemporanea\/img_5124\/'><img loading=\"lazy\" decoding=\"async\" width=\"150\" height=\"150\" src=\"http:\/\/enteculturalsantafesino.com.ar\/usina3\/wp-content\/uploads\/2017\/06\/IMG_5124-150x150.jpg\" class=\"attachment-thumbnail size-thumbnail\" alt=\"\" srcset=\"http:\/\/enteculturalsantafesino.com.ar\/usina3\/wp-content\/uploads\/2017\/06\/IMG_5124-150x150.jpg 150w, http:\/\/enteculturalsantafesino.com.ar\/usina3\/wp-content\/uploads\/2017\/06\/IMG_5124-53x53.jpg 53w\" sizes=\"(max-width: 150px) 100vw, 150px\" \/><\/a>\n\t\t\t<\/dt><\/dl><dl class='gallery-item'>\n\t\t\t<dt class='gallery-icon landscape'>\n\t\t\t\t<a href='http:\/\/enteculturalsantafesino.com.ar\/usina3\/2017\/06\/en-villa-mugueta-se-vivio-una-imponente-funcion-de-la-cia-nacional-de-danza-contemporanea\/img_5147\/'><img loading=\"lazy\" decoding=\"async\" width=\"150\" height=\"150\" src=\"http:\/\/enteculturalsantafesino.com.ar\/usina3\/wp-content\/uploads\/2017\/06\/IMG_5147-150x150.jpg\" class=\"attachment-thumbnail size-thumbnail\" alt=\"\" srcset=\"http:\/\/enteculturalsantafesino.com.ar\/usina3\/wp-content\/uploads\/2017\/06\/IMG_5147-150x150.jpg 150w, http:\/\/enteculturalsantafesino.com.ar\/usina3\/wp-content\/uploads\/2017\/06\/IMG_5147-53x53.jpg 53w\" sizes=\"(max-width: 150px) 100vw, 150px\" \/><\/a>\n\t\t\t<\/dt><\/dl><br style=\"clear: both\" \/><dl class='gallery-item'>\n\t\t\t<dt class='gallery-icon landscape'>\n\t\t\t\t<a href='http:\/\/enteculturalsantafesino.com.ar\/usina3\/2017\/06\/en-villa-mugueta-se-vivio-una-imponente-funcion-de-la-cia-nacional-de-danza-contemporanea\/img_5215\/'><img loading=\"lazy\" decoding=\"async\" width=\"150\" height=\"150\" src=\"http:\/\/enteculturalsantafesino.com.ar\/usina3\/wp-content\/uploads\/2017\/06\/IMG_5215-150x150.jpg\" class=\"attachment-thumbnail size-thumbnail\" alt=\"\" srcset=\"http:\/\/enteculturalsantafesino.com.ar\/usina3\/wp-content\/uploads\/2017\/06\/IMG_5215-150x150.jpg 150w, http:\/\/enteculturalsantafesino.com.ar\/usina3\/wp-content\/uploads\/2017\/06\/IMG_5215-53x53.jpg 53w\" sizes=\"(max-width: 150px) 100vw, 150px\" \/><\/a>\n\t\t\t<\/dt><\/dl><dl class='gallery-item'>\n\t\t\t<dt class='gallery-icon landscape'>\n\t\t\t\t<a href='http:\/\/enteculturalsantafesino.com.ar\/usina3\/2017\/06\/en-villa-mugueta-se-vivio-una-imponente-funcion-de-la-cia-nacional-de-danza-contemporanea\/img_5246\/'><img loading=\"lazy\" decoding=\"async\" width=\"150\" height=\"150\" src=\"http:\/\/enteculturalsantafesino.com.ar\/usina3\/wp-content\/uploads\/2017\/06\/IMG_5246-150x150.jpg\" class=\"attachment-thumbnail size-thumbnail\" alt=\"\" srcset=\"http:\/\/enteculturalsantafesino.com.ar\/usina3\/wp-content\/uploads\/2017\/06\/IMG_5246-150x150.jpg 150w, http:\/\/enteculturalsantafesino.com.ar\/usina3\/wp-content\/uploads\/2017\/06\/IMG_5246-53x53.jpg 53w\" sizes=\"(max-width: 150px) 100vw, 150px\" \/><\/a>\n\t\t\t<\/dt><\/dl><dl class='gallery-item'>\n\t\t\t<dt class='gallery-icon landscape'>\n\t\t\t\t<a href='http:\/\/enteculturalsantafesino.com.ar\/usina3\/2017\/06\/en-villa-mugueta-se-vivio-una-imponente-funcion-de-la-cia-nacional-de-danza-contemporanea\/img_5245\/'><img loading=\"lazy\" decoding=\"async\" width=\"150\" height=\"150\" src=\"http:\/\/enteculturalsantafesino.com.ar\/usina3\/wp-content\/uploads\/2017\/06\/IMG_5245-150x150.jpg\" class=\"attachment-thumbnail size-thumbnail\" alt=\"\" srcset=\"http:\/\/enteculturalsantafesino.com.ar\/usina3\/wp-content\/uploads\/2017\/06\/IMG_5245-150x150.jpg 150w, http:\/\/enteculturalsantafesino.com.ar\/usina3\/wp-content\/uploads\/2017\/06\/IMG_5245-53x53.jpg 53w\" sizes=\"(max-width: 150px) 100vw, 150px\" \/><\/a>\n\t\t\t<\/dt><\/dl><dl class='gallery-item'>\n\t\t\t<dt class='gallery-icon landscape'>\n\t\t\t\t<a href='http:\/\/enteculturalsantafesino.com.ar\/usina3\/2017\/06\/en-villa-mugueta-se-vivio-una-imponente-funcion-de-la-cia-nacional-de-danza-contemporanea\/img_5284\/'><img loading=\"lazy\" decoding=\"async\" width=\"150\" height=\"150\" src=\"http:\/\/enteculturalsantafesino.com.ar\/usina3\/wp-content\/uploads\/2017\/06\/IMG_5284-150x150.jpg\" class=\"attachment-thumbnail size-thumbnail\" alt=\"\" srcset=\"http:\/\/enteculturalsantafesino.com.ar\/usina3\/wp-content\/uploads\/2017\/06\/IMG_5284-150x150.jpg 150w, http:\/\/enteculturalsantafesino.com.ar\/usina3\/wp-content\/uploads\/2017\/06\/IMG_5284-53x53.jpg 53w\" sizes=\"(max-width: 150px) 100vw, 150px\" \/><\/a>\n\t\t\t<\/dt><\/dl><br style=\"clear: both\" \/>\n\t\t<\/div>\n\n<p>La noche del <strong>viernes 15<\/strong> en la comunidad perteneciente al departamento San Lorenzo quedar\u00e1 marcada en la historia y en la memoria de las nuevas generaciones. El elenco nacional perteneciente al Ministerio de Cultura de la Naci\u00f3n dirigido por la <strong>Prof. Margarita Fern\u00e1ndez<\/strong> se present\u00f3 desde las 21:30hs en las instalaciones de la restaurada e imponente<strong> Sociedad Espa\u00f1ola<\/strong>, permitiendo que toda una regi\u00f3n pueda disfrutar de estos eximios bailarines que forman parte de nuestra \u201ccultura nacional\u201d con las obras \u201c8 pies\u201d y \u201cTensi\u00f3n Espacial\u201d .<\/p>\n<p>Del evento participaron la <strong>Presidente Comunal Prof. Maria Laura Mossi, la Diputada Provincial Claudia Giaccone, la responsable de cultura local Prof. Alicia Palma, el Presidente Comunal de Acebal Sr. Daniel Siliano, el vice presidente comunal de Fuentes Sr. Hernando Molinos, el Director de la Usina III (norte) Prof. Franco Pietrani<\/strong>, autoridades comunales, intermedias y p\u00fablico en general.<\/p>\n<p>La <strong>Presidente Comunal Prof.Maria Laura Mossi<\/strong> agradeci\u00f3 a la Diputada Provincial Claudia Giaccone y al Ente Cultural Santafesino por permitir que llegue a Villa Mugueta esta propuesta cultural. \u201c<em>Hoy quiero agradecer a mi comunidad por responder a este nuevo desaf\u00edo y acompa\u00f1arnos en cada acci\u00f3n comunal\u201d<\/em><\/p>\n<p>La <strong>Diputada Claudia Giaccone<\/strong> agradeci\u00f3 a todo el equipo comunal y destac\u00f3 el gran desaf\u00edo de que los distintos elencos nacionales lleguen a comunidades del interior santafesino. <em>\u201cHoy sentimos mucha emoci\u00f3n y satisfacci\u00f3n por generar desde el Ente Cultural Santafesino estos espacios de accesibilidad democr\u00e1tica los cuales son derechos logrados por cada habitante de este suelo\u201d<\/em><\/p>\n<p>El p\u00fablico disfruto de un espect\u00e1culo de primer nivel, reconociendo con aplausos y de pie una innovadora propuesta que lleg\u00f3 un a\u00f1o m\u00e1s al interior de la provincia de Santa Fe.<\/p>\n<p><strong>La gira santafesina contin\u00faa hoy con seminarios en la comunidad de Acebal, finalizando en Ybarlucea el pr\u00f3ximo jueves 15.<\/strong><\/p>\n","protected":false},"excerpt":{"rendered":"<p>La noche del viernes 15 en la comunidad perteneciente al departamento San Lorenzo quedar\u00e1 marcada en la [&hellip;]<\/p>\n","protected":false},"author":3,"featured_media":11385,"comment_status":"open","ping_status":"open","sticky":false,"template":"","format":"standard","meta":{"_jetpack_memberships_contains_paid_content":false,"footnotes":"","jetpack_publicize_message":"","jetpack_publicize_feature_enabled":true,"jetpack_social_post_already_shared":true,"jetpack_social_options":{"image_generator_settings":{"template":"highway","enabled":false}}},"categories":[4,27],"tags":[],"jetpack_publicize_connections":[],"jetpack_featured_media_url":"http:\/\/enteculturalsantafesino.com.ar\/usina3\/wp-content\/uploads\/2017\/06\/IMG_5260.jpg","jetpack_sharing_enabled":true,"_links":{"self":[{"href":"http:\/\/enteculturalsantafesino.com.ar\/usina3\/wp-json\/wp\/v2\/posts\/11384"}],"collection":[{"href":"http:\/\/enteculturalsantafesino.com.ar\/usina3\/wp-json\/wp\/v2\/posts"}],"about":[{"href":"http:\/\/enteculturalsantafesino.com.ar\/usina3\/wp-json\/wp\/v2\/types\/post"}],"author":[{"embeddable":true,"href":"http:\/\/enteculturalsantafesino.com.ar\/usina3\/wp-json\/wp\/v2\/users\/3"}],"replies":[{"embeddable":true,"href":"http:\/\/enteculturalsantafesino.com.ar\/usina3\/wp-json\/wp\/v2\/comments?post=11384"}],"version-history":[{"count":1,"href":"http:\/\/enteculturalsantafesino.com.ar\/usina3\/wp-json\/wp\/v2\/posts\/11384\/revisions"}],"predecessor-version":[{"id":11393,"href":"http:\/\/enteculturalsantafesino.com.ar\/usina3\/wp-json\/wp\/v2\/posts\/11384\/revisions\/11393"}],"wp:featuredmedia":[{"embeddable":true,"href":"http:\/\/enteculturalsantafesino.com.ar\/usina3\/wp-json\/wp\/v2\/media\/11385"}],"wp:attachment":[{"href":"http:\/\/enteculturalsantafesino.com.ar\/usina3\/wp-json\/wp\/v2\/media?parent=11384"}],"wp:term":[{"taxonomy":"category","embeddable":true,"href":"http:\/\/enteculturalsantafesino.com.ar\/usina3\/wp-json\/wp\/v2\/categories?post=11384"},{"taxonomy":"post_tag","embeddable":true,"href":"http:\/\/enteculturalsantafesino.com.ar\/usina3\/wp-json\/wp\/v2\/tags?post=11384"}],"curies":[{"name":"wp","href":"https:\/\/api.w.org\/{rel}","templated":true}]}}